{"id":72718,"date":"2018-08-21T19:04:55","date_gmt":"2018-08-21T17:04:55","guid":{"rendered":"http:\/\/www.tucomarca.com\/wordpress\/segunda\/?p=72718"},"modified":"2018-08-21T19:04:55","modified_gmt":"2018-08-21T17:04:55","slug":"la-diputacion-de-valencia-aportara-13-millones-de-euros-al-plan-del-consell-contra-la-despoblacion","status":"publish","type":"post","link":"https:\/\/www.tucomarca.com\/wordpress\/segunda\/la-diputacion-de-valencia-aportara-13-millones-de-euros-al-plan-del-consell-contra-la-despoblacion\/","title":{"rendered":"La Diputaci\u00f3n de Valencia aportar\u00e1 1,3 millones de euros al plan del Consell contra la despoblaci\u00f3n"},"content":{"rendered":"<figure id=\"attachment_72719\" aria-describedby=\"caption-attachment-72719\" style=\"width: 570px\" class=\"wp-caption alignleft\"><img loading=\"lazy\" decoding=\"async\" class=\" wp-image-72719\" src=\"https:\/\/www.tucomarca.com\/wordpress\/segunda\/wp-content\/uploads\/2018\/08\/plan-despoblaci\u00f3n.jpg\" alt=\"La Diputaci\u00f3n de Valencia destinar\u00e1 1.363.000 de euros al plan de ayudas directas a los municipios valencianos de interior con alto riesgo de despoblaci\u00f3n que promueve el Consell.\" width=\"570\" height=\"356\" srcset=\"https:\/\/www.tucomarca.com\/wordpress\/segunda\/wp-content\/uploads\/2018\/08\/plan-despoblaci\u00f3n.jpg 1575w, https:\/\/www.tucomarca.com\/wordpress\/segunda\/wp-content\/uploads\/2018\/08\/plan-despoblaci\u00f3n-300x187.jpg 300w, https:\/\/www.tucomarca.com\/wordpress\/segunda\/wp-content\/uploads\/2018\/08\/plan-despoblaci\u00f3n-768x479.jpg 768w, https:\/\/www.tucomarca.com\/wordpress\/segunda\/wp-content\/uploads\/2018\/08\/plan-despoblaci\u00f3n-1024x639.jpg 1024w\" sizes=\"auto, (max-width: 570px) 100vw, 570px\" \/><figcaption id=\"caption-attachment-72719\" class=\"wp-caption-text\">La Diputaci\u00f3n de Valencia destinar\u00e1 1.363.000 de euros al plan de ayudas directas a los municipios valencianos de interior con alto riesgo de despoblaci\u00f3n que promueve el Consell.<\/figcaption><\/figure>\n<p>La Diputaci\u00f3n de Valencia se suma a la iniciativa del presidente, qui\u00e9n invit\u00f3 a las tres corporaciones provinciales a colaborar en este impulso para frenar la despoblaci\u00f3n de los pueblos de interior de la Comunidad Valenciana.<\/p>\n<p>La vicepresidenta segunda de la Diputaci\u00f3n de Valencia, Rebeca Torr\u00f3, ha querido destacar \u201cla importancia de la colaboraci\u00f3n entre instituciones en cuestiones, fundamentalmente, que afectan a la calidad de vida de los ciudadanos y el desarrollo econ\u00f3mico de nuestros municipios. No es la primera vez que ocurre. Desde la Diputaci\u00f3n de Valencia hemos colaborado con el Gobierno valenciano, al cincuenta por ciento, en los fondos de cooperaci\u00f3n municipal. Una iniciativa que se incluye al Estatuto de autonom\u00eda pero que todav\u00eda no se hab\u00eda puesto en marcha\u201d.<\/p>\n<p>Como diputada responsable del \u00e1rea de Hacienda, Torr\u00f3 ha a\u00f1adido que \u201cDesde las instituciones tenemos que garantizar que cada ciudadano pueda vivir donde quiera y que disponga de los servicios b\u00e1sicos, sea cual sea el n\u00famero de habitantes de su localidad\u201d.<\/p>\n<p>La Diputaci\u00f3n de Valencia ha incrementado, desde el inicio de esta legislatura, el presupuesto en la lucha contra la despoblaci\u00f3n. Lo ha hecho con ayudas directas canalizadas por los planes de desarrollo rural que incentivan la ocupaci\u00f3n en las zonas menos densamente pobladas. Estos planes, fundamentalmente los de Inversiones Financieramente Sostenibles (IFS) o los Planes Provinciales de Obras y Servicios (SOM) han permitido invertir a los alcaldes de los pueblos en iniciativas para fomentar el turismo rural, la mejora y seguridad de carreteras y el impulso de planes de reindustrializaci\u00f3n. Todo esto con el objetivo de la creaci\u00f3n de puestos de trabajo que frenan el \u00e9xodo hacia otras zonas m\u00e1s pobladas y atraigan visitantes y fomentan la recuperaci\u00f3n econ\u00f3mica de las comarcas con bajo n\u00famero de habitantes.<\/p>\n<p>En este \u00faltimo tramo de legislatura, la Diputaci\u00f3n de Valencia ha destinado 20 millones de euros a los municipios de menos de 5.000 habitantes mediante el plan SOM y 12 millones de euros durante 2017 con los IFS.<\/p>\n","protected":false},"excerpt":{"rendered":"<div class=\"mh-excerpt\">La Diputaci\u00f3n de Valencia se suma a la iniciativa del presidente, qui\u00e9n invit\u00f3 a las tres corporaciones provinciales a colaborar en este impulso para frenar la despoblaci\u00f3n de los pueblos de interior de la Comunidad <a class=\"mh-excerpt-more\" href=\"https:\/\/www.tucomarca.com\/wordpress\/segunda\/la-diputacion-de-valencia-aportara-13-millones-de-euros-al-plan-del-consell-contra-la-despoblacion\/\" title=\"La Diputaci\u00f3n de Valencia aportar\u00e1 1,3 millones de euros al plan del Consell contra la despoblaci\u00f3n\">[+] <\/a><\/div>\n","protected":false},"author":1,"featured_media":72719,"comment_status":"open","ping_status":"open","sticky":false,"template":"","format":"standard","meta":{"footnotes":""},"categories":[169,128,8,72,117,142,3,45],"tags":[204,11171],"class_list":{"0":"post-72718","1":"post","2":"type-post","3":"status-publish","4":"format-standard","5":"has-post-thumbnail","7":"category-agricultura-la-comarca","8":"category-infraestructuras","9":"category-la-comarca","10":"category-sin-categorizar","11":"category-medio-ambiente-la-comarca","12":"category-politica-la-comarca","13":"category-seccion","14":"category-ventana","15":"tag-diputacion","16":"tag-la-comunidad"},"_links":{"self":[{"href":"https:\/\/www.tucomarca.com\/wordpress\/segunda\/wp-json\/wp\/v2\/posts\/72718","targetHints":{"allow":["GET"]}}],"collection":[{"href":"https:\/\/www.tucomarca.com\/wordpress\/segunda\/wp-json\/wp\/v2\/posts"}],"about":[{"href":"https:\/\/www.tucomarca.com\/wordpress\/segunda\/wp-json\/wp\/v2\/types\/post"}],"author":[{"embeddable":true,"href":"https:\/\/www.tucomarca.com\/wordpress\/segunda\/wp-json\/wp\/v2\/users\/1"}],"replies":[{"embeddable":true,"href":"https:\/\/www.tucomarca.com\/wordpress\/segunda\/wp-json\/wp\/v2\/comments?post=72718"}],"version-history":[{"count":0,"href":"https:\/\/www.tucomarca.com\/wordpress\/segunda\/wp-json\/wp\/v2\/posts\/72718\/revisions"}],"wp:featuredmedia":[{"embeddable":true,"href":"https:\/\/www.tucomarca.com\/wordpress\/segunda\/wp-json\/wp\/v2\/media\/72719"}],"wp:attachment":[{"href":"https:\/\/www.tucomarca.com\/wordpress\/segunda\/wp-json\/wp\/v2\/media?parent=72718"}],"wp:term":[{"taxonomy":"category","embeddable":true,"href":"https:\/\/www.tucomarca.com\/wordpress\/segunda\/wp-json\/wp\/v2\/categories?post=72718"},{"taxonomy":"post_tag","embeddable":true,"href":"https:\/\/www.tucomarca.com\/wordpress\/segunda\/wp-json\/wp\/v2\/tags?post=72718"}],"curies":[{"name":"wp","href":"https:\/\/api.w.org\/{rel}","templated":true}]}}