{"id":7275,"date":"2012-09-24T13:08:01","date_gmt":"2012-09-24T11:08:01","guid":{"rendered":"http:\/\/www.tucomarca.com\/wordpress\/segunda\/?p=7275"},"modified":"2012-09-24T13:17:23","modified_gmt":"2012-09-24T11:17:23","slug":"pocas-alegrias-para-los-equipos-de-futbol-del-interior-en-la-ultima-jornada-liguera","status":"publish","type":"post","link":"https:\/\/www.tucomarca.com\/wordpress\/segunda\/pocas-alegrias-para-los-equipos-de-futbol-del-interior-en-la-ultima-jornada-liguera\/","title":{"rendered":"Pocas alegr\u00edas para los equipos de f\u00fatbol del interior en la \u00faltima jornada liguera"},"content":{"rendered":"<p><figure id=\"attachment_1904\" aria-describedby=\"caption-attachment-1904\" style=\"width: 300px\" class=\"wp-caption alignleft\"><a href=\"https:\/\/www.tucomarca.com\/wordpress\/segunda\/?attachment_id=1904\" rel=\"attachment wp-att-1904\"><img loading=\"lazy\" decoding=\"async\" src=\"https:\/\/www.tucomarca.com\/wordpress\/segunda\/wp-content\/uploads\/2012\/05\/P1140666-300x225.jpg\" alt=\"\" title=\"El CD Bu\u00f1ol se despide ante su afici\u00f3n. tc.c\" width=\"300\" height=\"225\" class=\"size-medium wp-image-1904\" srcset=\"https:\/\/www.tucomarca.com\/wordpress\/segunda\/wp-content\/uploads\/2012\/05\/P1140666-300x225.jpg 300w, https:\/\/www.tucomarca.com\/wordpress\/segunda\/wp-content\/uploads\/2012\/05\/P1140666.jpg 400w\" sizes=\"auto, (max-width: 300px) 100vw, 300px\" \/><\/a><figcaption id=\"caption-attachment-1904\" class=\"wp-caption-text\">El CD Bu\u00f1ol se despide ante su afici\u00f3n. tc.c<\/figcaption><\/figure>En 3\u00aa Divisi\u00f3n, el CD Utiel cay\u00f3 de forma estrepitosa en su visita a La Llosa por 4 goles a 0 en un partido que los locales encarrilaron en la primera mitad con un claro 2-0. Mor\u00e9 tuvo la ocasi\u00f3n m\u00e1s clara para los rojillos, aunque la falta de pegada acab\u00f3 por pasar factura.<br \/>\nEn preferente, el SC Requena se impuso por la m\u00ednima en un entretenido y emocionante partido en casa al Mislata (1-0); el CD Bu\u00f1ol no pudo pasar del 0-0 en su visita a San Marcelino; el CD Cheste perdi\u00f3 injustamente en casa frente a uno de los gallitos, el Barrio del Cristo (0-1); mientras que el Chiva CF confirma su mejor\u00eda al derrotar por 2 goles a 1 en el Vista Alegre al Quart de Poblet.<br \/>\nEn Segunda Regional, la UD Godelleta se coloca l\u00edder al imponerse por 0-2 al CD Cheste B en el derbi comarcal de la jornada, el CD Tur\u00eds suma su segundo empate consecutivo frente al Walter-Alacu\u00e1s (3-3), el Atl\u00e9tico de Macastre perdi\u00f3 por un ajustado 3-2 a domicilio frente al R. Paterna B; la UD Y\u00e1tova debut\u00f3 en su feudo con victoria por la m\u00ednima frente al CD Casas (1-0), mientras que el Chiva B no pudo sumar al caer por 2 goles a cero en su enfrentamiento a domicilio frente al Juventud Manisense.<\/p>\n","protected":false},"excerpt":{"rendered":"<div class=\"mh-excerpt\">En 3\u00aa Divisi\u00f3n, el CD Utiel cay\u00f3 de forma estrepitosa en su visita a La Llosa por 4 goles a 0 en un partido que los locales encarrilaron en la primera mitad con un claro <a class=\"mh-excerpt-more\" href=\"https:\/\/www.tucomarca.com\/wordpress\/segunda\/pocas-alegrias-para-los-equipos-de-futbol-del-interior-en-la-ultima-jornada-liguera\/\" title=\"Pocas alegr\u00edas para los equipos de f\u00fatbol del interior en la \u00faltima jornada liguera\">[+] <\/a><\/div>\n","protected":false},"author":2,"featured_media":1904,"comment_status":"open","ping_status":"open","sticky":false,"template":"","format":"standard","meta":{"footnotes":""},"categories":[50,6,10,27,3],"tags":[44],"class_list":{"0":"post-7275","1":"post","2":"type-post","3":"status-publish","4":"format-standard","5":"has-post-thumbnail","7":"category-futbol-deportes","8":"category-deportes","9":"category-la-hoya","10":"category-requena-utiel","11":"category-seccion","12":"tag-futbol"},"_links":{"self":[{"href":"https:\/\/www.tucomarca.com\/wordpress\/segunda\/wp-json\/wp\/v2\/posts\/7275","targetHints":{"allow":["GET"]}}],"collection":[{"href":"https:\/\/www.tucomarca.com\/wordpress\/segunda\/wp-json\/wp\/v2\/posts"}],"about":[{"href":"https:\/\/www.tucomarca.com\/wordpress\/segunda\/wp-json\/wp\/v2\/types\/post"}],"author":[{"embeddable":true,"href":"https:\/\/www.tucomarca.com\/wordpress\/segunda\/wp-json\/wp\/v2\/users\/2"}],"replies":[{"embeddable":true,"href":"https:\/\/www.tucomarca.com\/wordpress\/segunda\/wp-json\/wp\/v2\/comments?post=7275"}],"version-history":[{"count":0,"href":"https:\/\/www.tucomarca.com\/wordpress\/segunda\/wp-json\/wp\/v2\/posts\/7275\/revisions"}],"wp:featuredmedia":[{"embeddable":true,"href":"https:\/\/www.tucomarca.com\/wordpress\/segunda\/wp-json\/wp\/v2\/media\/1904"}],"wp:attachment":[{"href":"https:\/\/www.tucomarca.com\/wordpress\/segunda\/wp-json\/wp\/v2\/media?parent=7275"}],"wp:term":[{"taxonomy":"category","embeddable":true,"href":"https:\/\/www.tucomarca.com\/wordpress\/segunda\/wp-json\/wp\/v2\/categories?post=7275"},{"taxonomy":"post_tag","embeddable":true,"href":"https:\/\/www.tucomarca.com\/wordpress\/segunda\/wp-json\/wp\/v2\/tags?post=7275"}],"curies":[{"name":"wp","href":"https:\/\/api.w.org\/{rel}","templated":true}]}}