{"id":72920,"date":"2018-08-22T21:48:34","date_gmt":"2018-08-22T19:48:34","guid":{"rendered":"http:\/\/www.tucomarca.com\/wordpress\/segunda\/?p=72920"},"modified":"2018-08-22T21:48:34","modified_gmt":"2018-08-22T19:48:34","slug":"los-vecinos-y-vecinas-de-las-urbanizaciones-de-vilamarxant-se-informan-para-prevenir-incendios-forestales-y-para-autoprotegerse","status":"publish","type":"post","link":"https:\/\/www.tucomarca.com\/wordpress\/segunda\/los-vecinos-y-vecinas-de-las-urbanizaciones-de-vilamarxant-se-informan-para-prevenir-incendios-forestales-y-para-autoprotegerse\/","title":{"rendered":"Los vecinos y vecinas de las urbanizaciones de Vilamarxant se informan para prevenir incendios forestales y para autoprotegerse"},"content":{"rendered":"<figure id=\"attachment_72921\" aria-describedby=\"caption-attachment-72921\" style=\"width: 534px\" class=\"wp-caption alignleft\"><img loading=\"lazy\" decoding=\"async\" class=\" wp-image-72921\" src=\"https:\/\/www.tucomarca.com\/wordpress\/segunda\/wp-content\/uploads\/2018\/08\/DSC_5961.jpg\" alt=\"La charla tuvo lugar ayer en el Club Social de la urbanizaci\u00f3n Monte Horquera de Vilamarxant, con la asistencia de una treintena de personas.\" width=\"534\" height=\"356\" srcset=\"https:\/\/www.tucomarca.com\/wordpress\/segunda\/wp-content\/uploads\/2018\/08\/DSC_5961.jpg 2000w, https:\/\/www.tucomarca.com\/wordpress\/segunda\/wp-content\/uploads\/2018\/08\/DSC_5961-300x200.jpg 300w, https:\/\/www.tucomarca.com\/wordpress\/segunda\/wp-content\/uploads\/2018\/08\/DSC_5961-768x512.jpg 768w, https:\/\/www.tucomarca.com\/wordpress\/segunda\/wp-content\/uploads\/2018\/08\/DSC_5961-1024x682.jpg 1024w\" sizes=\"auto, (max-width: 534px) 100vw, 534px\" \/><figcaption id=\"caption-attachment-72921\" class=\"wp-caption-text\">La charla tuvo lugar ayer en el Club Social de la urbanizaci\u00f3n Monte Horquera de Vilamarxant, con la asistencia de una treintena de personas.<\/figcaption><\/figure>\n<p>El Club Social de la urbanizaci\u00f3n\u00a0Monte\u00a0Horquera\u00a0acogi\u00f3 una charla sobre la prevenci\u00f3n de incendios forestales y sobre medidas de autoprotecci\u00f3n en las interfaces urbanas-forestales. La cita estaba dirigida a los vecinos y vecinas de las urbanizaciones de Vilamarxant y estuvo organizada por la Concejal\u00eda de Medio Ambiente del Ayuntamiento, la Generalitat y el 112.<\/p>\n<p>Las interfaces urbanas-forestales son \u00e1reas donde la poblaci\u00f3n humana y las infraestructuras se mezclan con la monta\u00f1a.<\/p>\n<p>Una treintena de personas recibieron los consejos del ingeniero forestal Ferran\u00a0Dalmau. Uno de los objetivos de la cita fue explicar y poner el valor aquello que se puede perder en un incendio forestal para que todo el mundo entienda las decisiones que, a veces, se toman cuando act\u00faan los bomberos, as\u00ed como para ofrecer algunos consejos pr\u00e1cticos que se pueden aplicar para minimizar los riesgos en las viviendas.<\/p>\n<p>En primer lugar, y contrariamente a lo que puede pensar mucha gente, Ferran\u00a0Dalmau\u00a0explic\u00f3 que cada vez hay m\u00e1s masa forestal. Esto se produce porque, hoy por hoy, los recursos que hay en nuestros bosques no tienen un aprovechamiento econ\u00f3mico como antes. As\u00ed, explicaba el ponente, \u201chace a\u00f1os mucha gente empleaba la le\u00f1a de sus alrededores para sus casas y algunos recursos de la monta\u00f1a se comercializaban, mientras que ahora no es as\u00ed y por eso esta energ\u00eda se ha acumulado, lo que provoca que los incendios sean m\u00e1s grandes y se propaguen con m\u00e1s rapidez que d\u00e9cadas atr\u00e1s\u201d.<\/p>\n<p>A pesar de todo, Ferran\u00a0Dalmau\u00a0quiso destacar los servicios que los espacios naturales aportan a la sociedad y que, muchas veces, no los percibimos por el simple hecho de que no tienen un valor determinado y que siempre han estado en nuestro entorno. Habl\u00f3 de su capacidad de producci\u00f3n, con materiales como la madera o el corcho, la actividad ganadera o\u00a0ap\u00edcola, su aprovechamiento para la caza, para practicar deportes, para hacer turismo, para la bot\u00e1nica y la medicina y el important\u00edsimo servicio que dan a la hora de regular el clima de la zona.<\/p>\n<p><b>Consejos para hacer de las viviendas espacios defendibles<\/b><\/p>\n<p>Durante la charla se explic\u00f3, con la ayuda de mucho material audiovisual, que si una vivienda se encuentra en el recorrido de un incendio puede convertirse en un combustible m\u00e1s y llegar a quemarse. De hecho, a pesar de que no est\u00e9 en la direcci\u00f3n directa de las llamas, el fuego puede llegar a ella saltando cortafuegos como carreteras por las llamadas pavesas\u00a0(chispas generadas por el incendio y que pueden impulsarse hasta kil\u00f3metros).<\/p>\n<p>Hay elementos y pr\u00e1cticas que hay que evitar para no convertir nuestra casa en un elemento f\u00e1cil de quemar. As\u00ed, se desaconseja tener madera acumulada, especialmente cerca de las fachadas; otro tipo de materiales inflamables, como mallas de pl\u00e1stico, toldos o carpas, y determinadas especies vegetales, como los cipreses.<\/p>\n<p>Tambi\u00e9n se record\u00f3 que la responsabilidad de la ejecuci\u00f3n y del mantenimiento de una vivienda en este aspecto corresponde a los propietarios y propietarias.<\/p>\n<p>Para crear estos espacios defendibles, hay que prestar especial atenci\u00f3n a los jardines, manteni\u00e9ndolos siempre muy regados porque esa agua acumulada durante d\u00edas es m\u00e1s resistente a las llamas que la de la misma manguera de los bomberos.<\/p>\n<p>Tambi\u00e9n se dieron los siguientes consejos:<\/p>\n<p>&#8211;\u00a0Desbrozar\u00a0en un per\u00edmetro de 30 metros de anchura que separe la casa de la monta\u00f1a.<\/p>\n<p>&#8211; Evitar acumulaciones de restos combustibles.<\/p>\n<p>&#8211; Dejar libre la fachada, puertas y ventanas.<\/p>\n<p>&#8211; Procurar que no haya \u00e1rboles a 10 metros de las casas.<\/p>\n<p>&#8211; Retirar hojas y restos de vegetaci\u00f3n seca (especialmente en azoteas y tejados).<\/p>\n<p>&#8211; Tener en buen estado las v\u00edas de acceso de la vivienda.<\/p>\n<p>&#8211; Si hay alg\u00fan dep\u00f3sito de combustible, situarlo lejos.<\/p>\n<p>&#8211; Proteger las ventanas con contraventanas\u00a0y persianas.<\/p>\n<p>&#8211; Tener las piscinas disponibles para posibles necesidades del equipo de bomberos.<\/p>\n<p><b>Cifras de incendios forestales en la Comunidad\u00a0 Valenciana<\/b><\/p>\n<p>El ponente tambi\u00e9n destac\u00f3 la tarea de los bomberos que, muchas veces, arriesgan la vida e intentan contener las llamas, incluso en lugares donde no deber\u00edan, para defender las viviendas. Unas viviendas que en ocasiones resultan peligrosas porque los propietarios o propietarias no las mantienen como espacios defendibles ante los incendios.<\/p>\n<p>As\u00ed, Ferran Dalmau destac\u00f3 que entre 2000 y 2015 se produjeron 4.444 incendios en la Comunidad que quemaron m\u00e1s de 90.000 hect\u00e1reas. Con todo, debido a la buena y r\u00e1pida actuaci\u00f3n de los equipos de emergencia, solo se produjeron 19 grandes incendios y de ellos \u00fanicamente 2 fueron naturales; los otros estuvieron provocados por negligencias o por la actuaci\u00f3n humana.<\/p>\n<p>Los trabajos de extinci\u00f3n de estos fuegos supusieron un gasto de 320 millones de euros.<\/p>\n<p><b>Actuaciones del Ayuntamiento de Vilamarxant<\/b><\/p>\n<p>El ponente explic\u00f3 que el Ayuntamiento de Vilamarxant es uno de los que m\u00e1s medidas y actividades est\u00e1 desarrollando para concienciar a la poblaci\u00f3n sobre estos riesgos.<\/p>\n<p>As\u00ed, destac\u00f3 el n\u00famero de charlas de este tipo que tienen lugar peri\u00f3dicamente y la buena respuesta de los vecinos y vecinas. Adem\u00e1s, resalt\u00f3 que es de los pocos municipios que est\u00e1 trabajando con planes de interfaces para mantenerlas en las mejores y m\u00e1s seguras condiciones.<\/p>\n<p>El concejal de Medio Ambiente, Manolo Bernad, destac\u00f3 que Vilamarxant ya tiene redactado el Plan local de prevenci\u00f3n de incendios\u00a0forestales y que solo falta recibir el visto bueno de la Conselleria. Tambi\u00e9n puso en valor la tarea del Voluntariado\u00a0Ambiental. \u201cHoy por hoy hay 20 personas voluntarias que vigilan nuestros parajes durante los fines de semana y que alertan de cualquier fuego o humo que ven. Tambi\u00e9n informan de comportamientos inc\u00edvicos o\u00a0que puedan suponer un riesgo\u201d, relataba.<\/p>\n<p>Por su parte, el t\u00e9cnico medioambiental municipal, Salvador Villalba, habl\u00f3 sobre la puesta en marcha de la caldera de biomasa en la Piscina municipal por el ahorro energ\u00e9tico que comporta y porque esa biomasa se adquiere de Moixent, con lo cual se ayuda a eliminar restos de arbolado. La intenci\u00f3n del consistorio es trabajar para, en un futuro, conseguir que esa biomasa se produzca en Vilamarxant para aprovechar los recursos que generan nuestros espacios naturales de una forma sostenible y que ayude a tener unas zonas forestales cada vez mejor gestionadas.<\/p>\n","protected":false},"excerpt":{"rendered":"<div class=\"mh-excerpt\">El Club Social de la urbanizaci\u00f3n\u00a0Monte\u00a0Horquera\u00a0acogi\u00f3 una charla sobre la prevenci\u00f3n de incendios forestales y sobre medidas de autoprotecci\u00f3n en las interfaces urbanas-forestales. La cita estaba dirigida a los vecinos y vecinas de las urbanizaciones <a class=\"mh-excerpt-more\" href=\"https:\/\/www.tucomarca.com\/wordpress\/segunda\/los-vecinos-y-vecinas-de-las-urbanizaciones-de-vilamarxant-se-informan-para-prevenir-incendios-forestales-y-para-autoprotegerse\/\" title=\"Los vecinos y vecinas de las urbanizaciones de Vilamarxant se informan para prevenir incendios forestales y para autoprotegerse\">[+] <\/a><\/div>\n","protected":false},"author":1,"featured_media":72921,"comment_status":"open","ping_status":"open","sticky":false,"template":"","format":"standard","meta":{"footnotes":""},"categories":[46,128,8,117,3,116,45,184],"tags":[10395,10439],"class_list":{"0":"post-72920","1":"post","2":"type-post","3":"status-publish","4":"format-standard","5":"has-post-thumbnail","7":"category-camp-de-turia","8":"category-infraestructuras","9":"category-la-comarca","10":"category-medio-ambiente-la-comarca","11":"category-seccion","12":"category-sucesos-la-comarca","13":"category-ventana","14":"category-vilamarxant","15":"tag-camp-de-turia","16":"tag-vilamarxant"},"_links":{"self":[{"href":"https:\/\/www.tucomarca.com\/wordpress\/segunda\/wp-json\/wp\/v2\/posts\/72920","targetHints":{"allow":["GET"]}}],"collection":[{"href":"https:\/\/www.tucomarca.com\/wordpress\/segunda\/wp-json\/wp\/v2\/posts"}],"about":[{"href":"https:\/\/www.tucomarca.com\/wordpress\/segunda\/wp-json\/wp\/v2\/types\/post"}],"author":[{"embeddable":true,"href":"https:\/\/www.tucomarca.com\/wordpress\/segunda\/wp-json\/wp\/v2\/users\/1"}],"replies":[{"embeddable":true,"href":"https:\/\/www.tucomarca.com\/wordpress\/segunda\/wp-json\/wp\/v2\/comments?post=72920"}],"version-history":[{"count":0,"href":"https:\/\/www.tucomarca.com\/wordpress\/segunda\/wp-json\/wp\/v2\/posts\/72920\/revisions"}],"wp:featuredmedia":[{"embeddable":true,"href":"https:\/\/www.tucomarca.com\/wordpress\/segunda\/wp-json\/wp\/v2\/media\/72921"}],"wp:attachment":[{"href":"https:\/\/www.tucomarca.com\/wordpress\/segunda\/wp-json\/wp\/v2\/media?parent=72920"}],"wp:term":[{"taxonomy":"category","embeddable":true,"href":"https:\/\/www.tucomarca.com\/wordpress\/segunda\/wp-json\/wp\/v2\/categories?post=72920"},{"taxonomy":"post_tag","embeddable":true,"href":"https:\/\/www.tucomarca.com\/wordpress\/segunda\/wp-json\/wp\/v2\/tags?post=72920"}],"curies":[{"name":"wp","href":"https:\/\/api.w.org\/{rel}","templated":true}]}}