{"id":73211,"date":"2018-08-24T20:14:37","date_gmt":"2018-08-24T18:14:37","guid":{"rendered":"http:\/\/www.tucomarca.com\/wordpress\/segunda\/?p=73211"},"modified":"2018-08-24T20:14:37","modified_gmt":"2018-08-24T18:14:37","slug":"riba-roja-de-turia-abre-expediente-a-1-700-vecinos-por-mantener-sucias-y-abandonadas-sus-parcelas-pese-al-riesgo-de-incendio","status":"publish","type":"post","link":"https:\/\/www.tucomarca.com\/wordpress\/segunda\/riba-roja-de-turia-abre-expediente-a-1-700-vecinos-por-mantener-sucias-y-abandonadas-sus-parcelas-pese-al-riesgo-de-incendio\/","title":{"rendered":"Riba-roja de T\u00faria abre expediente a 1.700 vecinos por mantener sucias y abandonadas sus parcelas pese al riesgo de incendio"},"content":{"rendered":"<figure id=\"attachment_73212\" aria-describedby=\"caption-attachment-73212\" style=\"width: 402px\" class=\"wp-caption alignleft\"><img loading=\"lazy\" decoding=\"async\" class=\" wp-image-73212\" src=\"https:\/\/www.tucomarca.com\/wordpress\/segunda\/wp-content\/uploads\/2018\/08\/solar1.jpg\" alt=\"El ayuntamiento multar\u00e1 hasta con 3.000 euros a los infractores que no limpien sus propiedades antes del pr\u00f3ximo mes de octubre.\" width=\"402\" height=\"291\" srcset=\"https:\/\/www.tucomarca.com\/wordpress\/segunda\/wp-content\/uploads\/2018\/08\/solar1.jpg 1988w, https:\/\/www.tucomarca.com\/wordpress\/segunda\/wp-content\/uploads\/2018\/08\/solar1-300x217.jpg 300w, https:\/\/www.tucomarca.com\/wordpress\/segunda\/wp-content\/uploads\/2018\/08\/solar1-768x556.jpg 768w, https:\/\/www.tucomarca.com\/wordpress\/segunda\/wp-content\/uploads\/2018\/08\/solar1-1024x742.jpg 1024w\" sizes=\"auto, (max-width: 402px) 100vw, 402px\" \/><figcaption id=\"caption-attachment-73212\" class=\"wp-caption-text\">El ayuntamiento multar\u00e1 hasta con 3.000 euros a los infractores que no limpien sus propiedades antes del pr\u00f3ximo mes de octubre.<\/figcaption><\/figure>\n<p>El Ayuntamiento de Riba-roja de T\u00faria ha abierto un expediente sancionador a 1.700 vecinos de la localidad por mantener sucias y abandonadas sus parcelas privadas pese al alto riesgo de incendio forestal. El consistorio les ha instado por carta a limpiarlas y adecentarlas antes del pr\u00f3ximo mes de octubre para cumplir as\u00ed la actual ordenanza municipal sobre terrenos y solares. Alrededor de 350 propietarios han limpiado ya sus parcelas mientras que los 1.300 restantes todav\u00eda no lo han hecho.<span class=\"Apple-converted-space\">\u00a0<\/span><\/p>\n<p>La normativa local aprobada a finales del pasado mes de abril prev\u00e9 sanciones de entre 1.501 y 3.000 euros para aquellos propietarios de terrenos que mantengan sus parcelas sucias y sin vallar sus terrenos, con el lanzamiento de todo tipo de residuos a los solares acotados por sus due\u00f1os o de terceras personas, la ca\u00edda o lanzamiento de materiales de construcci\u00f3n desde plantas superiores a la v\u00eda p\u00fablica, la posesi\u00f3n de un solar u obra sin cabeza tipo de cierre o el incumplimiento de los requerimientos municipales sobre correcci\u00f3n de deficiencias advertidas que supongan m\u00e1s de una infracci\u00f3n grave o la suma de una grave y una leve.<span class=\"Apple-converted-space\">\u00a0<\/span><\/p>\n<p>La situaci\u00f3n de algunas parcelas o solares es de un elevado riesgo por su cercan\u00eda a zonas o \u00e1reas forestales, agravadas en periodos estivales o de elevadas temperaturas de forma que el Ayuntamiento de Riba-roja de T\u00faria se plantea recurrir a las instancias judiciales para acceder a estas propiedades y, a continuaci\u00f3n, remitir el coste de la limpieza a sus propietarios.<span class=\"Apple-converted-space\">\u00a0 \u00a0<\/span><\/p>\n<p>Hasta el momento, de las cerca de 1.700 parcelas detectadas sin limpieza ni vallados en diversas zonas pr\u00f3ximas a enclaves de alto valor ecol\u00f3gico y forestal existen alrededor de entre 350 y 400 cuyos due\u00f1os han accedido ya a las exigencias del consistorio de resolver las anomal\u00edas descubiertas mientras que las restantes 1.300 est\u00e1n a la espera de que se puedan subsanar en un corto espacio de tiempo.<span class=\"Apple-converted-space\">\u00a0<\/span><\/p>\n<p>La ordenanza vigente fue auspiciada por el actual equipo de gobierno de Riba-roja de T\u00faria &#8211; formado por el PSPV, Comprom\u00eds y Esquerra Unida- con el respaldo, adem\u00e1s, de las formaciones pol\u00edticas existentes en el pleno municipal como el Partido Popular, Riba-roja Puede y Ciudadanos ante la situaci\u00f3n que se vive en las parcelas ubicadas cerca del casco urbano y de las \u00e1reas forestales.<span class=\"Apple-converted-space\">\u00a0<\/span><\/p>\n<p>Las \u00e1reas pr\u00f3ximas a algunas \u00e1reas residenciales como els Pous, Mas\u00eda de Traver, Val\u00e8ncia la Vella as\u00ed como otras como Porxinos o els Carassols son algunas de las que presentan actualmente mayor volumen de incidencias en cuanto a falta de cuidados de limpieza y vallado de los terrenos y solares, por lo que el consistorio est\u00e1 actuando con mayor vigilancia y supervisi\u00f3n para evitar situaciones de riesgo de incendio.<span class=\"Apple-converted-space\">\u00a0 \u00a0 \u00a0<\/span><\/p>\n<p>Estas deficiencias detectadas se han localizado gracias a un informe de ingenier\u00eda forestal sobre la zonificaci\u00f3n de \u00e1reas prioritarias de actuaci\u00f3n para la prevenci\u00f3n de incendios forestales realizado en el t\u00e9rmino de Riba-roja de T\u00faria y en el que se establecen diversos grados de intensidad en funci\u00f3n del riesgo ante el posible escenario que se desencadenar\u00eda por la propagaci\u00f3n del fuego. <span class=\"Apple-converted-space\">\u00a0<\/span><\/p>\n<p>El estudio identifica las parcelas que por su cercan\u00eda a las \u00e1reas forestales o urbanas, especialmente con alta densidad poblacional, presentan un mayor riesgo de incendio en determinadas \u00e9pocas del a\u00f1o, sobre todo los periodos estivales y aquellos con temperaturas elevadas. Todas las parcelas detectadas en el trabajo realizado presentan diversos grados de riesgo y vulnerabilidad ante posibles situaciones derivadas por un posible incendio. <span class=\"Apple-converted-space\">\u00a0<\/span><\/p>\n<p>El concejal de Medio Ambiente, Jos\u00e9 \u00c1ngel Hern\u00e1ndez, ha destacado <i>\u00abla obligaci\u00f3n de los due\u00f1os de estos solares o parcelas que presentan mayor abandono o suciedad para que puedan enmendar esta situaci\u00f3n ya que el riesgo es alto en caso de situaciones de incendios que se agrava, adem\u00e1s, por la presencia cercana a \u00e1reas urbanas, por lo que es necesaria una mayor concienciaci\u00f3n por parte de sus propietarios; el trabajo que los t\u00e9cnicos y el personal del ayuntamiento est\u00e1 enfocado a minimizar cualquier riesgo o vulnerabilidad ambiental\u00bb .<span class=\"Apple-converted-space\">\u00a0<\/span><\/i><\/p>\n","protected":false},"excerpt":{"rendered":"<div class=\"mh-excerpt\">El Ayuntamiento de Riba-roja de T\u00faria ha abierto un expediente sancionador a 1.700 vecinos de la localidad por mantener sucias y abandonadas sus parcelas privadas pese al alto riesgo de incendio forestal. El consistorio les <a class=\"mh-excerpt-more\" href=\"https:\/\/www.tucomarca.com\/wordpress\/segunda\/riba-roja-de-turia-abre-expediente-a-1-700-vecinos-por-mantener-sucias-y-abandonadas-sus-parcelas-pese-al-riesgo-de-incendio\/\" title=\"Riba-roja de T\u00faria abre expediente a 1.700 vecinos por mantener sucias y abandonadas sus parcelas pese al riesgo de incendio\">[+] <\/a><\/div>\n","protected":false},"author":1,"featured_media":73212,"comment_status":"open","ping_status":"open","sticky":false,"template":"","format":"standard","meta":{"footnotes":""},"categories":[46,128,8,117,142,182,3,45],"tags":[10395,1504],"class_list":{"0":"post-73211","1":"post","2":"type-post","3":"status-publish","4":"format-standard","5":"has-post-thumbnail","7":"category-camp-de-turia","8":"category-infraestructuras","9":"category-la-comarca","10":"category-medio-ambiente-la-comarca","11":"category-politica-la-comarca","12":"category-riba-roja","13":"category-seccion","14":"category-ventana","15":"tag-camp-de-turia","16":"tag-riba-roja-2"},"_links":{"self":[{"href":"https:\/\/www.tucomarca.com\/wordpress\/segunda\/wp-json\/wp\/v2\/posts\/73211","targetHints":{"allow":["GET"]}}],"collection":[{"href":"https:\/\/www.tucomarca.com\/wordpress\/segunda\/wp-json\/wp\/v2\/posts"}],"about":[{"href":"https:\/\/www.tucomarca.com\/wordpress\/segunda\/wp-json\/wp\/v2\/types\/post"}],"author":[{"embeddable":true,"href":"https:\/\/www.tucomarca.com\/wordpress\/segunda\/wp-json\/wp\/v2\/users\/1"}],"replies":[{"embeddable":true,"href":"https:\/\/www.tucomarca.com\/wordpress\/segunda\/wp-json\/wp\/v2\/comments?post=73211"}],"version-history":[{"count":0,"href":"https:\/\/www.tucomarca.com\/wordpress\/segunda\/wp-json\/wp\/v2\/posts\/73211\/revisions"}],"wp:featuredmedia":[{"embeddable":true,"href":"https:\/\/www.tucomarca.com\/wordpress\/segunda\/wp-json\/wp\/v2\/media\/73212"}],"wp:attachment":[{"href":"https:\/\/www.tucomarca.com\/wordpress\/segunda\/wp-json\/wp\/v2\/media?parent=73211"}],"wp:term":[{"taxonomy":"category","embeddable":true,"href":"https:\/\/www.tucomarca.com\/wordpress\/segunda\/wp-json\/wp\/v2\/categories?post=73211"},{"taxonomy":"post_tag","embeddable":true,"href":"https:\/\/www.tucomarca.com\/wordpress\/segunda\/wp-json\/wp\/v2\/tags?post=73211"}],"curies":[{"name":"wp","href":"https:\/\/api.w.org\/{rel}","templated":true}]}}