{"id":73262,"date":"2018-08-24T19:48:00","date_gmt":"2018-08-24T17:48:00","guid":{"rendered":"http:\/\/www.tucomarca.com\/wordpress\/segunda\/?p=73262"},"modified":"2018-08-24T19:48:00","modified_gmt":"2018-08-24T17:48:00","slug":"la-vuelta-popular-de-utiel-regresa-este-fin-de-semana-al-circuito-provincial","status":"publish","type":"post","link":"https:\/\/www.tucomarca.com\/wordpress\/segunda\/la-vuelta-popular-de-utiel-regresa-este-fin-de-semana-al-circuito-provincial\/","title":{"rendered":"La Vuelta Popular de Utiel regresa este fin de semana al circuito provincial"},"content":{"rendered":"<figure id=\"attachment_73263\" aria-describedby=\"caption-attachment-73263\" style=\"width: 411px\" class=\"wp-caption alignleft\"><img loading=\"lazy\" decoding=\"async\" class=\" wp-image-73263\" src=\"https:\/\/www.tucomarca.com\/wordpress\/segunda\/wp-content\/uploads\/2018\/08\/DSCF3410_0.jpg\" alt=\"El XXI Circuito de Carreras Populares de la Diputaci\u00f3 incorpora por primera vez desde 1999 esta prueba apta para todos los p\u00fablicos.El XXI Circuito de Carreras Populares de la Diputaci\u00f3 incorpora por primera vez desde 1999 esta prueba apta para todos los p\u00fablicos.\" width=\"411\" height=\"230\" srcset=\"https:\/\/www.tucomarca.com\/wordpress\/segunda\/wp-content\/uploads\/2018\/08\/DSCF3410_0.jpg 3600w, https:\/\/www.tucomarca.com\/wordpress\/segunda\/wp-content\/uploads\/2018\/08\/DSCF3410_0-300x168.jpg 300w, https:\/\/www.tucomarca.com\/wordpress\/segunda\/wp-content\/uploads\/2018\/08\/DSCF3410_0-768x430.jpg 768w, https:\/\/www.tucomarca.com\/wordpress\/segunda\/wp-content\/uploads\/2018\/08\/DSCF3410_0-1024x573.jpg 1024w\" sizes=\"auto, (max-width: 411px) 100vw, 411px\" \/><figcaption id=\"caption-attachment-73263\" class=\"wp-caption-text\">El XXI Circuito de Carreras Populares de la Diputaci\u00f3 incorpora por primera vez desde 1999 esta prueba apta para todos los p\u00fablicos.<\/figcaption><\/figure>\n<p>El XXI Circuito de Carreras Populares de la Diputaci\u00f3 de Val\u00e8ncia aterriza este fin de semana en La Plana de Utiel-Requena con la Vuelta Popular de Utiel, una prueba hist\u00f3rica que este a\u00f1o celebra su trig\u00e9simo segunda edici\u00f3n. No obstante, esta ser\u00e1 la segunda vez que la carrera forme parte del calendario provincial, donde no estuvo desde 1999.<\/p>\n<p>Esta carrera, como marca la tradici\u00f3n, se celebra el \u00faltimo s\u00e1bado de agosto, en la semana previa a la celebraci\u00f3n de la feria y fiestas de Utiel. Diez kil\u00f3metros muy llanos con un recorrido de dos vueltas a un circuito de cinco kil\u00f3metros. Como hecho significativo, la carrera pasar\u00e1 por el centro del coso taurino de la localidad.<\/p>\n<p>La Vuelta Popular de Utiel presume de ser un evento familiar, y por eso la organizaci\u00f3n ha previsto instalar un servicio de ludoteca y, como elemento diferenciador, desde las seis de la tarde habr\u00e1 carreras infantiles. La salida absoluta tendr\u00e1 lugar a las siete y media desde la Alameda de Utiel.<\/p>\n<p>Este a\u00f1o, adem\u00e1s de la experiencia de vivir la carrera, los participantes se llevar\u00e1n un cuantioso premio material con la bolsa del corredor, en la que junto a otros productos habr\u00e1 una camiseta t\u00e9cnica y una botella de vino de las bodegas de Utiel-Requena. Eso, y la comodidad de tener un aparcamiento cercano, un servicio de guardarrop\u00eda, duchas y ba\u00f1o gratuito para todos los participantes. Y, por qu\u00e9 no, quien quiera prolongar la experiencia, puede quedarse a disfrutar de la gastronom\u00eda local.<\/p>\n<p>La de Utiel, con m\u00e1s de 500 participantes inscritos\/as y un 38% de mujeres, ser\u00e1 la novena prueba del circuito de la Diputaci\u00f3 de Val\u00e8ncia. El club de atletismo de Utiel es el que m\u00e1s participantes presenta, seguido muy de cerca por el club de atletismo de la Vega de San Antonio. Entre los alicientes de la carrera: ver si Hassane Aouchar se mantiene firme al frente de la clasificaci\u00f3n masculina y, sobre todo, anotar qui\u00e9n se lleva la victoria en la categor\u00eda femenina, donde M\u00aa Jos\u00e9 Cano suma cuatro victorias frente a las tres que acumula Raquel Land\u00edn.<\/p>\n","protected":false},"excerpt":{"rendered":"<div class=\"mh-excerpt\">El XXI Circuito de Carreras Populares de la Diputaci\u00f3 de Val\u00e8ncia aterriza este fin de semana en La Plana de Utiel-Requena con la Vuelta Popular de Utiel, una prueba hist\u00f3rica que este a\u00f1o celebra su <a class=\"mh-excerpt-more\" href=\"https:\/\/www.tucomarca.com\/wordpress\/segunda\/la-vuelta-popular-de-utiel-regresa-este-fin-de-semana-al-circuito-provincial\/\" title=\"La Vuelta Popular de Utiel regresa este fin de semana al circuito provincial\">[+] <\/a><\/div>\n","protected":false},"author":1,"featured_media":73263,"comment_status":"open","ping_status":"open","sticky":false,"template":"","format":"standard","meta":{"footnotes":""},"categories":[4,98,6,27,3,29],"tags":[10379,204,10387,10389],"class_list":{"0":"post-73262","1":"post","2":"type-post","3":"status-publish","4":"format-standard","5":"has-post-thumbnail","7":"category-agenda","8":"category-atletismo","9":"category-deportes","10":"category-requena-utiel","11":"category-seccion","12":"category-utiel","13":"tag-deportes","14":"tag-diputacion","15":"tag-requena-utiel","16":"tag-utiel"},"_links":{"self":[{"href":"https:\/\/www.tucomarca.com\/wordpress\/segunda\/wp-json\/wp\/v2\/posts\/73262","targetHints":{"allow":["GET"]}}],"collection":[{"href":"https:\/\/www.tucomarca.com\/wordpress\/segunda\/wp-json\/wp\/v2\/posts"}],"about":[{"href":"https:\/\/www.tucomarca.com\/wordpress\/segunda\/wp-json\/wp\/v2\/types\/post"}],"author":[{"embeddable":true,"href":"https:\/\/www.tucomarca.com\/wordpress\/segunda\/wp-json\/wp\/v2\/users\/1"}],"replies":[{"embeddable":true,"href":"https:\/\/www.tucomarca.com\/wordpress\/segunda\/wp-json\/wp\/v2\/comments?post=73262"}],"version-history":[{"count":0,"href":"https:\/\/www.tucomarca.com\/wordpress\/segunda\/wp-json\/wp\/v2\/posts\/73262\/revisions"}],"wp:featuredmedia":[{"embeddable":true,"href":"https:\/\/www.tucomarca.com\/wordpress\/segunda\/wp-json\/wp\/v2\/media\/73263"}],"wp:attachment":[{"href":"https:\/\/www.tucomarca.com\/wordpress\/segunda\/wp-json\/wp\/v2\/media?parent=73262"}],"wp:term":[{"taxonomy":"category","embeddable":true,"href":"https:\/\/www.tucomarca.com\/wordpress\/segunda\/wp-json\/wp\/v2\/categories?post=73262"},{"taxonomy":"post_tag","embeddable":true,"href":"https:\/\/www.tucomarca.com\/wordpress\/segunda\/wp-json\/wp\/v2\/tags?post=73262"}],"curies":[{"name":"wp","href":"https:\/\/api.w.org\/{rel}","templated":true}]}}