{"id":73300,"date":"2018-08-27T06:30:25","date_gmt":"2018-08-27T04:30:25","guid":{"rendered":"http:\/\/www.tucomarca.com\/wordpress\/segunda\/?p=73300"},"modified":"2018-08-27T02:08:38","modified_gmt":"2018-08-27T00:08:38","slug":"video-rafa-perez-nos-adelanta-todos-los-detalles-de-la-tomatina-2018-de-bunol","status":"publish","type":"post","link":"https:\/\/www.tucomarca.com\/wordpress\/segunda\/video-rafa-perez-nos-adelanta-todos-los-detalles-de-la-tomatina-2018-de-bunol\/","title":{"rendered":"V\u00eddeo: Rafa P\u00e9rez nos adelanta todos los detalles de La Tomatina 2018 de Bu\u00f1ol"},"content":{"rendered":"<p>V\u00eddeo: El m\u00e1ximo responsable de la fiesta de La Tomatina de Bu\u00f1ol, Rafa P\u00e9rez, adelanta a tucomarca televisi\u00f3n todos los detalles de la inminente edici\u00f3n de 2018 que acoge la localidad este mi\u00e9rcoles, 29 de agosto.<\/p>\n","protected":false},"excerpt":{"rendered":"<div class=\"mh-excerpt\">V\u00eddeo: El m\u00e1ximo responsable de la fiesta de La Tomatina de Bu\u00f1ol, Rafa P\u00e9rez, adelanta a tucomarca televisi\u00f3n todos los detalles de la inminente edici\u00f3n de 2018 que acoge la localidad este mi\u00e9rcoles, 29 de <a class=\"mh-excerpt-more\" href=\"https:\/\/www.tucomarca.com\/wordpress\/segunda\/video-rafa-perez-nos-adelanta-todos-los-detalles-de-la-tomatina-2018-de-bunol\/\" title=\"V\u00eddeo: Rafa P\u00e9rez nos adelanta todos los detalles de La Tomatina 2018 de Bu\u00f1ol\">[+] <\/a><\/div>\n","protected":false},"author":1,"featured_media":73303,"comment_status":"open","ping_status":"open","sticky":false,"template":"","format":"standard","meta":{"footnotes":""},"categories":[18,10,5,7,383,3,45,26],"tags":[10385,5952,96],"class_list":{"0":"post-73300","1":"post","2":"type-post","3":"status-publish","4":"format-standard","5":"has-post-thumbnail","7":"category-bunol","8":"category-la-hoya","9":"category-la-semana-en-imagenes","10":"category-ocio-y-cultura","11":"category-pueblos-en-fiestas","12":"category-seccion","13":"category-ventana","14":"category-video","15":"tag-bunol","16":"tag-la-hoya-de-bunol-chiva","17":"tag-tomatina"},"_links":{"self":[{"href":"https:\/\/www.tucomarca.com\/wordpress\/segunda\/wp-json\/wp\/v2\/posts\/73300","targetHints":{"allow":["GET"]}}],"collection":[{"href":"https:\/\/www.tucomarca.com\/wordpress\/segunda\/wp-json\/wp\/v2\/posts"}],"about":[{"href":"https:\/\/www.tucomarca.com\/wordpress\/segunda\/wp-json\/wp\/v2\/types\/post"}],"author":[{"embeddable":true,"href":"https:\/\/www.tucomarca.com\/wordpress\/segunda\/wp-json\/wp\/v2\/users\/1"}],"replies":[{"embeddable":true,"href":"https:\/\/www.tucomarca.com\/wordpress\/segunda\/wp-json\/wp\/v2\/comments?post=73300"}],"version-history":[{"count":0,"href":"https:\/\/www.tucomarca.com\/wordpress\/segunda\/wp-json\/wp\/v2\/posts\/73300\/revisions"}],"wp:featuredmedia":[{"embeddable":true,"href":"https:\/\/www.tucomarca.com\/wordpress\/segunda\/wp-json\/wp\/v2\/media\/73303"}],"wp:attachment":[{"href":"https:\/\/www.tucomarca.com\/wordpress\/segunda\/wp-json\/wp\/v2\/media?parent=73300"}],"wp:term":[{"taxonomy":"category","embeddable":true,"href":"https:\/\/www.tucomarca.com\/wordpress\/segunda\/wp-json\/wp\/v2\/categories?post=73300"},{"taxonomy":"post_tag","embeddable":true,"href":"https:\/\/www.tucomarca.com\/wordpress\/segunda\/wp-json\/wp\/v2\/tags?post=73300"}],"curies":[{"name":"wp","href":"https:\/\/api.w.org\/{rel}","templated":true}]}}