{"id":7342,"date":"2012-09-24T11:26:46","date_gmt":"2012-09-24T09:26:46","guid":{"rendered":"http:\/\/www.tucomarca.com\/wordpress\/segunda\/?p=7342"},"modified":"2012-09-24T14:30:47","modified_gmt":"2012-09-24T12:30:47","slug":"la-pobla-de-vallbona-presenta-el-cuarto-volumen-de-la-biblioteca-de-patrimonio-que-recopila-la-historia-oral-del-pueblo","status":"publish","type":"post","link":"https:\/\/www.tucomarca.com\/wordpress\/segunda\/la-pobla-de-vallbona-presenta-el-cuarto-volumen-de-la-biblioteca-de-patrimonio-que-recopila-la-historia-oral-del-pueblo\/","title":{"rendered":"La Pobla de Vallbona presenta el cuarto volumen de la biblioteca de patrimonio que recopila la historia oral del pueblo"},"content":{"rendered":"<figure id=\"attachment_7343\" aria-describedby=\"caption-attachment-7343\" style=\"width: 300px\" class=\"wp-caption alignleft\"><a href=\"https:\/\/www.tucomarca.com\/wordpress\/segunda\/wp-content\/uploads\/2012\/09\/llibre.jpg\"><img loading=\"lazy\" decoding=\"async\" class=\"size-medium wp-image-7343\" title=\"llibre\" src=\"https:\/\/www.tucomarca.com\/wordpress\/segunda\/wp-content\/uploads\/2012\/09\/llibre-300x251.jpg\" alt=\"Una imagen de la presentaci\u00f3n del volumen en La Pobla.\" width=\"300\" height=\"251\" \/><\/a><figcaption id=\"caption-attachment-7343\" class=\"wp-caption-text\">Una imagen de la presentaci\u00f3n del volumen en La Pobla.<\/figcaption><\/figure>\n<p>La concejal\u00eda de Patrimonio del Ayuntamiento de la Pobla de Vallbona ha presentado el cuarto volumen de la Biblioteca de Patrimonio, en el museo etnol\u00f3gico &#8216;La Casa Gran&#8217; de la poblaci\u00f3n.<\/p>\n<p>La obra lleva por t\u00edtulo &#8216;La literatura oral de la Pobla de Vallbona, r\u00e8flex o espill de la vida&#8217;. Se trata de un libro que recoge la memoria oral del municipio, sus refranes, sus dichos o sus canciones, entre otros muchos elementos caracter\u00edsticos de la tradici\u00f3n oral de los vecinos del municipio a lo largo de los a\u00f1os.<\/p>\n<p>La obra es producto de un trabajo de investigaci\u00f3n por parte del departamento de Patrimonio, que incluye entrevistas con personas mayores del pueblo, cuestionarios y encuestas\u00a0rellenados por vecinos, y el aprovechamiento del material documental existente en el Ayuntamiento hasta este momento.<\/p>\n<p>De esta manera, los grandes protagonistas del libro son los propios vecinos. Quien no recuerda frases del tipo &#8216;Benaguasil gent de fusil, Benisan\u00f3 gent de can\u00f3&#8217;, o canciones como &#8216;Anem al Mas de Tous a\u00a0menjar-se l&#8217;ou, i venim del Mas Vell de menjar-se el rovell&#8217;. Incluye literatura oral en valenciano y tambi\u00e9n castellano.<\/p>\n<p>Se trata del cuarto volumen de esta Biblioteca de Patrimonio, con el cual el Ayuntamiento pretende recopilar y poner en valor la historia y la tradici\u00f3n de la Pobla de Vallbona en todos sus niveles, y que en el futuro se ir\u00e1 ampliando con sucesivas obras con nuevos temas, siempre con enfoque local.<\/p>\n<p>&nbsp;<\/p>\n","protected":false},"excerpt":{"rendered":"<div class=\"mh-excerpt\">La concejal\u00eda de Patrimonio del Ayuntamiento de la Pobla de Vallbona ha presentado el cuarto volumen de la Biblioteca de Patrimonio, en el museo etnol\u00f3gico &#8216;La Casa Gran&#8217; de la poblaci\u00f3n. La obra lleva por <a class=\"mh-excerpt-more\" href=\"https:\/\/www.tucomarca.com\/wordpress\/segunda\/la-pobla-de-vallbona-presenta-el-cuarto-volumen-de-la-biblioteca-de-patrimonio-que-recopila-la-historia-oral-del-pueblo\/\" title=\"La Pobla de Vallbona presenta el cuarto volumen de la biblioteca de patrimonio que recopila la historia oral del pueblo\">[+] <\/a><\/div>\n","protected":false},"author":1,"featured_media":7343,"comment_status":"open","ping_status":"open","sticky":false,"template":"","format":"standard","meta":{"footnotes":""},"categories":[46,174,7,3,45],"tags":[],"class_list":{"0":"post-7342","1":"post","2":"type-post","3":"status-publish","4":"format-standard","5":"has-post-thumbnail","7":"category-camp-de-turia","8":"category-la-pobla","9":"category-ocio-y-cultura","10":"category-seccion","11":"category-ventana"},"_links":{"self":[{"href":"https:\/\/www.tucomarca.com\/wordpress\/segunda\/wp-json\/wp\/v2\/posts\/7342","targetHints":{"allow":["GET"]}}],"collection":[{"href":"https:\/\/www.tucomarca.com\/wordpress\/segunda\/wp-json\/wp\/v2\/posts"}],"about":[{"href":"https:\/\/www.tucomarca.com\/wordpress\/segunda\/wp-json\/wp\/v2\/types\/post"}],"author":[{"embeddable":true,"href":"https:\/\/www.tucomarca.com\/wordpress\/segunda\/wp-json\/wp\/v2\/users\/1"}],"replies":[{"embeddable":true,"href":"https:\/\/www.tucomarca.com\/wordpress\/segunda\/wp-json\/wp\/v2\/comments?post=7342"}],"version-history":[{"count":0,"href":"https:\/\/www.tucomarca.com\/wordpress\/segunda\/wp-json\/wp\/v2\/posts\/7342\/revisions"}],"wp:featuredmedia":[{"embeddable":true,"href":"https:\/\/www.tucomarca.com\/wordpress\/segunda\/wp-json\/wp\/v2\/media\/7343"}],"wp:attachment":[{"href":"https:\/\/www.tucomarca.com\/wordpress\/segunda\/wp-json\/wp\/v2\/media?parent=7342"}],"wp:term":[{"taxonomy":"category","embeddable":true,"href":"https:\/\/www.tucomarca.com\/wordpress\/segunda\/wp-json\/wp\/v2\/categories?post=7342"},{"taxonomy":"post_tag","embeddable":true,"href":"https:\/\/www.tucomarca.com\/wordpress\/segunda\/wp-json\/wp\/v2\/tags?post=7342"}],"curies":[{"name":"wp","href":"https:\/\/api.w.org\/{rel}","templated":true}]}}