{"id":7390,"date":"2012-09-24T21:49:08","date_gmt":"2012-09-24T19:49:08","guid":{"rendered":"http:\/\/www.tucomarca.com\/wordpress\/segunda\/?p=7390"},"modified":"2012-09-24T21:49:08","modified_gmt":"2012-09-24T19:49:08","slug":"video-del-pleno-del-ayuntamiento-de-bunol-de-septiembre-de-2012","status":"publish","type":"post","link":"https:\/\/www.tucomarca.com\/wordpress\/segunda\/video-del-pleno-del-ayuntamiento-de-bunol-de-septiembre-de-2012\/","title":{"rendered":"V\u00eddeo del pleno del Ayuntamiento de Bu\u00f1ol de septiembre de 2012"},"content":{"rendered":"<p>Aqu\u00ed os dejamos, para quien no haya tenido ocasi\u00f3n de ver en directo a trav\u00e9s de  tucomarca televisi\u00f3n el pleno del Ayuntamiento de Bu\u00f1ol del lunes 24 de  septiembre de 2012, aqu\u00ed ten\u00e9is el v\u00eddeo del mismo que ya ha finalizado.<\/p>\n","protected":false},"excerpt":{"rendered":"<div class=\"mh-excerpt\">Aqu\u00ed os dejamos, para quien no haya tenido ocasi\u00f3n de ver en directo a trav\u00e9s de tucomarca televisi\u00f3n el pleno del Ayuntamiento de Bu\u00f1ol del lunes 24 de septiembre de 2012, aqu\u00ed ten\u00e9is el v\u00eddeo <a class=\"mh-excerpt-more\" href=\"https:\/\/www.tucomarca.com\/wordpress\/segunda\/video-del-pleno-del-ayuntamiento-de-bunol-de-septiembre-de-2012\/\" title=\"V\u00eddeo del pleno del Ayuntamiento de Bu\u00f1ol de septiembre de 2012\">[+] <\/a><\/div>\n","protected":false},"author":1,"featured_media":0,"comment_status":"open","ping_status":"open","sticky":false,"template":"","format":"standard","meta":{"footnotes":""},"categories":[18,8,10,142,3,26],"tags":[],"class_list":{"0":"post-7390","1":"post","2":"type-post","3":"status-publish","4":"format-standard","6":"category-bunol","7":"category-la-comarca","8":"category-la-hoya","9":"category-politica-la-comarca","10":"category-seccion","11":"category-video"},"_links":{"self":[{"href":"https:\/\/www.tucomarca.com\/wordpress\/segunda\/wp-json\/wp\/v2\/posts\/7390","targetHints":{"allow":["GET"]}}],"collection":[{"href":"https:\/\/www.tucomarca.com\/wordpress\/segunda\/wp-json\/wp\/v2\/posts"}],"about":[{"href":"https:\/\/www.tucomarca.com\/wordpress\/segunda\/wp-json\/wp\/v2\/types\/post"}],"author":[{"embeddable":true,"href":"https:\/\/www.tucomarca.com\/wordpress\/segunda\/wp-json\/wp\/v2\/users\/1"}],"replies":[{"embeddable":true,"href":"https:\/\/www.tucomarca.com\/wordpress\/segunda\/wp-json\/wp\/v2\/comments?post=7390"}],"version-history":[{"count":0,"href":"https:\/\/www.tucomarca.com\/wordpress\/segunda\/wp-json\/wp\/v2\/posts\/7390\/revisions"}],"wp:attachment":[{"href":"https:\/\/www.tucomarca.com\/wordpress\/segunda\/wp-json\/wp\/v2\/media?parent=7390"}],"wp:term":[{"taxonomy":"category","embeddable":true,"href":"https:\/\/www.tucomarca.com\/wordpress\/segunda\/wp-json\/wp\/v2\/categories?post=7390"},{"taxonomy":"post_tag","embeddable":true,"href":"https:\/\/www.tucomarca.com\/wordpress\/segunda\/wp-json\/wp\/v2\/tags?post=7390"}],"curies":[{"name":"wp","href":"https:\/\/api.w.org\/{rel}","templated":true}]}}