{"id":7394,"date":"2012-09-25T10:28:47","date_gmt":"2012-09-25T08:28:47","guid":{"rendered":"http:\/\/www.tucomarca.com\/wordpress\/segunda\/?p=7394"},"modified":"2012-09-25T10:49:07","modified_gmt":"2012-09-25T08:49:07","slug":"continuan-activos-los-incendios-de-chulilla-riba-roja-vilamarxant-y-benicolet","status":"publish","type":"post","link":"https:\/\/www.tucomarca.com\/wordpress\/segunda\/continuan-activos-los-incendios-de-chulilla-riba-roja-vilamarxant-y-benicolet\/","title":{"rendered":"Contin\u00faan activos los incendios de Chulilla, Riba-roja, Vilamarxant y Benicolet"},"content":{"rendered":"<p>Respecto al incendio forestal de Chulilla, un total de 25 medios a\u00e9reos se est\u00e1n incorporando al incendio de forma escalonada, por lo que desde Gobernaci\u00f3n no se descarta que se pueda controlar durante la jornada de hoy.<\/p>\n<p>Actualmente trabajan en la zona 450 efectivos terrestres, 15 brigadas, efectios de la UME, as\u00ed como 37 efectivos del Consorcio de Bomberos de Valencia. A ellos se unen miembros de Polic\u00eda Local, Guardia Civil y t\u00e9cnicos.<\/p>\n<p>Se han abierto todas la carreteras de la zona afectadas por las llamas y la poblaci\u00f3n evacuada est\u00e1 regresando a sus municipios, por lo que tan solo 14 personas pasaron la noche en el ERIE de Vilamarxant, ya que al abrir las carreteras, alrededor de la media noche de ayer lunes, la gente regres\u00f3 a sus domicilios.<\/p>\n<p>Respecto al incendio de Riba-roja, a estas horas permanecen 2 dotaciones de bomberos<a dir=\"ltr\" href=\"http:\/\/twitter.com\/BombersValencia\"><\/a>, 6 brigadas y 2 autobombas trabajando en el lugar.<\/p>\n<p>Y en el incendio de Vilamarxant, dos dotaciones de bomebros refrescan  la zona en estos momentos. Tal como han informado fuentes dle Consorcio de Bomberos, este siniestro se trata de una reproducci\u00f3n por la zona de Pedralba y Bugarra debido al viento. Estas reproducciones son normales y est\u00e1n trabajando para su extinci\u00f3n total.<\/p>\n<p>Adem\u00e1s, alrededor de las ocho y media de la ma\u00f1ana de hoy martes\u00a0 se ha iniciado otro incendio en Benicolet (en la comarca de La Vall d&#8217;Albaida). Se han movilizado 5 brigadas y un medio a\u00e9reo. Afecta a monte bajo. Llamada al 112: 8,40 horas. Posteriormente se han incorporado dos medios a\u00e9reos m\u00e1s a las 5 brigadas.<\/p>\n<p>Con todo, se mantiene para la jornada de hoy la preemergencia por riesgo de incendios forestales en toda la Comunidad Valenciana.<\/p>\n","protected":false},"excerpt":{"rendered":"<div class=\"mh-excerpt\">Respecto al incendio forestal de Chulilla, un total de 25 medios a\u00e9reos se est\u00e1n incorporando al incendio de forma escalonada, por lo que desde Gobernaci\u00f3n no se descarta que se pueda controlar durante la jornada <a class=\"mh-excerpt-more\" href=\"https:\/\/www.tucomarca.com\/wordpress\/segunda\/continuan-activos-los-incendios-de-chulilla-riba-roja-vilamarxant-y-benicolet\/\" title=\"Contin\u00faan activos los incendios de Chulilla, Riba-roja, Vilamarxant y Benicolet\">[+] <\/a><\/div>\n","protected":false},"author":1,"featured_media":0,"comment_status":"open","ping_status":"open","sticky":false,"template":"","format":"standard","meta":{"footnotes":""},"categories":[46,192,8,59,182,3,116,184],"tags":[],"class_list":{"0":"post-7394","1":"post","2":"type-post","3":"status-publish","4":"format-standard","6":"category-camp-de-turia","7":"category-chulilla","8":"category-la-comarca","9":"category-los-serranos","10":"category-riba-roja","11":"category-seccion","12":"category-sucesos-la-comarca","13":"category-vilamarxant"},"_links":{"self":[{"href":"https:\/\/www.tucomarca.com\/wordpress\/segunda\/wp-json\/wp\/v2\/posts\/7394","targetHints":{"allow":["GET"]}}],"collection":[{"href":"https:\/\/www.tucomarca.com\/wordpress\/segunda\/wp-json\/wp\/v2\/posts"}],"about":[{"href":"https:\/\/www.tucomarca.com\/wordpress\/segunda\/wp-json\/wp\/v2\/types\/post"}],"author":[{"embeddable":true,"href":"https:\/\/www.tucomarca.com\/wordpress\/segunda\/wp-json\/wp\/v2\/users\/1"}],"replies":[{"embeddable":true,"href":"https:\/\/www.tucomarca.com\/wordpress\/segunda\/wp-json\/wp\/v2\/comments?post=7394"}],"version-history":[{"count":0,"href":"https:\/\/www.tucomarca.com\/wordpress\/segunda\/wp-json\/wp\/v2\/posts\/7394\/revisions"}],"wp:attachment":[{"href":"https:\/\/www.tucomarca.com\/wordpress\/segunda\/wp-json\/wp\/v2\/media?parent=7394"}],"wp:term":[{"taxonomy":"category","embeddable":true,"href":"https:\/\/www.tucomarca.com\/wordpress\/segunda\/wp-json\/wp\/v2\/categories?post=7394"},{"taxonomy":"post_tag","embeddable":true,"href":"https:\/\/www.tucomarca.com\/wordpress\/segunda\/wp-json\/wp\/v2\/tags?post=7394"}],"curies":[{"name":"wp","href":"https:\/\/api.w.org\/{rel}","templated":true}]}}