{"id":74148,"date":"2018-09-09T20:13:31","date_gmt":"2018-09-09T18:13:31","guid":{"rendered":"http:\/\/www.tucomarca.com\/wordpress\/segunda\/?p=74148"},"modified":"2018-09-09T20:13:31","modified_gmt":"2018-09-09T18:13:31","slug":"la-guardia-civil-detiene-a-una-persona-por-tenencia-de-pornografia-infantil-en-una-poblacion-de-la-ribera-alta","status":"publish","type":"post","link":"https:\/\/www.tucomarca.com\/wordpress\/segunda\/la-guardia-civil-detiene-a-una-persona-por-tenencia-de-pornografia-infantil-en-una-poblacion-de-la-ribera-alta\/","title":{"rendered":"La Guardia Civil detiene a una persona por tenencia de pornograf\u00eda infantil en una poblaci\u00f3n de la Ribera Alta"},"content":{"rendered":"<figure id=\"attachment_74149\" aria-describedby=\"caption-attachment-74149\" style=\"width: 423px\" class=\"wp-caption alignleft\"><img loading=\"lazy\" decoding=\"async\" class=\" wp-image-74149\" src=\"https:\/\/www.tucomarca.com\/wordpress\/segunda\/wp-content\/uploads\/2018\/09\/PORINFA.jpg\" alt=\"Se ha practicado un registro en la vivienda del detenido en Alzira donde se le han intervenido 2 ordenadores port\u00e1tiles y 2 tel\u00e9fonos m\u00f3viles.\" width=\"423\" height=\"317\" srcset=\"https:\/\/www.tucomarca.com\/wordpress\/segunda\/wp-content\/uploads\/2018\/09\/PORINFA.jpg 1024w, https:\/\/www.tucomarca.com\/wordpress\/segunda\/wp-content\/uploads\/2018\/09\/PORINFA-300x225.jpg 300w, https:\/\/www.tucomarca.com\/wordpress\/segunda\/wp-content\/uploads\/2018\/09\/PORINFA-768x576.jpg 768w\" sizes=\"auto, (max-width: 423px) 100vw, 423px\" \/><figcaption id=\"caption-attachment-74149\" class=\"wp-caption-text\">Se ha practicado un registro en la vivienda del detenido en Alzira donde se le han intervenido 2 ordenadores port\u00e1tiles y 2 tel\u00e9fonos m\u00f3viles.<\/figcaption><\/figure>\n<p>El Equipo de la Guardia Civil de Polic\u00eda Judicial de Sueca y Guardia Civil de Carlet, en el marco de la operaci\u00f3n \u201cPORINFA\u201d han detenido a un var\u00f3n de 32 a\u00f1os de nacionalidad espa\u00f1ola por delitos relacionados con la pornograf\u00eda infantil.<\/p>\n<p>Con fecha<span class=\"Apple-converted-space\">\u00a0 <\/span>11 de septiembre de 2017, se person\u00f3 en el Puesto de Carlet una persona para hacer entrega de un disco duro de ordenador, que hab\u00eda adquirido d\u00edas antes utilizando la plataforma Wallappop, y que una vez instalado comprob\u00f3 que conten\u00eda archivos de pornograf\u00eda infantil.<\/p>\n<p>Por parte del Equipo de Polic\u00eda Judicial de Sueca<span class=\"Apple-converted-space\">\u00a0 <\/span>y contando con autorizaci\u00f3n judicial se procedi\u00f3 al estudio de este disco, en el que entre otro tipo de archivos se encontraron m\u00e1s de 130 del tipo imagen o video corto considerados de material pornogr\u00e1fico infantil, siendo algunas de ellas sin lugar a dudas de menores de edad, y otras en las que por vestimenta y apariencia se les intentara hacer pasar por menores, en algunos de estos archivos se pueden apreciar im\u00e1genes sexualmente expl\u00edcitas de ni\u00f1as que aparentan unos 8 o 9 a\u00f1os, y en otras se pueden apreciar menores desnudos enfatizando los genitales.<\/p>\n<p>Adem\u00e1s se hallaron otros archivos en formato imagen correspondientes a im\u00e1genes creadas virtualmente pero algunas de ellas de tal realismo que aun no siendo reales lo parecen, en las que se ve a menores participando en conductas sexualmente explicitas.<\/p>\n<p>Se pudo comprobar que el presunto autor hacia uso de redes sociales, donde se le detectaron mensajes en los que dejaba claro que no ten\u00eda reparos en practicar sexo con ni\u00f1as menores, incluso de 13 a\u00f1os.<\/p>\n<p>Tras practicar diversas gestiones a trav\u00e9s del tel\u00e9fono usado por el vendedor y algunos archivos encontrados en el disco duro se pudo identificar a la persona que hab\u00eda sido el poseedor y que dispon\u00eda de los archivos pornogr\u00e1ficos. El pasado 30 de agosto se detuvo al autor de los hechos, un var\u00f3n de 32 a\u00f1os de nacionalidad espa\u00f1ola, por un delito de tenencia de pornograf\u00eda infantil.<\/p>\n<p><b>M\u00e1s de 130 im\u00e1genes con contenido pornogr\u00e1fico<\/b><\/p>\n<p>Estos elementos tecnol\u00f3gicos est\u00e1n pendientes de ser analizados por los agentes responsables de la investigaci\u00f3n al objeto de determinar la posible existencia de m\u00e1s im\u00e1genes y videos de contenido pornografico.<\/p>\n<p>Las diligencias instruidas han sido entregadas en el Juzgado de 1\u00aa Instancia e Instrucci\u00f3n n\u00ba 6 de Alzira.<\/p>\n","protected":false},"excerpt":{"rendered":"<div class=\"mh-excerpt\">El Equipo de la Guardia Civil de Polic\u00eda Judicial de Sueca y Guardia Civil de Carlet, en el marco de la operaci\u00f3n \u201cPORINFA\u201d han detenido a un var\u00f3n de 32 a\u00f1os de nacionalidad espa\u00f1ola por <a class=\"mh-excerpt-more\" href=\"https:\/\/www.tucomarca.com\/wordpress\/segunda\/la-guardia-civil-detiene-a-una-persona-por-tenencia-de-pornografia-infantil-en-una-poblacion-de-la-ribera-alta\/\" title=\"La Guardia Civil detiene a una persona por tenencia de pornograf\u00eda infantil en una poblaci\u00f3n de la Ribera Alta\">[+] <\/a><\/div>\n","protected":false},"author":1,"featured_media":74149,"comment_status":"open","ping_status":"open","sticky":false,"template":"","format":"standard","meta":{"footnotes":""},"categories":[69,8,42,3,116,45],"tags":[10402,3640],"class_list":{"0":"post-74148","1":"post","2":"type-post","3":"status-publish","4":"format-standard","5":"has-post-thumbnail","7":"category-alzira","8":"category-la-comarca","9":"category-la-ribera","10":"category-seccion","11":"category-sucesos-la-comarca","12":"category-ventana","13":"tag-alzira","14":"tag-la-ribera-alta"},"_links":{"self":[{"href":"https:\/\/www.tucomarca.com\/wordpress\/segunda\/wp-json\/wp\/v2\/posts\/74148","targetHints":{"allow":["GET"]}}],"collection":[{"href":"https:\/\/www.tucomarca.com\/wordpress\/segunda\/wp-json\/wp\/v2\/posts"}],"about":[{"href":"https:\/\/www.tucomarca.com\/wordpress\/segunda\/wp-json\/wp\/v2\/types\/post"}],"author":[{"embeddable":true,"href":"https:\/\/www.tucomarca.com\/wordpress\/segunda\/wp-json\/wp\/v2\/users\/1"}],"replies":[{"embeddable":true,"href":"https:\/\/www.tucomarca.com\/wordpress\/segunda\/wp-json\/wp\/v2\/comments?post=74148"}],"version-history":[{"count":0,"href":"https:\/\/www.tucomarca.com\/wordpress\/segunda\/wp-json\/wp\/v2\/posts\/74148\/revisions"}],"wp:featuredmedia":[{"embeddable":true,"href":"https:\/\/www.tucomarca.com\/wordpress\/segunda\/wp-json\/wp\/v2\/media\/74149"}],"wp:attachment":[{"href":"https:\/\/www.tucomarca.com\/wordpress\/segunda\/wp-json\/wp\/v2\/media?parent=74148"}],"wp:term":[{"taxonomy":"category","embeddable":true,"href":"https:\/\/www.tucomarca.com\/wordpress\/segunda\/wp-json\/wp\/v2\/categories?post=74148"},{"taxonomy":"post_tag","embeddable":true,"href":"https:\/\/www.tucomarca.com\/wordpress\/segunda\/wp-json\/wp\/v2\/tags?post=74148"}],"curies":[{"name":"wp","href":"https:\/\/api.w.org\/{rel}","templated":true}]}}