{"id":74153,"date":"2018-09-09T20:08:43","date_gmt":"2018-09-09T18:08:43","guid":{"rendered":"http:\/\/www.tucomarca.com\/wordpress\/segunda\/?p=74153"},"modified":"2018-09-09T20:08:43","modified_gmt":"2018-09-09T18:08:43","slug":"colomer-destaca-la-apuesta-de-utiel-por-recuperar-las-bodegas-subterraneas-y-transformarlas-en-un-recurso-turistico","status":"publish","type":"post","link":"https:\/\/www.tucomarca.com\/wordpress\/segunda\/colomer-destaca-la-apuesta-de-utiel-por-recuperar-las-bodegas-subterraneas-y-transformarlas-en-un-recurso-turistico\/","title":{"rendered":"Colomer destaca la \u00abapuesta de Utiel por recuperar las bodegas Subterr\u00e1neas y transformarlas en un recurso tur\u00edstico\u00bb"},"content":{"rendered":"<figure id=\"attachment_74154\" aria-describedby=\"caption-attachment-74154\" style=\"width: 426px\" class=\"wp-caption alignleft\"><img loading=\"lazy\" decoding=\"async\" class=\" wp-image-74154\" src=\"https:\/\/www.tucomarca.com\/wordpress\/segunda\/wp-content\/uploads\/2018\/09\/Visita_Colomer_Utiel_2.jpg\" alt=\"El responsable de Turisme se\u00f1ala que la rehabilitaci\u00f3n &quot;cuenta con la colaboraci\u00f3n de la Generalitat&quot;.\" width=\"426\" height=\"207\" srcset=\"https:\/\/www.tucomarca.com\/wordpress\/segunda\/wp-content\/uploads\/2018\/09\/Visita_Colomer_Utiel_2.jpg 1600w, https:\/\/www.tucomarca.com\/wordpress\/segunda\/wp-content\/uploads\/2018\/09\/Visita_Colomer_Utiel_2-300x146.jpg 300w, https:\/\/www.tucomarca.com\/wordpress\/segunda\/wp-content\/uploads\/2018\/09\/Visita_Colomer_Utiel_2-768x373.jpg 768w, https:\/\/www.tucomarca.com\/wordpress\/segunda\/wp-content\/uploads\/2018\/09\/Visita_Colomer_Utiel_2-1024x497.jpg 1024w\" sizes=\"auto, (max-width: 426px) 100vw, 426px\" \/><figcaption id=\"caption-attachment-74154\" class=\"wp-caption-text\">El responsable de Turisme se\u00f1ala que la rehabilitaci\u00f3n \u00abcuenta con la colaboraci\u00f3n de la Generalitat\u00bb.<\/figcaption><\/figure>\n<p>El secretario auton\u00f3mico de Turisme Comunitat Valenciana, Francesc Colomer, ha destacado la \u00abapuesta de Utiel por recuperar su patrimonio e identidad en las bodegas subterr\u00e1neas y transformarlas en un recurso tur\u00edstico\u00bb.<\/p>\n<p>As\u00ed se ha pronunciado Colomer durante la inauguraci\u00f3n de las bodegas subterr\u00e1neas Puerta del Sol de Utiel, donde ha asistido acompa\u00f1ado por el alcalde de la localidad, Fernando Benlliure.<\/p>\n<p>Colomer ha resaltado que \u00abdebemos trabajar para salir de la rutina, defendiendo lo mejor que tenemos, nuestra identidad, para que la gente venga a conocernos y a vivir experiencias \u00fanicas\u00bb.<\/p>\n<p>El responsable de Turisme ha reconocido \u00abel gran potencial tur\u00edstico\u00bb de la localidad, \u00abque cuenta con patrimonio hist\u00f3rico, paisaj\u00edstico y enol\u00f3gico, que s\u00f3lo es posible conocerlo aqu\u00ed\u00bb.<\/p>\n<p>En esta l\u00ednea, ha resaltado \u00abla singularidad de estas cuevas\u00bb y ha abogado por seguir trabajando en busca de la autenticidad de nuestros destinos, al tiempo que ha subrayado que \u00abincluso bajo el suelo buscamos la mejor historia para emocionar al viajero\u00bb.<\/p>\n<p><b>Bodegas subterr\u00e1neas de Utiel<\/b><\/p>\n<p>Las bodegas subterr\u00e1neas de Utiel son tres cuevas que se encuentran en el n\u00facleo hist\u00f3rico de la localidad, en la plaza Puerta del Sol.<\/p>\n<p>Cabe resaltar que la rehabilitaci\u00f3n, recuperaci\u00f3n y puesta en valor de estas cuevas se ha realizado con la colaboraci\u00f3n de Turisme Comunitat Valenciana a trav\u00e9s de la orden de ayudas a entidades locales.<\/p>\n<p>En concreto, Turisme Comunitat Valenciana ha concedido una ayuda para el proyecto de recuperaci\u00f3n de las bodegas subterr\u00e1neas Puerta del Sol de Utiel de m\u00e1s de 31.000 euros para los a\u00f1os 2018 y 2018. Cabe se\u00f1alar que este proyecto de rehabilitaci\u00f3n plurianual cuenta con un presupuesto total de 56.635 euros.<\/p>\n<p>A trav\u00e9s de la orden de ayudas dirigidas a entidades locales, Turisme Comunitat Valenciana ha apoyado en 2018 un total de 362 proyectos de municipios por un importe global de 5 millones de euros.<\/p>\n<p>Cabe resaltar que las ayudas se enmarcan en dos programas diferentes. Por un lado, el &#8216;Programa para la adecuaci\u00f3n y mejora de los servicios y recursos tur\u00edsticos&#8217;, en el cual se han apoyado un total de 121 proyectos mediante la concesi\u00f3n de ayudas por un importe global de 2.122.948,70 euros. Por otro lado, el programa &#8216;Impulso a la competitividad y desestacionalizaci\u00f3n de los destinos tur\u00edsticos&#8217;, en el que se han apoyado un total de 241 proyectos con una dotaci\u00f3n de 2.946.541,71 euros.<\/p>\n<p>Francesc Colomer ha resaltado que \u00aben 2018 hemos incrementado en m\u00e1s de 2 millones de euros las ayudas destinadas a los ayuntamientos, demostrando nuestra implicaci\u00f3n en la gobernanza colaborativa con los municipios, valor fundamental en la configuraci\u00f3n de productos y destinos que aporten un valor a\u00f1adido a la visita tur\u00edstica\u00bb.<\/p>\n<p>\u00abPor ello -ha a\u00f1adido Colomer- desde Turisme respaldamos aquellos proyectos que tengan que ver con la innovaci\u00f3n, con la creatividad, con los nuevos productos y adem\u00e1s, este a\u00f1o, con estrategias que contribuyan a la desestacionalizaci\u00f3n, sintonizando con nuestra campa\u00f1a Sempre Oberta\u00bb.<\/p>\n","protected":false},"excerpt":{"rendered":"<div class=\"mh-excerpt\">El secretario auton\u00f3mico de Turisme Comunitat Valenciana, Francesc Colomer, ha destacado la \u00abapuesta de Utiel por recuperar su patrimonio e identidad en las bodegas subterr\u00e1neas y transformarlas en un recurso tur\u00edstico\u00bb. As\u00ed se ha pronunciado <a class=\"mh-excerpt-more\" href=\"https:\/\/www.tucomarca.com\/wordpress\/segunda\/colomer-destaca-la-apuesta-de-utiel-por-recuperar-las-bodegas-subterraneas-y-transformarlas-en-un-recurso-turistico\/\" title=\"Colomer destaca la \u00abapuesta de Utiel por recuperar las bodegas Subterr\u00e1neas y transformarlas en un recurso tur\u00edstico\u00bb\">[+] <\/a><\/div>\n","protected":false},"author":1,"featured_media":74154,"comment_status":"open","ping_status":"open","sticky":false,"template":"","format":"standard","meta":{"footnotes":""},"categories":[66,7,27,29],"tags":[10387,10389],"class_list":{"0":"post-74153","1":"post","2":"type-post","3":"status-publish","4":"format-standard","5":"has-post-thumbnail","7":"category-musica","8":"category-ocio-y-cultura","9":"category-requena-utiel","10":"category-utiel","11":"tag-requena-utiel","12":"tag-utiel"},"_links":{"self":[{"href":"https:\/\/www.tucomarca.com\/wordpress\/segunda\/wp-json\/wp\/v2\/posts\/74153","targetHints":{"allow":["GET"]}}],"collection":[{"href":"https:\/\/www.tucomarca.com\/wordpress\/segunda\/wp-json\/wp\/v2\/posts"}],"about":[{"href":"https:\/\/www.tucomarca.com\/wordpress\/segunda\/wp-json\/wp\/v2\/types\/post"}],"author":[{"embeddable":true,"href":"https:\/\/www.tucomarca.com\/wordpress\/segunda\/wp-json\/wp\/v2\/users\/1"}],"replies":[{"embeddable":true,"href":"https:\/\/www.tucomarca.com\/wordpress\/segunda\/wp-json\/wp\/v2\/comments?post=74153"}],"version-history":[{"count":0,"href":"https:\/\/www.tucomarca.com\/wordpress\/segunda\/wp-json\/wp\/v2\/posts\/74153\/revisions"}],"wp:featuredmedia":[{"embeddable":true,"href":"https:\/\/www.tucomarca.com\/wordpress\/segunda\/wp-json\/wp\/v2\/media\/74154"}],"wp:attachment":[{"href":"https:\/\/www.tucomarca.com\/wordpress\/segunda\/wp-json\/wp\/v2\/media?parent=74153"}],"wp:term":[{"taxonomy":"category","embeddable":true,"href":"https:\/\/www.tucomarca.com\/wordpress\/segunda\/wp-json\/wp\/v2\/categories?post=74153"},{"taxonomy":"post_tag","embeddable":true,"href":"https:\/\/www.tucomarca.com\/wordpress\/segunda\/wp-json\/wp\/v2\/tags?post=74153"}],"curies":[{"name":"wp","href":"https:\/\/api.w.org\/{rel}","templated":true}]}}