{"id":74158,"date":"2018-09-07T20:23:57","date_gmt":"2018-09-07T18:23:57","guid":{"rendered":"http:\/\/www.tucomarca.com\/wordpress\/segunda\/?p=74158"},"modified":"2018-09-07T20:23:57","modified_gmt":"2018-09-07T18:23:57","slug":"la-volta-a-valencia-trofeu-diputacio-se-consolida-con-su-octava-edicion","status":"publish","type":"post","link":"https:\/\/www.tucomarca.com\/wordpress\/segunda\/la-volta-a-valencia-trofeu-diputacio-se-consolida-con-su-octava-edicion\/","title":{"rendered":"La Volta a Val\u00e8ncia \u2013 Trofeu Diputaci\u00f3 se consolida con su octava edici\u00f3n"},"content":{"rendered":"<figure id=\"attachment_74159\" aria-describedby=\"caption-attachment-74159\" style=\"width: 414px\" class=\"wp-caption alignleft\"><img loading=\"lazy\" decoding=\"async\" class=\" wp-image-74159\" src=\"https:\/\/www.tucomarca.com\/wordpress\/segunda\/wp-content\/uploads\/2018\/09\/Vuelta-a-Valencia_Foto-MPazos-2.jpg\" alt=\"Esta edici\u00f3n contar\u00e1 con un total de 21 equipos en competici\u00f3n que correr\u00e1n durante cuatro d\u00edas por las calles de Val\u00e8ncia, Benag\u00e9ber, Aras de los Olmos, Riba-roja de T\u00faria, Ll\u00edria y Moncada.\" width=\"414\" height=\"277\" srcset=\"https:\/\/www.tucomarca.com\/wordpress\/segunda\/wp-content\/uploads\/2018\/09\/Vuelta-a-Valencia_Foto-MPazos-2.jpg 3872w, https:\/\/www.tucomarca.com\/wordpress\/segunda\/wp-content\/uploads\/2018\/09\/Vuelta-a-Valencia_Foto-MPazos-2-300x201.jpg 300w, https:\/\/www.tucomarca.com\/wordpress\/segunda\/wp-content\/uploads\/2018\/09\/Vuelta-a-Valencia_Foto-MPazos-2-768x514.jpg 768w, https:\/\/www.tucomarca.com\/wordpress\/segunda\/wp-content\/uploads\/2018\/09\/Vuelta-a-Valencia_Foto-MPazos-2-1024x685.jpg 1024w\" sizes=\"auto, (max-width: 414px) 100vw, 414px\" \/><figcaption id=\"caption-attachment-74159\" class=\"wp-caption-text\">Esta edici\u00f3n contar\u00e1 con un total de 21 equipos en competici\u00f3n que correr\u00e1n durante cuatro d\u00edas por las calles de Val\u00e8ncia, Benag\u00e9ber, Aras de los Olmos, Riba-roja de T\u00faria, Ll\u00edria y Moncada.<\/figcaption><\/figure>\n<p>La Volta a Val\u00e8ncia &#8211; Trofeu Diputaci\u00f3 regresa a Val\u00e8ncia con la que es ya su octava edici\u00f3n, lo que la convierte en una cita imprescindible en el calendario valenciano. La presentaci\u00f3n oficial ha tenido lugar este lunes en la sede central de la corporaci\u00f3n provincial, donde organizadores, responsables municipales y la diputada de Deportes, Isabel Garc\u00eda, han desgranado las novedades de esta edici\u00f3n.<\/p>\n<p>Este a\u00f1o la participaci\u00f3n ha quedado limitada a 21 equipos, lo que se traducir\u00e1 en un pelot\u00f3n de 147 ciclistas. Habr\u00e1, adem\u00e1s, tres equipos extranjeros: la selecci\u00f3n de Jap\u00f3n, el Lokosphinx de Rusia y el UC M\u00f3naco. Tambi\u00e9n han sido invitados todos los equipos valencianos: el ULB Sport, el Mutua Levante, el Gsport, Ginestar, el Electro Hiper Europa y el Benicassim Me gusta, a los que se suman equipos invitados de los mejores conjuntos del pelot\u00f3n nacional elite y sub-23: R\u00edas Baixas, Polartec-Fundaci\u00f3n Contador, Lizarte, La Tova, Gomur, Escribano, Control Pack, Compak, Caja Rural, Bicicletas Rodr\u00edguez, Baqu\u00e9 y Ampo.<\/p>\n<p>La competici\u00f3n arrancar\u00e1 con una primera etapa que partir\u00e1 desde Val\u00e8ncia el pr\u00f3ximo jueves 6 de septiembre. Una etapa de 132 kil\u00f3metros que desembocar\u00e1 en Riba-roja de T\u00faria. Una de las grandes novedades de esta edici\u00f3n llegar\u00e1 con la inclusi\u00f3n de una segunda etapa muy selectiva en el Alto T\u00faria, con salida en Benag\u00e9ber y meta en Aras de los Olmos. La tercera etapa tambi\u00e9n es nueva en la ronda valenciana: una contrarreloj individual en Ll\u00edria que superar\u00e1 los 20 kil\u00f3metros. La prueba se despedir\u00e1 el domingo con el tradicional circuito de Moncada.<\/p>\n<p><strong>La Diputaci\u00f3, volcada con el deporte<\/strong><\/p>\n<p>Con un total de 428 kil\u00f3metros divididos en cuatro etapas, la Volta a Val\u00e8ncia es ya \u201cun cl\u00e1sico\u201d en el deporte valenciano. \u201cUn deporte, el ciclismo, que comparte los valores que desde el \u00e1rea que dirijo queremos trasladar a la hoja de ruta que gu\u00eda a toda la corporaci\u00f3n\u201d, ha defendido Isabel Garc\u00eda en rueda de prensa. \u201cEste es un evento que sirve, adem\u00e1s para demostrar que nuestra provincia est\u00e1 preparada para acoger cualquier tipo de evento deportivo\u201d, ha defendido la diputada.<\/p>\n","protected":false},"excerpt":{"rendered":"<div class=\"mh-excerpt\">La Volta a Val\u00e8ncia &#8211; Trofeu Diputaci\u00f3 regresa a Val\u00e8ncia con la que es ya su octava edici\u00f3n, lo que la convierte en una cita imprescindible en el calendario valenciano. La presentaci\u00f3n oficial ha tenido <a class=\"mh-excerpt-more\" href=\"https:\/\/www.tucomarca.com\/wordpress\/segunda\/la-volta-a-valencia-trofeu-diputacio-se-consolida-con-su-octava-edicion\/\" title=\"La Volta a Val\u00e8ncia \u2013 Trofeu Diputaci\u00f3 se consolida con su octava edici\u00f3n\">[+] <\/a><\/div>\n","protected":false},"author":1,"featured_media":74159,"comment_status":"open","ping_status":"open","sticky":false,"template":"","format":"standard","meta":{"footnotes":""},"categories":[101,141,46,8,72,47,59,182,3,45],"tags":[10483,10418,10395,2142,5588,10400,1504],"class_list":{"0":"post-74158","1":"post","2":"type-post","3":"status-publish","4":"format-standard","5":"has-post-thumbnail","7":"category-aras-de-olmos","8":"category-benageber","9":"category-camp-de-turia","10":"category-la-comarca","11":"category-sin-categorizar","12":"category-lliria","13":"category-los-serranos","14":"category-riba-roja","15":"category-seccion","16":"category-ventana","17":"tag-aras-de-olmos","18":"tag-benageber","19":"tag-camp-de-turia","20":"tag-la-comunitat","21":"tag-liria","22":"tag-los-serranos","23":"tag-riba-roja-2"},"_links":{"self":[{"href":"https:\/\/www.tucomarca.com\/wordpress\/segunda\/wp-json\/wp\/v2\/posts\/74158","targetHints":{"allow":["GET"]}}],"collection":[{"href":"https:\/\/www.tucomarca.com\/wordpress\/segunda\/wp-json\/wp\/v2\/posts"}],"about":[{"href":"https:\/\/www.tucomarca.com\/wordpress\/segunda\/wp-json\/wp\/v2\/types\/post"}],"author":[{"embeddable":true,"href":"https:\/\/www.tucomarca.com\/wordpress\/segunda\/wp-json\/wp\/v2\/users\/1"}],"replies":[{"embeddable":true,"href":"https:\/\/www.tucomarca.com\/wordpress\/segunda\/wp-json\/wp\/v2\/comments?post=74158"}],"version-history":[{"count":0,"href":"https:\/\/www.tucomarca.com\/wordpress\/segunda\/wp-json\/wp\/v2\/posts\/74158\/revisions"}],"wp:featuredmedia":[{"embeddable":true,"href":"https:\/\/www.tucomarca.com\/wordpress\/segunda\/wp-json\/wp\/v2\/media\/74159"}],"wp:attachment":[{"href":"https:\/\/www.tucomarca.com\/wordpress\/segunda\/wp-json\/wp\/v2\/media?parent=74158"}],"wp:term":[{"taxonomy":"category","embeddable":true,"href":"https:\/\/www.tucomarca.com\/wordpress\/segunda\/wp-json\/wp\/v2\/categories?post=74158"},{"taxonomy":"post_tag","embeddable":true,"href":"https:\/\/www.tucomarca.com\/wordpress\/segunda\/wp-json\/wp\/v2\/tags?post=74158"}],"curies":[{"name":"wp","href":"https:\/\/api.w.org\/{rel}","templated":true}]}}