{"id":7421,"date":"2012-09-25T15:04:04","date_gmt":"2012-09-25T13:04:04","guid":{"rendered":"http:\/\/www.tucomarca.com\/wordpress\/segunda\/?p=7421"},"modified":"2012-09-25T15:04:04","modified_gmt":"2012-09-25T13:04:04","slug":"turisme-organiza-un-press-trip-para-afianzar-el-turismo-de-requena-y-del-valle-de-ayora-en-belgica-y-holanda","status":"publish","type":"post","link":"https:\/\/www.tucomarca.com\/wordpress\/segunda\/turisme-organiza-un-press-trip-para-afianzar-el-turismo-de-requena-y-del-valle-de-ayora-en-belgica-y-holanda\/","title":{"rendered":"Turisme organiza un &#8216;press trip&#8217; para afianzar el turismo de Requena y del Valle de Ayora en B\u00e9lgica y Holanda"},"content":{"rendered":"<div><strong><\/strong>La  Generalitat, a trav\u00e9s de la Conselleria de Turismo, Cultura y Deporte y  en colaboraci\u00f3n con el Patronato Provincial de Turismo de Valencia, ha  organizado un \u00abpress trip\u00bb con periodistas belgas y holandeses, con el  objetivo de afianzar el turismo de interior y enol\u00f3gico de la provincia  en estos mercados.<\/div>\n<p>Los medios invitados son revistas especializadas en senderismo y  turismo de naturaleza, como \u00abOp Lemen Voeten\u00bb, y peri\u00f3dicos  generalistas de gran tirada, como \u00abBoom Regionale Uitgevers\u00bb y \u00abHet  Laatste Nieuws\u00bb.<\/p>\n<p>De esta forma este grupo de profesionales, que viajar\u00e1n hasta  Valencia ma\u00f1ana mi\u00e9rcoles 26 de septiembre, conocer\u00e1n de primera mano y  durante cuatro d\u00edas las oportunidades que ofrecen las comarcas del  interior de la provincia para los turistas de B\u00e9lgica y los Pa\u00edses  Bajos.<\/p>\n<p>As\u00ed, visitar\u00e1n la comarca del Valle de Ayora,  donde se acercar\u00e1n al municipio de Cofrentes y  conocer\u00e1n de cerca la  ruta fluvial por el J\u00facar y la oferta del  Balneario de Cofrentes.<\/p>\n<p>Este press trip incluye adem\u00e1s la visita a la ciudad de  Requena, donde  visitar\u00e1n su centro hist\u00f3rico, las famosas cuevas  subterr\u00e1neas, as\u00ed  como las bodegas de la Ruta del Vino de D.O.  Requena-Utiel.<\/p>\n<p>Otras de las comarcas que visitar\u00e1n ser\u00e1 la de la Costera y la Vall d\u00b4Albaida, en  concreto los municipios de  Bocairent, Fontanars y Moixent, donde  conocer\u00e1n in situ las rutas de  senderismo y actividades de turismo  activo disponibles en la zona.<\/p>\n<p>Durante su estancia en la Comunitat, que se alargar\u00e1 hasta el  pr\u00f3ximo domingo 30 de septiembre, los periodistas tendr\u00e1n la oportunidad  de conocer la oferta l\u00fadica y tur\u00edstica de la ciudad de Valencia, que  incluye la visita a la Ciudad de las Artes y las Ciencias, la Malvarrosa  as\u00ed como el centro hist\u00f3rico de El Carmen.<\/p>\n<p>Esta promoci\u00f3n, dirigida al mercado belga y holand\u00e9s, se  enmarca dentro de las acciones de promoci\u00f3n que la Conselleria de  Turismo, Cultura y Deporte organiza en colaboraci\u00f3n con Turespa\u00f1a  durante el 2012.<\/p>\n","protected":false},"excerpt":{"rendered":"<div class=\"mh-excerpt\">La Generalitat, a trav\u00e9s de la Conselleria de Turismo, Cultura y Deporte y en colaboraci\u00f3n con el Patronato Provincial de Turismo de Valencia, ha organizado un \u00abpress trip\u00bb con periodistas belgas y holandeses, con el <a class=\"mh-excerpt-more\" href=\"https:\/\/www.tucomarca.com\/wordpress\/segunda\/turisme-organiza-un-press-trip-para-afianzar-el-turismo-de-requena-y-del-valle-de-ayora-en-belgica-y-holanda\/\" title=\"Turisme organiza un &#8216;press trip&#8217; para afianzar el turismo de Requena y del Valle de Ayora en B\u00e9lgica y Holanda\">[+] <\/a><\/div>\n","protected":false},"author":1,"featured_media":0,"comment_status":"open","ping_status":"open","sticky":false,"template":"","format":"standard","meta":{"footnotes":""},"categories":[39,38,41,8,117,28,27,3],"tags":[],"class_list":{"0":"post-7421","1":"post","2":"type-post","3":"status-publish","4":"format-standard","6":"category-ayora","7":"category-ayora-cofrentes","8":"category-cofrentes","9":"category-la-comarca","10":"category-medio-ambiente-la-comarca","11":"category-requena","12":"category-requena-utiel","13":"category-seccion"},"_links":{"self":[{"href":"https:\/\/www.tucomarca.com\/wordpress\/segunda\/wp-json\/wp\/v2\/posts\/7421","targetHints":{"allow":["GET"]}}],"collection":[{"href":"https:\/\/www.tucomarca.com\/wordpress\/segunda\/wp-json\/wp\/v2\/posts"}],"about":[{"href":"https:\/\/www.tucomarca.com\/wordpress\/segunda\/wp-json\/wp\/v2\/types\/post"}],"author":[{"embeddable":true,"href":"https:\/\/www.tucomarca.com\/wordpress\/segunda\/wp-json\/wp\/v2\/users\/1"}],"replies":[{"embeddable":true,"href":"https:\/\/www.tucomarca.com\/wordpress\/segunda\/wp-json\/wp\/v2\/comments?post=7421"}],"version-history":[{"count":0,"href":"https:\/\/www.tucomarca.com\/wordpress\/segunda\/wp-json\/wp\/v2\/posts\/7421\/revisions"}],"wp:attachment":[{"href":"https:\/\/www.tucomarca.com\/wordpress\/segunda\/wp-json\/wp\/v2\/media?parent=7421"}],"wp:term":[{"taxonomy":"category","embeddable":true,"href":"https:\/\/www.tucomarca.com\/wordpress\/segunda\/wp-json\/wp\/v2\/categories?post=7421"},{"taxonomy":"post_tag","embeddable":true,"href":"https:\/\/www.tucomarca.com\/wordpress\/segunda\/wp-json\/wp\/v2\/tags?post=7421"}],"curies":[{"name":"wp","href":"https:\/\/api.w.org\/{rel}","templated":true}]}}