{"id":74236,"date":"2018-09-07T20:34:39","date_gmt":"2018-09-07T18:34:39","guid":{"rendered":"http:\/\/www.tucomarca.com\/wordpress\/segunda\/?p=74236"},"modified":"2018-09-07T20:34:39","modified_gmt":"2018-09-07T18:34:39","slug":"csif-alerta-de-que-la-oficina-estatal-de-empleo-de-requena-es-atendida-estos-dias-por-un-solo-trabajador-a-jornada-completa","status":"publish","type":"post","link":"https:\/\/www.tucomarca.com\/wordpress\/segunda\/csif-alerta-de-que-la-oficina-estatal-de-empleo-de-requena-es-atendida-estos-dias-por-un-solo-trabajador-a-jornada-completa\/","title":{"rendered":"CSIF alerta de que la oficina estatal de Empleo de Requena es atendida estos d\u00edas por un solo trabajador a jornada completa"},"content":{"rendered":"<p>El sindicato CSIF alerta de que la oficina del Servicio P\u00fablico de Empleo Estatal en Requena se encuentra durante estos d\u00edas atendida por un solo trabajador a jornada completa. Esta persona cubre la atenci\u00f3n a 30 usuarios diarios. La central sindical reclama al Ministerio de Trabajo que, con urgencia, incremente la dotaci\u00f3n de personal.<\/p>\n<p>La Central Sindical Independiente y de Funcionarios (CSIF) explica que la situaci\u00f3n se ha deteriorado en los \u00faltimos meses, ya que la oficina dispon\u00eda, en junio, de seis trabajadores. El sindicato se\u00f1ala que la finalizaci\u00f3n de los contratos del personal interino ya dej\u00f3 a estas dependencias sin uno de sus efectivos. El pasado mes de agosto se jubil\u00f3 la directora, y su plaza vacante no ha sido cubierta. De este modo, se quedaba con cuatro.<\/p>\n<p>CSIF contin\u00faa relatando que en la actualidad existen dos trabajadores de vacaciones estivales y un tercero con una reducci\u00f3n de jornada del 60 por ciento. Esta circunstancia significa que, en la pr\u00e1ctica, \u00fanicamente un empleado atiende, a jornada completa, a todos los usuarios de la comarca de Utiel-Requena que acuden a realizar tr\u00e1mites a la oficina estatal de empleo.<\/p>\n<p>El sindicato urge al Ministerio de Empleo a reforzar este servicio p\u00fablico. Del mismo modo, recuerda que todav\u00eda est\u00e1 pendiente la instalaci\u00f3n de un elevador para facilitar el acceso a las dependencias, ya que se encuentran en un primer piso al que \u00fanicamente se llega por escaleras. A pesar del compromiso de la Administraci\u00f3n de instalarlo, pasan los meses y contin\u00faan solamente con la escalera de acceso.<span class=\"Apple-converted-space\">\u00a0<\/span><\/p>\n","protected":false},"excerpt":{"rendered":"<div class=\"mh-excerpt\">El sindicato CSIF alerta de que la oficina del Servicio P\u00fablico de Empleo Estatal en Requena se encuentra durante estos d\u00edas atendida por un solo trabajador a jornada completa. Esta persona cubre la atenci\u00f3n a <a class=\"mh-excerpt-more\" href=\"https:\/\/www.tucomarca.com\/wordpress\/segunda\/csif-alerta-de-que-la-oficina-estatal-de-empleo-de-requena-es-atendida-estos-dias-por-un-solo-trabajador-a-jornada-completa\/\" title=\"CSIF alerta de que la oficina estatal de Empleo de Requena es atendida estos d\u00edas por un solo trabajador a jornada completa\">[+] <\/a><\/div>\n","protected":false},"author":1,"featured_media":56766,"comment_status":"open","ping_status":"open","sticky":false,"template":"","format":"standard","meta":{"footnotes":""},"categories":[8,72,28,27,3],"tags":[10387],"class_list":{"0":"post-74236","1":"post","2":"type-post","3":"status-publish","4":"format-standard","5":"has-post-thumbnail","7":"category-la-comarca","8":"category-sin-categorizar","9":"category-requena","10":"category-requena-utiel","11":"category-seccion","12":"tag-requena-utiel"},"_links":{"self":[{"href":"https:\/\/www.tucomarca.com\/wordpress\/segunda\/wp-json\/wp\/v2\/posts\/74236","targetHints":{"allow":["GET"]}}],"collection":[{"href":"https:\/\/www.tucomarca.com\/wordpress\/segunda\/wp-json\/wp\/v2\/posts"}],"about":[{"href":"https:\/\/www.tucomarca.com\/wordpress\/segunda\/wp-json\/wp\/v2\/types\/post"}],"author":[{"embeddable":true,"href":"https:\/\/www.tucomarca.com\/wordpress\/segunda\/wp-json\/wp\/v2\/users\/1"}],"replies":[{"embeddable":true,"href":"https:\/\/www.tucomarca.com\/wordpress\/segunda\/wp-json\/wp\/v2\/comments?post=74236"}],"version-history":[{"count":0,"href":"https:\/\/www.tucomarca.com\/wordpress\/segunda\/wp-json\/wp\/v2\/posts\/74236\/revisions"}],"wp:featuredmedia":[{"embeddable":true,"href":"https:\/\/www.tucomarca.com\/wordpress\/segunda\/wp-json\/wp\/v2\/media\/56766"}],"wp:attachment":[{"href":"https:\/\/www.tucomarca.com\/wordpress\/segunda\/wp-json\/wp\/v2\/media?parent=74236"}],"wp:term":[{"taxonomy":"category","embeddable":true,"href":"https:\/\/www.tucomarca.com\/wordpress\/segunda\/wp-json\/wp\/v2\/categories?post=74236"},{"taxonomy":"post_tag","embeddable":true,"href":"https:\/\/www.tucomarca.com\/wordpress\/segunda\/wp-json\/wp\/v2\/tags?post=74236"}],"curies":[{"name":"wp","href":"https:\/\/api.w.org\/{rel}","templated":true}]}}