{"id":7425,"date":"2012-09-25T15:07:38","date_gmt":"2012-09-25T13:07:38","guid":{"rendered":"http:\/\/www.tucomarca.com\/wordpress\/segunda\/?p=7425"},"modified":"2012-09-25T15:07:38","modified_gmt":"2012-09-25T13:07:38","slug":"detienen-a-una-persona-por-su-presunta-implicacion-en-los-incendios-de-riba-roja-y-vilamarxant","status":"publish","type":"post","link":"https:\/\/www.tucomarca.com\/wordpress\/segunda\/detienen-a-una-persona-por-su-presunta-implicacion-en-los-incendios-de-riba-roja-y-vilamarxant\/","title":{"rendered":"Detienen a una persona por su presunta implicaci\u00f3n en los incendios de Riba-roja y Vilamarxant"},"content":{"rendered":"<div id=\"tamano\">\n<p>Agentes de la Guardia Civil, en colaboraci\u00f3n con la Polic\u00eda Local,  han detenido a una persona por su presunta implicaci\u00f3n en los incendios  declarados ayer en las localidades valencianas de Riba-roja y  Vilamarxant, seg\u00fan han informado a Europa Press fuentes del  caso.<\/p>\n<p>El incendio de Riba-roja se declar\u00f3 sobre las 14,00 horas del  lunes en la zona de la Carrasquera y oblig\u00f3 a desalojar un colegio y  vecinos de varios chalets. El consejero de Gobernaci\u00f3n, Seraf\u00edn  Castellano, ya adelant\u00f3 que la hip\u00f3tesis principal era que el  incendio era intencionado.<\/p>\n<p>Sobre las 19,30 horas del lunes se declar\u00f3 otro incendio en la  localidad valenciana de Vilamarxant, en la zona de Les Plantaes, y a  \u00faltima hora evolucionaba favorablemente.<\/p>\n<\/div>\n","protected":false},"excerpt":{"rendered":"<div class=\"mh-excerpt\">Agentes de la Guardia Civil, en colaboraci\u00f3n con la Polic\u00eda Local, han detenido a una persona por su presunta implicaci\u00f3n en los incendios declarados ayer en las localidades valencianas de Riba-roja y Vilamarxant, seg\u00fan han <a class=\"mh-excerpt-more\" href=\"https:\/\/www.tucomarca.com\/wordpress\/segunda\/detienen-a-una-persona-por-su-presunta-implicacion-en-los-incendios-de-riba-roja-y-vilamarxant\/\" title=\"Detienen a una persona por su presunta implicaci\u00f3n en los incendios de Riba-roja y Vilamarxant\">[+] <\/a><\/div>\n","protected":false},"author":1,"featured_media":0,"comment_status":"open","ping_status":"open","sticky":false,"template":"","format":"standard","meta":{"footnotes":""},"categories":[46,8,47,182,3,116],"tags":[],"class_list":{"0":"post-7425","1":"post","2":"type-post","3":"status-publish","4":"format-standard","6":"category-camp-de-turia","7":"category-la-comarca","8":"category-lliria","9":"category-riba-roja","10":"category-seccion","11":"category-sucesos-la-comarca"},"_links":{"self":[{"href":"https:\/\/www.tucomarca.com\/wordpress\/segunda\/wp-json\/wp\/v2\/posts\/7425","targetHints":{"allow":["GET"]}}],"collection":[{"href":"https:\/\/www.tucomarca.com\/wordpress\/segunda\/wp-json\/wp\/v2\/posts"}],"about":[{"href":"https:\/\/www.tucomarca.com\/wordpress\/segunda\/wp-json\/wp\/v2\/types\/post"}],"author":[{"embeddable":true,"href":"https:\/\/www.tucomarca.com\/wordpress\/segunda\/wp-json\/wp\/v2\/users\/1"}],"replies":[{"embeddable":true,"href":"https:\/\/www.tucomarca.com\/wordpress\/segunda\/wp-json\/wp\/v2\/comments?post=7425"}],"version-history":[{"count":0,"href":"https:\/\/www.tucomarca.com\/wordpress\/segunda\/wp-json\/wp\/v2\/posts\/7425\/revisions"}],"wp:attachment":[{"href":"https:\/\/www.tucomarca.com\/wordpress\/segunda\/wp-json\/wp\/v2\/media?parent=7425"}],"wp:term":[{"taxonomy":"category","embeddable":true,"href":"https:\/\/www.tucomarca.com\/wordpress\/segunda\/wp-json\/wp\/v2\/categories?post=7425"},{"taxonomy":"post_tag","embeddable":true,"href":"https:\/\/www.tucomarca.com\/wordpress\/segunda\/wp-json\/wp\/v2\/tags?post=7425"}],"curies":[{"name":"wp","href":"https:\/\/api.w.org\/{rel}","templated":true}]}}