{"id":7428,"date":"2012-09-25T17:48:42","date_gmt":"2012-09-25T15:48:42","guid":{"rendered":"http:\/\/www.tucomarca.com\/wordpress\/segunda\/?p=7428"},"modified":"2012-09-25T17:48:42","modified_gmt":"2012-09-25T15:48:42","slug":"se-desata-otro-incendio-en-benissoda-en-la-comarca-de-la-vall-dalbaida","status":"publish","type":"post","link":"https:\/\/www.tucomarca.com\/wordpress\/segunda\/se-desata-otro-incendio-en-benissoda-en-la-comarca-de-la-vall-dalbaida\/","title":{"rendered":"Se desata otro incendio en Benissoda, en la comarca de La Vall d&#8217;Albaida"},"content":{"rendered":"<p>Un total de 14 medios a\u00e9reos, dos brigadas y dos autobombas  participan desde pasadas las tresde la tarde de este martes en las tareas  de extinci\u00f3n de un incendio forestal declarado en Benissoda, en la comarca de La Vall d&#8217;albaida,  seg\u00fan ha informado el Centro de Coordinaci\u00f3n de Emergencias en su cuenta de  twitter.<\/p>\n<p>\u00c9ste es el quinto incendio forestal declarado en la provincia de  Valencia desde el pasado domingo. Una llamada al tel\u00e9fono de Emergencias  112 alert\u00f3 a las 15,11 horas del fuego, que afecta a una superficie de  pinar en la citada localidad de Benissoda.<\/p>\n<p>En  la misma comarca, las tareas de control del incendio declarado en la  ma\u00f1ana de este martes en la localidad de Benicolet evolucionan  favorablemente. En este caso, la llamada al 112 se produjo a las 8.40 horas.<\/p>\n","protected":false},"excerpt":{"rendered":"<div class=\"mh-excerpt\">Un total de 14 medios a\u00e9reos, dos brigadas y dos autobombas participan desde pasadas las tresde la tarde de este martes en las tareas de extinci\u00f3n de un incendio forestal declarado en Benissoda, en la <a class=\"mh-excerpt-more\" href=\"https:\/\/www.tucomarca.com\/wordpress\/segunda\/se-desata-otro-incendio-en-benissoda-en-la-comarca-de-la-vall-dalbaida\/\" title=\"Se desata otro incendio en Benissoda, en la comarca de La Vall d&#8217;Albaida\">[+] <\/a><\/div>\n","protected":false},"author":1,"featured_media":0,"comment_status":"open","ping_status":"open","sticky":false,"template":"","format":"standard","meta":{"footnotes":""},"categories":[46,8,72,47,3,116],"tags":[],"class_list":{"0":"post-7428","1":"post","2":"type-post","3":"status-publish","4":"format-standard","6":"category-camp-de-turia","7":"category-la-comarca","8":"category-sin-categorizar","9":"category-lliria","10":"category-seccion","11":"category-sucesos-la-comarca"},"_links":{"self":[{"href":"https:\/\/www.tucomarca.com\/wordpress\/segunda\/wp-json\/wp\/v2\/posts\/7428","targetHints":{"allow":["GET"]}}],"collection":[{"href":"https:\/\/www.tucomarca.com\/wordpress\/segunda\/wp-json\/wp\/v2\/posts"}],"about":[{"href":"https:\/\/www.tucomarca.com\/wordpress\/segunda\/wp-json\/wp\/v2\/types\/post"}],"author":[{"embeddable":true,"href":"https:\/\/www.tucomarca.com\/wordpress\/segunda\/wp-json\/wp\/v2\/users\/1"}],"replies":[{"embeddable":true,"href":"https:\/\/www.tucomarca.com\/wordpress\/segunda\/wp-json\/wp\/v2\/comments?post=7428"}],"version-history":[{"count":0,"href":"https:\/\/www.tucomarca.com\/wordpress\/segunda\/wp-json\/wp\/v2\/posts\/7428\/revisions"}],"wp:attachment":[{"href":"https:\/\/www.tucomarca.com\/wordpress\/segunda\/wp-json\/wp\/v2\/media?parent=7428"}],"wp:term":[{"taxonomy":"category","embeddable":true,"href":"https:\/\/www.tucomarca.com\/wordpress\/segunda\/wp-json\/wp\/v2\/categories?post=7428"},{"taxonomy":"post_tag","embeddable":true,"href":"https:\/\/www.tucomarca.com\/wordpress\/segunda\/wp-json\/wp\/v2\/tags?post=7428"}],"curies":[{"name":"wp","href":"https:\/\/api.w.org\/{rel}","templated":true}]}}