{"id":7431,"date":"2012-09-25T17:51:49","date_gmt":"2012-09-25T15:51:49","guid":{"rendered":"http:\/\/www.tucomarca.com\/wordpress\/segunda\/?p=7431"},"modified":"2012-09-25T17:52:17","modified_gmt":"2012-09-25T15:52:17","slug":"la-central-provincial-de-compras-ofrecera-a-los-municipios-seguros-para-sus-festejos-taurinos","status":"publish","type":"post","link":"https:\/\/www.tucomarca.com\/wordpress\/segunda\/la-central-provincial-de-compras-ofrecera-a-los-municipios-seguros-para-sus-festejos-taurinos\/","title":{"rendered":"La Central provincial de Compras ofrecer\u00e1 a los municipios seguros para sus festejos taurinos"},"content":{"rendered":"<figure id=\"attachment_7432\" aria-describedby=\"caption-attachment-7432\" style=\"width: 300px\" class=\"wp-caption alignleft\"><a href=\"https:\/\/www.tucomarca.com\/wordpress\/segunda\/wp-content\/uploads\/2012\/09\/Dipu.jpg\"><img loading=\"lazy\" decoding=\"async\" class=\"size-medium wp-image-7432\" title=\"OLYMPUS DIGITAL CAMERA\" src=\"https:\/\/www.tucomarca.com\/wordpress\/segunda\/wp-content\/uploads\/2012\/09\/Dipu-300x225.jpg\" alt=\"Vicente Ibor y Modesto Mart\u00ednez durante su reuni\u00f3n.\" width=\"300\" height=\"225\" srcset=\"https:\/\/www.tucomarca.com\/wordpress\/segunda\/wp-content\/uploads\/2012\/09\/Dipu-300x225.jpg 300w, https:\/\/www.tucomarca.com\/wordpress\/segunda\/wp-content\/uploads\/2012\/09\/Dipu-1024x768.jpg 1024w, https:\/\/www.tucomarca.com\/wordpress\/segunda\/wp-content\/uploads\/2012\/09\/Dipu.jpg 2048w\" sizes=\"auto, (max-width: 300px) 100vw, 300px\" \/><\/a><figcaption id=\"caption-attachment-7432\" class=\"wp-caption-text\">Vicente Ibor y Modesto Mart\u00ednez durante su reuni\u00f3n.<\/figcaption><\/figure>\n<p>El diputado de la Central de Compras de la Diputaci\u00f3n de Valencia,  Vicente Ibor, se ha reunido esta ma\u00f1ana con el presidente de la  Federaci\u00f3n Valenciana de Bous al Carrer, Modesto Mart\u00ednez, para estudiar  el acuerdo marco con el que prestar a los municipios y organismos  adheridos a la plataforma provincial el servicio de seguros y  asistencias sanitarias para festejos taurinos.<\/p>\n<p>La Diputaci\u00f3n tiene  previsto convocar la licitaci\u00f3n por procedimiento abierto del acuerdo  marco para la oferta del servicio de seguros, dentro de sus pr\u00f3ximas  licitaciones, a causa del gran inter\u00e9s mostrado por los diferentes  organismos adheridos a la central.<\/p>\n<p>La licitaci\u00f3n incluir\u00e1 el servicio de seguros en cada una de sus  variantes, como los de accidente, responsabilidad civil, y gastos de  defensa y fianzas criminales.<\/p>\n<p>Adem\u00e1s, la corporaci\u00f3n provincial pretende extender la licitaci\u00f3n a  la asistencia sanitaria en todos sus conceptos, en cuanto a personal  m\u00e9dico, ambulancias y el concierto hospitalario para el traslado de  heridos.<\/p>\n","protected":false},"excerpt":{"rendered":"<div class=\"mh-excerpt\">El diputado de la Central de Compras de la Diputaci\u00f3n de Valencia, Vicente Ibor, se ha reunido esta ma\u00f1ana con el presidente de la Federaci\u00f3n Valenciana de Bous al Carrer, Modesto Mart\u00ednez, para estudiar el <a class=\"mh-excerpt-more\" href=\"https:\/\/www.tucomarca.com\/wordpress\/segunda\/la-central-provincial-de-compras-ofrecera-a-los-municipios-seguros-para-sus-festejos-taurinos\/\" title=\"La Central provincial de Compras ofrecer\u00e1 a los municipios seguros para sus festejos taurinos\">[+] <\/a><\/div>\n","protected":false},"author":1,"featured_media":7432,"comment_status":"open","ping_status":"open","sticky":false,"template":"","format":"standard","meta":{"footnotes":""},"categories":[16,72,10,5,383,3],"tags":[],"class_list":{"0":"post-7431","1":"post","2":"type-post","3":"status-publish","4":"format-standard","5":"has-post-thumbnail","7":"category-chiva","8":"category-sin-categorizar","9":"category-la-hoya","10":"category-la-semana-en-imagenes","11":"category-pueblos-en-fiestas","12":"category-seccion"},"_links":{"self":[{"href":"https:\/\/www.tucomarca.com\/wordpress\/segunda\/wp-json\/wp\/v2\/posts\/7431","targetHints":{"allow":["GET"]}}],"collection":[{"href":"https:\/\/www.tucomarca.com\/wordpress\/segunda\/wp-json\/wp\/v2\/posts"}],"about":[{"href":"https:\/\/www.tucomarca.com\/wordpress\/segunda\/wp-json\/wp\/v2\/types\/post"}],"author":[{"embeddable":true,"href":"https:\/\/www.tucomarca.com\/wordpress\/segunda\/wp-json\/wp\/v2\/users\/1"}],"replies":[{"embeddable":true,"href":"https:\/\/www.tucomarca.com\/wordpress\/segunda\/wp-json\/wp\/v2\/comments?post=7431"}],"version-history":[{"count":0,"href":"https:\/\/www.tucomarca.com\/wordpress\/segunda\/wp-json\/wp\/v2\/posts\/7431\/revisions"}],"wp:featuredmedia":[{"embeddable":true,"href":"https:\/\/www.tucomarca.com\/wordpress\/segunda\/wp-json\/wp\/v2\/media\/7432"}],"wp:attachment":[{"href":"https:\/\/www.tucomarca.com\/wordpress\/segunda\/wp-json\/wp\/v2\/media?parent=7431"}],"wp:term":[{"taxonomy":"category","embeddable":true,"href":"https:\/\/www.tucomarca.com\/wordpress\/segunda\/wp-json\/wp\/v2\/categories?post=7431"},{"taxonomy":"post_tag","embeddable":true,"href":"https:\/\/www.tucomarca.com\/wordpress\/segunda\/wp-json\/wp\/v2\/tags?post=7431"}],"curies":[{"name":"wp","href":"https:\/\/api.w.org\/{rel}","templated":true}]}}