{"id":74356,"date":"2018-09-12T09:44:55","date_gmt":"2018-09-12T07:44:55","guid":{"rendered":"http:\/\/www.tucomarca.com\/wordpress\/segunda\/?p=74356"},"modified":"2018-09-12T09:44:55","modified_gmt":"2018-09-12T07:44:55","slug":"obras-publicas-estudia-la-construccion-de-itinerarios-de-gran-longitud-segregados-de-las-carreteras-para-mejorar-la-seguridad-vial-de-los-ciclistas","status":"publish","type":"post","link":"https:\/\/www.tucomarca.com\/wordpress\/segunda\/obras-publicas-estudia-la-construccion-de-itinerarios-de-gran-longitud-segregados-de-las-carreteras-para-mejorar-la-seguridad-vial-de-los-ciclistas\/","title":{"rendered":"Obras P\u00fablicas estudia la construcci\u00f3n de itinerarios de gran longitud segregados de las carreteras para mejorar la seguridad vial de los ciclistas"},"content":{"rendered":"<figure id=\"attachment_74357\" aria-describedby=\"caption-attachment-74357\" style=\"width: 405px\" class=\"wp-caption alignleft\"><img loading=\"lazy\" decoding=\"async\" class=\" wp-image-74357\" src=\"https:\/\/www.tucomarca.com\/wordpress\/segunda\/wp-content\/uploads\/2018\/09\/180911_Reunion_bicicleta.jpg\" alt=\"Obras P\u00fablicas estudia la construcci\u00f3n de itinerarios de gran longitud.\" width=\"405\" height=\"228\" srcset=\"https:\/\/www.tucomarca.com\/wordpress\/segunda\/wp-content\/uploads\/2018\/09\/180911_Reunion_bicicleta.jpg 1600w, https:\/\/www.tucomarca.com\/wordpress\/segunda\/wp-content\/uploads\/2018\/09\/180911_Reunion_bicicleta-300x169.jpg 300w, https:\/\/www.tucomarca.com\/wordpress\/segunda\/wp-content\/uploads\/2018\/09\/180911_Reunion_bicicleta-768x432.jpg 768w, https:\/\/www.tucomarca.com\/wordpress\/segunda\/wp-content\/uploads\/2018\/09\/180911_Reunion_bicicleta-1024x576.jpg 1024w\" sizes=\"auto, (max-width: 405px) 100vw, 405px\" \/><figcaption id=\"caption-attachment-74357\" class=\"wp-caption-text\">Obras P\u00fablicas estudia la construcci\u00f3n de itinerarios de gran longitud.<\/figcaption><\/figure>\n<p>El director general de Obras P\u00fablicas, Transporte y Movilidad, Carlos Domingo, ha anunciado la construcci\u00f3n de itinerarios de gran longitud segregados de las carreteras para mejorar la seguridad vial de los ciclistas y ha avanzado,entre otros temas, que la Conselleria est\u00e1 ultimando el documento que recoge las recomendaciones para la mejora de la seguridad vial de los ciclistas en las carreteras de la Comunitat.<\/p>\n<p>Estas actuaciones las ha presentado Domingo en la segunda reuni\u00f3n del comit\u00e9 t\u00e9cnico para el seguimiento del &#8216;Libro Blanco&#8217; sobre protecci\u00f3n de las personas usuarias de la bicicleta en la Comunitat que establece las actuaciones a desarrollar por los organismos del comit\u00e9 a corto, medio y largo plazo.<\/p>\n<p>Seg\u00fan ha informado Domingo, durante el encuentro interdepartamental se ha revisado el estado de las actuaciones contempladas en la hoja de ruta del &#8216;Libro Blanco&#8217; y se han formulado nuevas propuestas, entre las que ha mencionado \u00abla redacci\u00f3n de una gu\u00eda de recomendaciones para la circulaci\u00f3n de ciclistas por carretera, estableciendo una estrategia para formaci\u00f3n y concienciaci\u00f3n orientada a la protecci\u00f3n de ciclistas en nuestro viario\u00bb.<\/p>\n<p>En la reuni\u00f3n, presidida por el director general de Obras P\u00fablicas, Transporte y Movilidad, han asistido, como miembros del comit\u00e9, los directores generales de las distintas conselleries implicadas, tales como la de direcci\u00f3n general de Pol\u00edtica Educativa, de Salud P\u00fablica, de Industria y Energ\u00eda, del IVAJ. Gva Jove, de la Agencia de Seguridad y Respuesta a las Emergencias, as\u00ed como la direcci\u00f3n general de Trabajo y Binestar Social.<\/p>\n<p>Tambi\u00e9n han sido invitados representantes de la DGT, de las diputaciones provinciales, de la Federaci\u00f3n Valenciana de Municipios y Provincias y de las asociaciones y federaciones de ciclistas de la Comunitat.<\/p>\n<p><b>Red de itinerarios no motorizados<\/b><\/p>\n<p>La hoja de ruta del &#8216;Libro Blanco&#8217; sobre protecci\u00f3n de las personas usuarias de la bicicleta en la Comunitat contempla 46 actuaciones agrupadas en ocho cap\u00edtulos, tales como la normativa, vigilancia y sanciones, campa\u00f1as, red viaria, o educaci\u00f3n vial, entre otros.<\/p>\n<p>En su intervenci\u00f3n, Domingo ha se\u00f1alado que la Conselleria de Vivienda, Obras P\u00fablicas y Vertebraci\u00f3n del Territorio, que coordina 12 de las 46 medidas del &#8216;Libro Blanco&#8217; y participa en otras cuatro, \u00abha finalizado todas ellas o est\u00e1n en plena ejecuci\u00f3n\u00bb .<\/p>\n<p>De entre las actuaciones ha destacado la importancia de las campa\u00f1as de concienciaci\u00f3n y formaci\u00f3n, tanto para usuarios de veh\u00edculos de motor como para los propios ciclistas, que \u00abse iniciar\u00e1n con la creaci\u00f3n de un grupo de trabajo para definir la estrategia a seguir, y las reformas normativas y la vigilancia por los agentes de tr\u00e1fico\u00bb.<\/p>\n<p><b>Tramos ciclistas segregados de carreteras<\/b><\/p>\n<p>De igual manera, ha informado que el la Generalitat ha finalizado el estudio para completar la red de itinerarios no motorizados y la redacci\u00f3n de los proyectos para su ejecuci\u00f3n.<\/p>\n<p>Adem\u00e1s -ha continuado el director general- la Conselleria de Obras P\u00fablicas va a planificar \u00abla conexi\u00f3n de los tramos necesarios para constituir itinerarios de gran longitud en la Comunitat, segregados de las carreteras para conseguir una mayor protecci\u00f3n al ciclista\u00bb.<\/p>\n<p>Finalmente, Domingo ha presentado los mapas de accidentes de tr\u00e1fico de la Comunitat en los que se han visto implicados ciclistas, \u00abcomo herramienta informativa y de an\u00e1lisis para colectivos y usuarios, y que ya se pueden descargar de la web de la Conselleria de Vivienda, Obras P\u00fablicas y Vertebraci\u00f3n del Territorio\u00bb. Adem\u00e1s, ha a\u00f1adido se est\u00e1 elaborando un documento que recoge las recomendaciones para la mejora de la seguridad vial de los ciclistas en las carreteras de la Comunitat, \u00aben avanzado estado de redacci\u00f3n\u00bb, ha puntualizado.<\/p>\n<p><b>Plan Director de Seguridad Vial<\/b><\/p>\n<p>Previamente a la reuni\u00f3n del comit\u00e9 t\u00e9cnico, se ha celebrado la cuarta reuni\u00f3n de Comisi\u00f3n de Seguimiento del Plan Director de Seguridad Vial para evaluar el grado de ejecuci\u00f3n de los diferentes programas que recogen las actuaciones para la mejora de la seguridad vial en la Comunitat.<\/p>\n<p>Entre otros asuntos, se ha informado de la pr\u00f3xima puesta en servicio de la web del plan director y del buz\u00f3n de consultas para el para el ciudadano, incluidos en el portal web de gvaOberta. Asimismo se ha evaluado el nivel de ejecuci\u00f3n de las actuaciones programadas para 2018.<\/p>\n","protected":false},"excerpt":{"rendered":"<div class=\"mh-excerpt\">El director general de Obras P\u00fablicas, Transporte y Movilidad, Carlos Domingo, ha anunciado la construcci\u00f3n de itinerarios de gran longitud segregados de las carreteras para mejorar la seguridad vial de los ciclistas y ha avanzado,entre <a class=\"mh-excerpt-more\" href=\"https:\/\/www.tucomarca.com\/wordpress\/segunda\/obras-publicas-estudia-la-construccion-de-itinerarios-de-gran-longitud-segregados-de-las-carreteras-para-mejorar-la-seguridad-vial-de-los-ciclistas\/\" title=\"Obras P\u00fablicas estudia la construcci\u00f3n de itinerarios de gran longitud segregados de las carreteras para mejorar la seguridad vial de los ciclistas\">[+] <\/a><\/div>\n","protected":false},"author":1,"featured_media":74357,"comment_status":"open","ping_status":"open","sticky":false,"template":"","format":"standard","meta":{"footnotes":""},"categories":[128,72,142,3,45],"tags":[2142],"class_list":{"0":"post-74356","1":"post","2":"type-post","3":"status-publish","4":"format-standard","5":"has-post-thumbnail","7":"category-infraestructuras","8":"category-sin-categorizar","9":"category-politica-la-comarca","10":"category-seccion","11":"category-ventana","12":"tag-la-comunitat"},"_links":{"self":[{"href":"https:\/\/www.tucomarca.com\/wordpress\/segunda\/wp-json\/wp\/v2\/posts\/74356","targetHints":{"allow":["GET"]}}],"collection":[{"href":"https:\/\/www.tucomarca.com\/wordpress\/segunda\/wp-json\/wp\/v2\/posts"}],"about":[{"href":"https:\/\/www.tucomarca.com\/wordpress\/segunda\/wp-json\/wp\/v2\/types\/post"}],"author":[{"embeddable":true,"href":"https:\/\/www.tucomarca.com\/wordpress\/segunda\/wp-json\/wp\/v2\/users\/1"}],"replies":[{"embeddable":true,"href":"https:\/\/www.tucomarca.com\/wordpress\/segunda\/wp-json\/wp\/v2\/comments?post=74356"}],"version-history":[{"count":0,"href":"https:\/\/www.tucomarca.com\/wordpress\/segunda\/wp-json\/wp\/v2\/posts\/74356\/revisions"}],"wp:featuredmedia":[{"embeddable":true,"href":"https:\/\/www.tucomarca.com\/wordpress\/segunda\/wp-json\/wp\/v2\/media\/74357"}],"wp:attachment":[{"href":"https:\/\/www.tucomarca.com\/wordpress\/segunda\/wp-json\/wp\/v2\/media?parent=74356"}],"wp:term":[{"taxonomy":"category","embeddable":true,"href":"https:\/\/www.tucomarca.com\/wordpress\/segunda\/wp-json\/wp\/v2\/categories?post=74356"},{"taxonomy":"post_tag","embeddable":true,"href":"https:\/\/www.tucomarca.com\/wordpress\/segunda\/wp-json\/wp\/v2\/tags?post=74356"}],"curies":[{"name":"wp","href":"https:\/\/api.w.org\/{rel}","templated":true}]}}