{"id":74361,"date":"2018-09-11T23:07:47","date_gmt":"2018-09-11T21:07:47","guid":{"rendered":"http:\/\/www.tucomarca.com\/wordpress\/segunda\/?p=74361"},"modified":"2018-09-11T23:07:47","modified_gmt":"2018-09-11T21:07:47","slug":"montserrat-renovara-todos-sus-parques-infantiles-para-hacerlos-mas-seguros","status":"publish","type":"post","link":"https:\/\/www.tucomarca.com\/wordpress\/segunda\/montserrat-renovara-todos-sus-parques-infantiles-para-hacerlos-mas-seguros\/","title":{"rendered":"Montserrat renovar\u00e1 todos sus parques infantiles para hacerlos m\u00e1s seguros"},"content":{"rendered":"<figure id=\"attachment_74362\" aria-describedby=\"caption-attachment-74362\" style=\"width: 619px\" class=\"wp-caption alignleft\"><img loading=\"lazy\" decoding=\"async\" class=\" wp-image-74362\" src=\"https:\/\/www.tucomarca.com\/wordpress\/segunda\/wp-content\/uploads\/2018\/09\/1_13.jpeg\" alt=\"El municipio de la Ribera Alta invertir\u00e1 los 103.000 euros del plan de Servicios y Obras (SOM) de la Diputaci\u00f3 de Val\u00e8ncia en la sustituci\u00f3n del mobiliario y la modernizaci\u00f3n de sus 6 parques infantiles.\" width=\"619\" height=\"348\" srcset=\"https:\/\/www.tucomarca.com\/wordpress\/segunda\/wp-content\/uploads\/2018\/09\/1_13.jpeg 1600w, https:\/\/www.tucomarca.com\/wordpress\/segunda\/wp-content\/uploads\/2018\/09\/1_13-300x169.jpeg 300w, https:\/\/www.tucomarca.com\/wordpress\/segunda\/wp-content\/uploads\/2018\/09\/1_13-768x432.jpeg 768w, https:\/\/www.tucomarca.com\/wordpress\/segunda\/wp-content\/uploads\/2018\/09\/1_13-1024x576.jpeg 1024w\" sizes=\"auto, (max-width: 619px) 100vw, 619px\" \/><figcaption id=\"caption-attachment-74362\" class=\"wp-caption-text\">El municipio de la Ribera Alta invertir\u00e1 los 103.000 euros del plan de Servicios y Obras (SOM) de la Diputaci\u00f3 de Val\u00e8ncia en la sustituci\u00f3n del mobiliario y la modernizaci\u00f3n de sus 6 parques infantiles.<\/figcaption><\/figure>\n<p>Los ni\u00f1os y ni\u00f1as de Montserrat podr\u00e1n disfrutar a finales de este a\u00f1o de unos parques infantiles totalmente renovados. El municipio de la Vall dels Alcalans tiene previsto utilizar los 102.926 euros recibidos a trav\u00e9s del plan de Servicios y Obras Municipales (SOM) de la Diputaci\u00f3 de Val\u00e8ncia para rehabilitar y adaptar a las nuevas medidas de seguridad sus principales parques infantiles.<\/p>\n<p>La inversi\u00f3n se realizar\u00e1 en los parques de Lagroix, Pla\u00e7a de la Constituci\u00f3, Pla\u00e7a de la Llibertat, el parc de la Mistela, l\u2019Esplai Escolar y l\u2019Era Alta. Unas instalaciones que cuentan con una media de antig\u00fcedad de 15 a\u00f1os y que como ha indicado el alcalde de Montserrat, Jos\u00e9 Mar\u00eda Mas, \u201cse han ido actualizando y reparando con el paso de los a\u00f1os, pero hace falta ya un cambio integral que los adapte a las nuevas normativas de seguridad y una renovaci\u00f3n de los juegos\u201d.<\/p>\n<p>El proyecto, que ha nacido a iniciativa del propio consistorio, en la l\u00ednea de la autonom\u00eda municipal por la que apuesta la Diputaci\u00f3 en la concesi\u00f3n de las ayudas a los municipios, se encuentra en fase de preparaci\u00f3n y se prev\u00e9 que est\u00e9 aprobado y licitado a lo largo del mes de septiembre. Unos parques renovados que, seg\u00fan Mas, estar\u00e1n a disposici\u00f3n de las familias antes de que acabe el a\u00f1o.<\/p>\n","protected":false},"excerpt":{"rendered":"<div class=\"mh-excerpt\">Los ni\u00f1os y ni\u00f1as de Montserrat podr\u00e1n disfrutar a finales de este a\u00f1o de unos parques infantiles totalmente renovados. El municipio de la Vall dels Alcalans tiene previsto utilizar los 102.926 euros recibidos a trav\u00e9s <a class=\"mh-excerpt-more\" href=\"https:\/\/www.tucomarca.com\/wordpress\/segunda\/montserrat-renovara-todos-sus-parques-infantiles-para-hacerlos-mas-seguros\/\" title=\"Montserrat renovar\u00e1 todos sus parques infantiles para hacerlos m\u00e1s seguros\">[+] <\/a><\/div>\n","protected":false},"author":1,"featured_media":74362,"comment_status":"open","ping_status":"open","sticky":false,"template":"","format":"standard","meta":{"footnotes":""},"categories":[128,8,42,162,3],"tags":[3640,10425],"class_list":{"0":"post-74361","1":"post","2":"type-post","3":"status-publish","4":"format-standard","5":"has-post-thumbnail","7":"category-infraestructuras","8":"category-la-comarca","9":"category-la-ribera","10":"category-monserrat","11":"category-seccion","12":"tag-la-ribera-alta","13":"tag-monserrat"},"_links":{"self":[{"href":"https:\/\/www.tucomarca.com\/wordpress\/segunda\/wp-json\/wp\/v2\/posts\/74361","targetHints":{"allow":["GET"]}}],"collection":[{"href":"https:\/\/www.tucomarca.com\/wordpress\/segunda\/wp-json\/wp\/v2\/posts"}],"about":[{"href":"https:\/\/www.tucomarca.com\/wordpress\/segunda\/wp-json\/wp\/v2\/types\/post"}],"author":[{"embeddable":true,"href":"https:\/\/www.tucomarca.com\/wordpress\/segunda\/wp-json\/wp\/v2\/users\/1"}],"replies":[{"embeddable":true,"href":"https:\/\/www.tucomarca.com\/wordpress\/segunda\/wp-json\/wp\/v2\/comments?post=74361"}],"version-history":[{"count":0,"href":"https:\/\/www.tucomarca.com\/wordpress\/segunda\/wp-json\/wp\/v2\/posts\/74361\/revisions"}],"wp:featuredmedia":[{"embeddable":true,"href":"https:\/\/www.tucomarca.com\/wordpress\/segunda\/wp-json\/wp\/v2\/media\/74362"}],"wp:attachment":[{"href":"https:\/\/www.tucomarca.com\/wordpress\/segunda\/wp-json\/wp\/v2\/media?parent=74361"}],"wp:term":[{"taxonomy":"category","embeddable":true,"href":"https:\/\/www.tucomarca.com\/wordpress\/segunda\/wp-json\/wp\/v2\/categories?post=74361"},{"taxonomy":"post_tag","embeddable":true,"href":"https:\/\/www.tucomarca.com\/wordpress\/segunda\/wp-json\/wp\/v2\/tags?post=74361"}],"curies":[{"name":"wp","href":"https:\/\/api.w.org\/{rel}","templated":true}]}}