{"id":7442,"date":"2012-09-25T18:56:12","date_gmt":"2012-09-25T16:56:12","guid":{"rendered":"http:\/\/www.tucomarca.com\/wordpress\/segunda\/?p=7442"},"modified":"2012-09-25T18:56:12","modified_gmt":"2012-09-25T16:56:12","slug":"arrancan-las-obras-del-plan-de-mejora-de-infraestructuras-de-la-pobla-de-vallbona","status":"publish","type":"post","link":"https:\/\/www.tucomarca.com\/wordpress\/segunda\/arrancan-las-obras-del-plan-de-mejora-de-infraestructuras-de-la-pobla-de-vallbona\/","title":{"rendered":"Arrancan las obras del plan de mejora de infraestructuras de la Pobla de Vallbona"},"content":{"rendered":"<p>El Ayuntamiento de la Pobla de Vallbona ha empezado con la primera de las obras del Plan de Mejora de Infraestructuras que est\u00e1 siendo sufragado por la Diputaci\u00f3n de Valencia. Un Plan que afecta tanto al casco urbano como a las urbanizaciones, tal como han informado fuentes municipales.<\/p>\n<p>En concreto, han dado comienzo esta misma semana las obras de reasfaltado de la calle Juan L\u00e1zaro. Una vez finalicen estos trabajos, la calle quedar\u00e1 restringida al tr\u00e1fico, con la excepci\u00f3n de los veh\u00edculos que se dirijan a sus garajes, quedando pr\u00e1cticamente como calle peatonal.<\/p>\n<p>Para mediados de octubre est\u00e1 previsto que empiecen las obras de uno de los puntos m\u00e1s importantes del Plan: la primera fase de la Ronda Norte, que incluye la construcci\u00f3n de un tramo de carretera que nace en la rotonda de entrada a la Pobla desde Ll\u00edria por la CV-35, en la zona norte del municipio, hasta el camino de la Casa Blanca. Las obras ya est\u00e1n adjudicadas.<\/p>\n<p>En unos d\u00edas empezar\u00e1n tambi\u00e9n las obras para ensanchar el vial de acceso a la urbanizaci\u00f3n La Sima y n\u00facleos colindantes. Otras obras previstas en este plan que el Ayuntamiento ejecutar\u00e1 en breve son el ajardinamiento del tri\u00e1ngulo de distribuci\u00f3n de direcciones de la carretera que lleva a la Maquiva, el reafaltado de\u00a0 las calles de l\u2019Hort y Verge del Rosari , la calle Teresa de \u00c1vila y la calle del Parque.<\/p>\n<p>Todas las obras han de finalizar, seg\u00fan el convenio firmado el pasado mes de junio por el Ayuntamiento y la Diputaci\u00f3n de Valencia, antes del 31 de diciembre de este a\u00f1o. El organismo provincial ha concedido subvenciones por valor de un total de 700.000 euros, para mejorar sus infraestructuras.<\/p>\n","protected":false},"excerpt":{"rendered":"<div class=\"mh-excerpt\">El Ayuntamiento de la Pobla de Vallbona ha empezado con la primera de las obras del Plan de Mejora de Infraestructuras que est\u00e1 siendo sufragado por la Diputaci\u00f3n de Valencia. Un Plan que afecta tanto <a class=\"mh-excerpt-more\" href=\"https:\/\/www.tucomarca.com\/wordpress\/segunda\/arrancan-las-obras-del-plan-de-mejora-de-infraestructuras-de-la-pobla-de-vallbona\/\" title=\"Arrancan las obras del plan de mejora de infraestructuras de la Pobla de Vallbona\">[+] <\/a><\/div>\n","protected":false},"author":1,"featured_media":0,"comment_status":"open","ping_status":"open","sticky":false,"template":"","format":"standard","meta":{"footnotes":""},"categories":[46,128,8,174,3],"tags":[],"class_list":{"0":"post-7442","1":"post","2":"type-post","3":"status-publish","4":"format-standard","6":"category-camp-de-turia","7":"category-infraestructuras","8":"category-la-comarca","9":"category-la-pobla","10":"category-seccion"},"_links":{"self":[{"href":"https:\/\/www.tucomarca.com\/wordpress\/segunda\/wp-json\/wp\/v2\/posts\/7442","targetHints":{"allow":["GET"]}}],"collection":[{"href":"https:\/\/www.tucomarca.com\/wordpress\/segunda\/wp-json\/wp\/v2\/posts"}],"about":[{"href":"https:\/\/www.tucomarca.com\/wordpress\/segunda\/wp-json\/wp\/v2\/types\/post"}],"author":[{"embeddable":true,"href":"https:\/\/www.tucomarca.com\/wordpress\/segunda\/wp-json\/wp\/v2\/users\/1"}],"replies":[{"embeddable":true,"href":"https:\/\/www.tucomarca.com\/wordpress\/segunda\/wp-json\/wp\/v2\/comments?post=7442"}],"version-history":[{"count":0,"href":"https:\/\/www.tucomarca.com\/wordpress\/segunda\/wp-json\/wp\/v2\/posts\/7442\/revisions"}],"wp:attachment":[{"href":"https:\/\/www.tucomarca.com\/wordpress\/segunda\/wp-json\/wp\/v2\/media?parent=7442"}],"wp:term":[{"taxonomy":"category","embeddable":true,"href":"https:\/\/www.tucomarca.com\/wordpress\/segunda\/wp-json\/wp\/v2\/categories?post=7442"},{"taxonomy":"post_tag","embeddable":true,"href":"https:\/\/www.tucomarca.com\/wordpress\/segunda\/wp-json\/wp\/v2\/tags?post=7442"}],"curies":[{"name":"wp","href":"https:\/\/api.w.org\/{rel}","templated":true}]}}