{"id":74434,"date":"2018-09-14T02:14:37","date_gmt":"2018-09-14T00:14:37","guid":{"rendered":"http:\/\/www.tucomarca.com\/wordpress\/segunda\/?p=74434"},"modified":"2018-09-14T02:14:37","modified_gmt":"2018-09-14T00:14:37","slug":"el-bus-de-la-lengua-visita-leliana","status":"publish","type":"post","link":"https:\/\/www.tucomarca.com\/wordpress\/segunda\/el-bus-de-la-lengua-visita-leliana\/","title":{"rendered":"El bus de la lengua visita l\u2019Eliana"},"content":{"rendered":"<figure id=\"attachment_74435\" aria-describedby=\"caption-attachment-74435\" style=\"width: 475px\" class=\"wp-caption alignleft\"><img loading=\"lazy\" decoding=\"async\" class=\" wp-image-74435\" src=\"https:\/\/www.tucomarca.com\/wordpress\/segunda\/wp-content\/uploads\/2018\/09\/bus-de-la-llengua.jpg\" alt=\"Se trata de una iniciativa de la Generalitat Valenciana para promover el uso del valenciano por todo el territorio auton\u00f3mico.\" width=\"475\" height=\"356\" srcset=\"https:\/\/www.tucomarca.com\/wordpress\/segunda\/wp-content\/uploads\/2018\/09\/bus-de-la-llengua.jpg 1024w, https:\/\/www.tucomarca.com\/wordpress\/segunda\/wp-content\/uploads\/2018\/09\/bus-de-la-llengua-300x225.jpg 300w, https:\/\/www.tucomarca.com\/wordpress\/segunda\/wp-content\/uploads\/2018\/09\/bus-de-la-llengua-768x576.jpg 768w\" sizes=\"auto, (max-width: 475px) 100vw, 475px\" \/><figcaption id=\"caption-attachment-74435\" class=\"wp-caption-text\">Se trata de una iniciativa de la Generalitat Valenciana para promover el uso del valenciano por todo el territorio auton\u00f3mico.<\/figcaption><\/figure>\n<p>L\u2019Eliana recibir\u00e1 el <em>bus de la lengua<\/em> los d\u00edas 11, 12 y 13 de septiembre visitando los diferentes centros educativos p\u00fablicos del municipio. As\u00ed pues, estar\u00e1 estacionado el d\u00eda 11 en los alrededores del colegio Virgen del Carmen, el d\u00eda 12\u00a0 (en el parking del polideportivo) en el colegio p\u00fablico el Garb\u00ed y el IES, por su parte el d\u00eda 13 se encontrar\u00e1 en el colegio Montealegre.<\/p>\n<p>El autob\u00fas, de 12 metros de largo, cuenta en su interior con 25 ordenadores para realizar varias actividades y consultar informaci\u00f3n. Los talleres y las actividades que se desenrollar\u00e1n est\u00e1n enfocadas a estudiantes, pero cualquier vecino o vecina puede acercarse para participar y recibir informaci\u00f3n y <em>merchandising<\/em>.<\/p>\n<p>La Generalitat tiene el deber estatutario de proteger y recuperar el valenciano, as\u00ed como de garantizar el uso normal. Por todo ello, se pretende incrementar el n\u00famero de usuarios y los usos entre los hablantes y, al mismo tiempo, incrementar el prestigio social de la lengua propia. Esta campa\u00f1a, adem\u00e1s, tiene por objetivo que toda la poblaci\u00f3n valenciana se sienta orgullosa de tener el valenciano como lengua oficial. El alcalde de l\u2019Eliana, Salva Torrent, ha destacado la importancia de realizar estas actividades, haciendo visible en la calle nuestro idioma propio con actividades para todos los p\u00fablicos \u201c<em>este Ayuntamiento tiene un sentimiento muy especial por nuestra lengua, un hecho bien claro es la puesta en marcha de la oficina de promoci\u00f3n ling\u00fc\u00edstica al inicio de esta legislatura y la utilizaci\u00f3n del valenciano en los documentos administrativos o en los medios de comunicaci\u00f3n p\u00fablicos<\/em>\u201d.<\/p>\n","protected":false},"excerpt":{"rendered":"<div class=\"mh-excerpt\">L\u2019Eliana recibir\u00e1 el bus de la lengua los d\u00edas 11, 12 y 13 de septiembre visitando los diferentes centros educativos p\u00fablicos del municipio. As\u00ed pues, estar\u00e1 estacionado el d\u00eda 11 en los alrededores del colegio <a class=\"mh-excerpt-more\" href=\"https:\/\/www.tucomarca.com\/wordpress\/segunda\/el-bus-de-la-lengua-visita-leliana\/\" title=\"El bus de la lengua visita l\u2019Eliana\">[+] <\/a><\/div>\n","protected":false},"author":1,"featured_media":74435,"comment_status":"open","ping_status":"open","sticky":false,"template":"","format":"standard","meta":{"footnotes":""},"categories":[46,177,8,72,3],"tags":[10395,10433],"class_list":{"0":"post-74434","1":"post","2":"type-post","3":"status-publish","4":"format-standard","5":"has-post-thumbnail","7":"category-camp-de-turia","8":"category-leliana","9":"category-la-comarca","10":"category-sin-categorizar","11":"category-seccion","12":"tag-camp-de-turia","13":"tag-leliana"},"_links":{"self":[{"href":"https:\/\/www.tucomarca.com\/wordpress\/segunda\/wp-json\/wp\/v2\/posts\/74434","targetHints":{"allow":["GET"]}}],"collection":[{"href":"https:\/\/www.tucomarca.com\/wordpress\/segunda\/wp-json\/wp\/v2\/posts"}],"about":[{"href":"https:\/\/www.tucomarca.com\/wordpress\/segunda\/wp-json\/wp\/v2\/types\/post"}],"author":[{"embeddable":true,"href":"https:\/\/www.tucomarca.com\/wordpress\/segunda\/wp-json\/wp\/v2\/users\/1"}],"replies":[{"embeddable":true,"href":"https:\/\/www.tucomarca.com\/wordpress\/segunda\/wp-json\/wp\/v2\/comments?post=74434"}],"version-history":[{"count":0,"href":"https:\/\/www.tucomarca.com\/wordpress\/segunda\/wp-json\/wp\/v2\/posts\/74434\/revisions"}],"wp:featuredmedia":[{"embeddable":true,"href":"https:\/\/www.tucomarca.com\/wordpress\/segunda\/wp-json\/wp\/v2\/media\/74435"}],"wp:attachment":[{"href":"https:\/\/www.tucomarca.com\/wordpress\/segunda\/wp-json\/wp\/v2\/media?parent=74434"}],"wp:term":[{"taxonomy":"category","embeddable":true,"href":"https:\/\/www.tucomarca.com\/wordpress\/segunda\/wp-json\/wp\/v2\/categories?post=74434"},{"taxonomy":"post_tag","embeddable":true,"href":"https:\/\/www.tucomarca.com\/wordpress\/segunda\/wp-json\/wp\/v2\/tags?post=74434"}],"curies":[{"name":"wp","href":"https:\/\/api.w.org\/{rel}","templated":true}]}}