{"id":7445,"date":"2012-09-26T11:14:45","date_gmt":"2012-09-26T09:14:45","guid":{"rendered":"http:\/\/www.tucomarca.com\/wordpress\/segunda\/?p=7445"},"modified":"2012-09-26T11:14:45","modified_gmt":"2012-09-26T09:14:45","slug":"los-esfuerzos-de-extincion-se-centran-en-el-incendio-de-chulilla-tras-ser-controlados-los-9-restantes-incendios-originados-las-ultimas-horas","status":"publish","type":"post","link":"https:\/\/www.tucomarca.com\/wordpress\/segunda\/los-esfuerzos-de-extincion-se-centran-en-el-incendio-de-chulilla-tras-ser-controlados-los-9-restantes-incendios-originados-las-ultimas-horas\/","title":{"rendered":"Los esfuerzos de extinci\u00f3n se centran en el incendio de Chulilla, tras ser controlados los 9 restantes incendios originados las \u00faltimas horas"},"content":{"rendered":"<p>La Comunidad Valenciana sigue manteniendo a estas horas varios incendios activos. Respecto al mayor de ellos, el de Chulilla, pese a que ayer por la tarde evolucionaba favorablemente, desde el amanecer se han ido incorporando 21 medios a\u00e9reos de forma escalonada para refrescar y acabar con todos los conatos de la zona.<\/p>\n<p>Con respecto al incendio de Vilamarxant, ayer por latarde ya qued\u00f3 estabilizado y por la noche tan s\u00f3lo se qued\u00f3 en la zona un ret\u00e9n y un veh\u00edculo del Consorcio de Bomberos de Valencia.<\/p>\n<p>En el incendio de Riba-roja esta noche se han quedado de ret\u00e9n refrescando la zona 6 brigadas, 2 autobombas y efectivos del Consorcio de Bomberos de Valencia.<\/p>\n<p>Y por \u00faltimo, el incendio de Benissoda ha sido controlado a las 9,26 horas, y segun las primeras estimaciones se han visto afectadas 27 hectareas. En el otro incendio, el de Benicolet, segun las primeras estimaciones se han visto afectadas 15 hectareas.<\/p>\n<p>Adem\u00e1s, se han dado por extinguidos tres conatos que hubo ayer en J\u00e1vea, Planes y Alcoleja. Y tambi\u00e9n se han dado por extinguidos dos conatos que hubo ayer en N\u00e1quera y Alzira.<\/p>\n<p>A estos incendios se ha sumado otro m\u00e1s, concretamente localizado en el municipio de Manuel, en el que est\u00e1n trabajando 2 brigadas, 2 autobombas y 4 veh\u00edculos del Consorcio de Bomberos de Valencia. La llamada al 112 alertando de su inicio se produjo anoche a las 21,52 horas.<\/p>\n<p><strong>Nivel de preemergencia 3 por riesgo m\u00e1ximo de incendios<\/strong><\/p>\n<p>Adem\u00e1s, la Conselleria de Gobernaci\u00f3n, a trav\u00e9s del Centro de Coordinaci\u00f3n de  Emergencias (CCE), mantiene hoy mi\u00e9rcoles, 26 de septiembre, el Nivel 3  de Preemergencia, riesgo m\u00e1ximo de incendios forestales en toda la  Comunitat Valenciana debido a que se esperan vientos que pueden alcanzar  los 50 km\/h..<\/p>\n<p>La Agencia Estatal de Meteorolog\u00eda prev\u00e9 para esta jornada  \u00abintervalos nubosos tendiendo a nuboso con predominio de nubes medias y  altas. Posibilidad de precipitaciones d\u00e9biles dispersas m\u00e1s probables en  el interior por la tarde. Temperaturas m\u00ednimas sin cambios o en ligero  adecento y m\u00e1ximas en ligero a moderado descenso. Vientos de componente  oeste flojos a moderados\u00bb.<\/p>\n<p>La conselleria de Gobernaci\u00f3n recuerda que el Nivel 3 de  Preemergencia o riesgo m\u00e1ximo de incendios forestales supone la  prohibici\u00f3n de realizar cualquier tipo de fuego, incluso en las zonas  recreativas autorizadas y habilitadas al efecto, e insiste en que con  car\u00e1cter general las quemas agr\u00edcolas en el monte o a menos de 500  metros de terreno forestal est\u00e1n completamente prohibidas entre el 1 de  junio y el 30 de septiembre.<\/p>\n<p>Ante esta situaci\u00f3n, el CCE mantiene contacto directo con todos  los ayuntamientos y organismos de emergencia afectados con el fin de  informarles de la situaci\u00f3n y evoluci\u00f3n de la Preemergencia prevista  para el d\u00eda hoy. Los efectivos que conforman el Plan Especial ante el  riesgo de incendios forestales de la Comunitat Valenciana se encuentran  en m\u00e1xima alerta por si es necesaria su intervenci\u00f3n.<\/p>\n<p>Por \u00faltimo, el CCE y la conselleria de Gobernaci\u00f3n hacen un  llamamiento a la prudencia de la sociedad en general para evitar, en la  medida de lo posible, posibles incendios forestales y a seguir en todo  momento las recomendaciones que se derivan de decretar Preemergencia por  riesgo de incendios forestales.<\/p>\n<p>Consejos a la poblaci\u00f3n sobre incendios forestales<br \/>\n\u00b7\tNo encender fuego bajo ning\u00fan concepto<br \/>\n\u00b7\tNo fumar mientras se camina por el monte, ni arrojar, en ning\u00fan concepto, colillas o f\u00f3sforos desde veh\u00edculos.<br \/>\n\u00b7\tNo utilizar artefactos o material explosivo como petardos, masclets, carcasas, etc.<br \/>\n\u00b7\tNunca arrojar basuras, depositarlas en el contenedor del municipio m\u00e1s cercano.<br \/>\n\u00b7\tEn el monte o en sus inmediaciones nunca arrojar artefactos o  material explosivo como petardos, masclets, carcasas, etc., ni utilizar  sin autorizaci\u00f3n herramientas o motores que puedan producir una chispa o  un fuego.<br \/>\n\u00b7\tSi detecta un incendio, comun\u00edquelo inmediatamente al tel\u00e9fono  &#8216;112 Comunitat Valenciana&#8217;, sin pensar que alguien lo habr\u00e1 hecho ya o  dar aviso a las autoridades m\u00e1s cercanas.<br \/>\n\u00b7\tEn caso de incendio, siga en todo momento las indicaciones que le  sean dadas por el personal que tiene atribuidas las misiones de  vigilancia y extinci\u00f3n. Est\u00e1n velando por tu seguridad e integridad  f\u00edsica.<\/p>\n","protected":false},"excerpt":{"rendered":"<div class=\"mh-excerpt\">La Comunidad Valenciana sigue manteniendo a estas horas varios incendios activos. Respecto al mayor de ellos, el de Chulilla, pese a que ayer por la tarde evolucionaba favorablemente, desde el amanecer se han ido incorporando <a class=\"mh-excerpt-more\" href=\"https:\/\/www.tucomarca.com\/wordpress\/segunda\/los-esfuerzos-de-extincion-se-centran-en-el-incendio-de-chulilla-tras-ser-controlados-los-9-restantes-incendios-originados-las-ultimas-horas\/\" title=\"Los esfuerzos de extinci\u00f3n se centran en el incendio de Chulilla, tras ser controlados los 9 restantes incendios originados las \u00faltimas horas\">[+] <\/a><\/div>\n","protected":false},"author":1,"featured_media":0,"comment_status":"open","ping_status":"open","sticky":false,"template":"","format":"standard","meta":{"footnotes":""},"categories":[69,46,8,72,42,47,153,180,3,116],"tags":[],"class_list":{"0":"post-7445","1":"post","2":"type-post","3":"status-publish","4":"format-standard","6":"category-alzira","7":"category-camp-de-turia","8":"category-la-comarca","9":"category-sin-categorizar","10":"category-la-ribera","11":"category-lliria","12":"category-manuel","13":"category-naquera","14":"category-seccion","15":"category-sucesos-la-comarca"},"_links":{"self":[{"href":"https:\/\/www.tucomarca.com\/wordpress\/segunda\/wp-json\/wp\/v2\/posts\/7445","targetHints":{"allow":["GET"]}}],"collection":[{"href":"https:\/\/www.tucomarca.com\/wordpress\/segunda\/wp-json\/wp\/v2\/posts"}],"about":[{"href":"https:\/\/www.tucomarca.com\/wordpress\/segunda\/wp-json\/wp\/v2\/types\/post"}],"author":[{"embeddable":true,"href":"https:\/\/www.tucomarca.com\/wordpress\/segunda\/wp-json\/wp\/v2\/users\/1"}],"replies":[{"embeddable":true,"href":"https:\/\/www.tucomarca.com\/wordpress\/segunda\/wp-json\/wp\/v2\/comments?post=7445"}],"version-history":[{"count":0,"href":"https:\/\/www.tucomarca.com\/wordpress\/segunda\/wp-json\/wp\/v2\/posts\/7445\/revisions"}],"wp:attachment":[{"href":"https:\/\/www.tucomarca.com\/wordpress\/segunda\/wp-json\/wp\/v2\/media?parent=7445"}],"wp:term":[{"taxonomy":"category","embeddable":true,"href":"https:\/\/www.tucomarca.com\/wordpress\/segunda\/wp-json\/wp\/v2\/categories?post=7445"},{"taxonomy":"post_tag","embeddable":true,"href":"https:\/\/www.tucomarca.com\/wordpress\/segunda\/wp-json\/wp\/v2\/tags?post=7445"}],"curies":[{"name":"wp","href":"https:\/\/api.w.org\/{rel}","templated":true}]}}