{"id":74462,"date":"2018-09-13T08:51:41","date_gmt":"2018-09-13T06:51:41","guid":{"rendered":"http:\/\/www.tucomarca.com\/wordpress\/segunda\/?p=74462"},"modified":"2018-09-13T08:51:41","modified_gmt":"2018-09-13T06:51:41","slug":"el-juzgado-de-paz-cita-a-declarar-el-portavoz-de-ribarroja-puede-tras-la-querella-del-alcalde-por-injurias-y-calumnias","status":"publish","type":"post","link":"https:\/\/www.tucomarca.com\/wordpress\/segunda\/el-juzgado-de-paz-cita-a-declarar-el-portavoz-de-ribarroja-puede-tras-la-querella-del-alcalde-por-injurias-y-calumnias\/","title":{"rendered":"El juzgado de paz cita a declarar el portavoz de Ribarroja Puede tras la querella del alcalde por injurias y calumnias"},"content":{"rendered":"<figure id=\"attachment_74459\" aria-describedby=\"caption-attachment-74459\" style=\"width: 372px\" class=\"wp-caption alignleft\"><img loading=\"lazy\" decoding=\"async\" class=\" wp-image-74459\" src=\"https:\/\/www.tucomarca.com\/wordpress\/segunda\/wp-content\/uploads\/2018\/09\/plenoRiba-roja2-3.jpg\" alt=\"El jutjat de pau de Riba-roja de T\u00faria ha citat a declarar el portaveu municipal de Riba-roja Pot, Rub\u00e9n Ferrer, pels presumptes delictes d'inj\u00faries i cal\u00famnies despr\u00e9s de la querella interposada per l'alcalde socialista de la localitat, Robert Raga. L'acte de conciliaci\u00f3 tindr\u00e0 lloc el proper 15 d'octubre a les depend\u00e8ncies judicials pr\u00e8vies a l'inici del procediment judicial. L'acte de conciliaci\u00f3 que se celebrar\u00e0 al jutjat de pau haur\u00e0 de dilucidar si el portaveu de Riba-roja Pot es referma o es retracta de les afirmacions que en els \u00faltims dies ha abocat contra l'alcalde Robert Raga a les xarxes socials, en una moci\u00f3 de reprovaci\u00f3 i en els mitjans de comunicaci\u00f3 referents a uns fets que es remunten a octubre de l'any 2011. La formaci\u00f3 de Riba-roja Pot presentar una moci\u00f3 municipal en qu\u00e8 afirmava que l'alcalde Robert Raga va ser condemnat per l'Audi\u00e8ncia Provincial de Val\u00e8ncia per inj\u00faries a una ve\u00efna de la localitat mentre practicava la ca\u00e7a en un paratge del terme municipal de Riba-roja . Fins i tot, en la moci\u00f3 manifestaven que Raga va cridar a la ve\u00efna &quot;en to altiu, desafiant i agressiu&quot; i li va proferir frases racistes i masclistes. Riba-roja Pot sost\u00e9 que la sent\u00e8ncia judicial recull literalment frases com &quot;si fossis un home et donaria 3 h\u00f2sties&quot; o &quot;il\u00b7legal&quot;, entre altres, una cosa que segons la moci\u00f3 s\u00f3n fets demostrats i condemnats per dos jutjats en sent\u00e8ncia ferma. Aquest partit pol\u00edtic assevera que Raga va ocultar aquests fets quan van succeir per no veure perjudicada la seva carrera pol\u00edtica. No obstant aix\u00f2, la sent\u00e8ncia a la qual fa refer\u00e8ncia el partit Riba-roja Pot a cap moment identifica a l'alcalde Robert Raga com l'autor dels insults i les paraules desafiants contra la ve\u00efna propiet\u00e0ria de l'habitatge, ni tampoc com l'autor de les invectives relacionades amb els coneixements adquirits del pla general d'ordenaci\u00f3 urbana per ser en aquest moment regidor de la localitat amb frases com que la dona &quot;era una il\u00b7legal i que s'havia constru\u00eft el seu habitatge en zona r\u00fastica&quot;. El grup socialista de Riba-roja de T\u00faria considera que aquests fets &quot;s\u00f3n una maniobra orquestrada per aquest partit pol\u00edtic i per la seva portaveu Rub\u00e9n Ferrer en la seva campanya cont\u00ednua d'intentar embrutar la imatge de l'alcalde i de l'equip de govern en una actitud preocupant en tenir de rec\u00f3rrer a uns fets de fa vuit anys que no tenen res a veure en la gesti\u00f3 municipal i que de cap manera es prova que l'alcalde fos l'autor i condemnat per les frases i insults a qu\u00e8 fa refer\u00e8ncia la moci\u00f3 de Riba-roja Pot &quot;. El PSPV afegeix que aquesta formaci\u00f3 d'actuar &quot;\u00e9s la prova que s\u00f3n l'ariet del Partit Popular amb els que han tra\u00e7at i dissenyat un cam\u00ed concret per aconseguir l'alcaldia al preu que sigui, sense importar-los el benestar dels seus ciutadans ni tampoc la dignitat dels seus propis votants ja que durant aquesta legislatura s'han dedicat m\u00e9s a combatre al govern que en fer propostes factibles per a la ciutadania &quot;. El grup socialista recorda que durant aquest mandat &quot;el ben cert \u00e9s que tant el portaveu Rub\u00e9n Ferrer com el seu company de partit Andr\u00e9s Fern\u00e1ndez han estat els \u00fanics en la hist\u00f2ria democr\u00e0tica de Riba-roja que han rebut una reprovaci\u00f3 del ple municipal, en el cas de Ferrer per gravar i difondre converses privades d'un regidor del govern municipal i en el cas de Fern\u00e1ndez per intentar acovardir als funcionaris i per utilitzar imatges d'un rodam\u00f3n per obtenir un r\u00e8dit electoral &quot;. Finalment, el PSPV ha comminat a Riba-roja Pot &quot;a treballar per millorar la qualitat de vida dels nostres ve\u00efns en lloc d'inc\u00f3rrer en inj\u00faries i cal\u00famnies amb l'\u00fanic objectiu d'obtenir r\u00e8dits pol\u00edtics de fets que en res ajuden a establir una simbiosi entre l'ajuntament i la ciutadania, en m\u00faltiples ocasions se'ls ha convidat a formar part de l'equip de govern per\u00f2 prefereixen l'estrat\u00e8gia de sumar-se a soc\u00f3rrer el Partit Popular despr\u00e9s de la seva nefasta gesti\u00f3 durant 20 anys &quot;.\" width=\"372\" height=\"209\" srcset=\"https:\/\/www.tucomarca.com\/wordpress\/segunda\/wp-content\/uploads\/2018\/09\/plenoRiba-roja2-3.jpg 850w, https:\/\/www.tucomarca.com\/wordpress\/segunda\/wp-content\/uploads\/2018\/09\/plenoRiba-roja2-3-300x169.jpg 300w, https:\/\/www.tucomarca.com\/wordpress\/segunda\/wp-content\/uploads\/2018\/09\/plenoRiba-roja2-3-768x432.jpg 768w\" sizes=\"auto, (max-width: 372px) 100vw, 372px\" \/><figcaption id=\"caption-attachment-74459\" class=\"wp-caption-text\">El partit de l&#8217;oposici\u00f3 va acusar Raga d&#8217;insultar a una ve\u00efna en 2011.<\/figcaption><\/figure>\n<p>El juzgado de paz de Ribarroja del Turia ha citado a declarar el portavoz municipal de Ribarroja Puede, Rub\u00e9n Ferrer, por los presuntos delitos de injurias y calumnias tras la querella interpuesta por el alcalde socialista de la localidad, Robert Raga . El acto de conciliaci\u00f3n tendr\u00e1 lugar el pr\u00f3ximo 15 de octubre a las dependencias judiciales previas al inicio del procedimiento judicial.<\/p>\n<p>El acto de conciliaci\u00f3n que se celebrar\u00e1 en el juzgado de paz deber\u00e1 dilucidar si el portavoz de Ribarroja Puede se afianza o se retracta de las afirmaciones que en los \u00faltimos d\u00edas ha vertido contra el alcalde Robert Raga en las redes sociales, en una moci\u00f3n de reprobaci\u00f3n y en los medios de comunicaci\u00f3n referentes a unos hechos que se remontan a octubre del a\u00f1o 2011.<\/p>\n<p>La formaci\u00f3n de Ribarroja Pot present\u00f3 una moci\u00f3n municipal en el que afirmaba que el alcalde Robert Raga fue condenado por la Audiencia Provincial de Valencia por injurias a una vecina de la localidad mientras practicaba la caza en un paraje del t\u00e9rmino municipal de Riba-roja. Incluso, en la moci\u00f3n manifestaban que Raga llam\u00f3 a la vecina \u00aben tono altivo, desafiante y agresivo\u00bb y le profiri\u00f3 frases racistas y machistas.<\/p>\n<p>Ribarroja Pot sostiene que la sentencia judicial recoge literalmente frases como \u00absi fueras un hombre te dar\u00eda 3 hostias\u00bb o \u00abilegal\u00bb, entre otros, algo que seg\u00fan la moci\u00f3n son hechos demostrados y condenados por dos juzgados en sentencia firme . Este partido pol\u00edtico asevera que Raga ocult\u00f3 estos hechos cuando sucedieron para no ver perjudicada su carrera pol\u00edtica.<\/p>\n<p>Sin embargo, la sentencia a la que hace referencia el partido Ribarroja Pot a ning\u00fan momento identifica al alcalde Robert Raga como el autor de los insultos y las palabras desafiantes contra la vecina propietaria de la vivienda, ni tampoco como el autor de las invectivas relacionadas con los conocimientos adquiridos del plan general de ordenaci\u00f3n urbana para ser en este momento concejal de la localidad con frases como que la mujer \u00abera una ilegal y que se hab\u00eda construido su vivienda en zona r\u00fastica \u00ab.<\/p>\n<p>El grupo socialista de Ribarroja del Turia considera que estos hechos \u00abson una maniobra orquestada por este partido pol\u00edtico y por su portavoz Rub\u00e9n Ferrer en su campa\u00f1a continua de intentar ensuciar la imagen del alcalde y del equipo de gobierno en una actitud preocupante en tener que recurrir a unos hechos de hace ocho a\u00f1os que no tienen nada que ver en la gesti\u00f3n municipal y que de ninguna manera se prueba que el alcalde fuera el autor y condenado por las frases e insultos a que hace referencia la moci\u00f3n de Ribarroja Pot\u00bb.<\/p>\n<p>El PSPV a\u00f1ade que esta formaci\u00f3n de actuar \u00abes la prueba de que son el ariete del Partido Popular con los que han trazado y dise\u00f1ado un camino concreto para conseguir la alcald\u00eda al precio que sea, sin importarles el bienestar de sus ciudadanos ni tampoco la dignidad de sus propios votantes ya que durante esta legislatura se han dedicado m\u00e1s a combatir al gobierno que en hacer propuestas factibles para la ciudadan\u00eda \u00ab.<\/p>\n<p>El grupo socialista recuerda que durante este mandato \u00ablo cierto es que tanto el portavoz Rub\u00e9n Ferrer como su compa\u00f1ero de partido Andr\u00e9s Fern\u00e1ndez han sido los \u00fanicos en la historia democr\u00e1tica de Ribarroja que han recibido una reprobaci\u00f3n del pleno municipal, en el caso de Ferrer para grabar y difundir conversaciones privadas de un concejal del gobierno municipal y en el caso de Fern\u00e1ndez para intentar amedrentar a los funcionarios y para utilizar im\u00e1genes de un vagabundo para obtener un r\u00e9dito electoral \u00ab.<\/p>\n<p>Finalmente, el PSPV ha conminado a Ribarroja Puede \u00aba trabajar para mejorar la calidad de vida de nuestros vecinos en lugar de incurrir en injurias y calumnias con el \u00fanico objetivo de obtener r\u00e9ditos pol\u00edticos de hechos que en nada ayudan a establecer una simbiosis entre el ayuntamiento y la ciudadan\u00eda, en m\u00faltiples ocasiones se les ha invitado a formar parte del equipo de gobierno pero prefieren la estrategia de sumarse a socorrer el Partido Popular tras su nefasta gesti\u00f3n durante 20 a\u00f1os \u00ab.<\/p>\n","protected":false},"excerpt":{"rendered":"<div class=\"mh-excerpt\">El juzgado de paz de Ribarroja del Turia ha citado a declarar el portavoz municipal de Ribarroja Puede, Rub\u00e9n Ferrer, por los presuntos delitos de injurias y calumnias tras la querella interpuesta por el alcalde <a class=\"mh-excerpt-more\" href=\"https:\/\/www.tucomarca.com\/wordpress\/segunda\/el-juzgado-de-paz-cita-a-declarar-el-portavoz-de-ribarroja-puede-tras-la-querella-del-alcalde-por-injurias-y-calumnias\/\" title=\"El juzgado de paz cita a declarar el portavoz de Ribarroja Puede tras la querella del alcalde por injurias y calumnias\">[+] <\/a><\/div>\n","protected":false},"author":1,"featured_media":74460,"comment_status":"open","ping_status":"open","sticky":false,"template":"","format":"standard","meta":{"footnotes":""},"categories":[46,8,142,182,3,45],"tags":[10395,1504],"class_list":{"0":"post-74462","1":"post","2":"type-post","3":"status-publish","4":"format-standard","5":"has-post-thumbnail","7":"category-camp-de-turia","8":"category-la-comarca","9":"category-politica-la-comarca","10":"category-riba-roja","11":"category-seccion","12":"category-ventana","13":"tag-camp-de-turia","14":"tag-riba-roja-2"},"_links":{"self":[{"href":"https:\/\/www.tucomarca.com\/wordpress\/segunda\/wp-json\/wp\/v2\/posts\/74462","targetHints":{"allow":["GET"]}}],"collection":[{"href":"https:\/\/www.tucomarca.com\/wordpress\/segunda\/wp-json\/wp\/v2\/posts"}],"about":[{"href":"https:\/\/www.tucomarca.com\/wordpress\/segunda\/wp-json\/wp\/v2\/types\/post"}],"author":[{"embeddable":true,"href":"https:\/\/www.tucomarca.com\/wordpress\/segunda\/wp-json\/wp\/v2\/users\/1"}],"replies":[{"embeddable":true,"href":"https:\/\/www.tucomarca.com\/wordpress\/segunda\/wp-json\/wp\/v2\/comments?post=74462"}],"version-history":[{"count":0,"href":"https:\/\/www.tucomarca.com\/wordpress\/segunda\/wp-json\/wp\/v2\/posts\/74462\/revisions"}],"wp:featuredmedia":[{"embeddable":true,"href":"https:\/\/www.tucomarca.com\/wordpress\/segunda\/wp-json\/wp\/v2\/media\/74460"}],"wp:attachment":[{"href":"https:\/\/www.tucomarca.com\/wordpress\/segunda\/wp-json\/wp\/v2\/media?parent=74462"}],"wp:term":[{"taxonomy":"category","embeddable":true,"href":"https:\/\/www.tucomarca.com\/wordpress\/segunda\/wp-json\/wp\/v2\/categories?post=74462"},{"taxonomy":"post_tag","embeddable":true,"href":"https:\/\/www.tucomarca.com\/wordpress\/segunda\/wp-json\/wp\/v2\/tags?post=74462"}],"curies":[{"name":"wp","href":"https:\/\/api.w.org\/{rel}","templated":true}]}}