{"id":7450,"date":"2012-09-26T12:51:44","date_gmt":"2012-09-26T10:51:44","guid":{"rendered":"http:\/\/www.tucomarca.com\/wordpress\/segunda\/?p=7450"},"modified":"2012-09-26T12:51:44","modified_gmt":"2012-09-26T10:51:44","slug":"se-declara-otro-nuevo-incendio-en-el-parque-fluvial-de-riba-roja","status":"publish","type":"post","link":"https:\/\/www.tucomarca.com\/wordpress\/segunda\/se-declara-otro-nuevo-incendio-en-el-parque-fluvial-de-riba-roja\/","title":{"rendered":"Se declara otro nuevo incendio en el parque fluvial de Riba-roja"},"content":{"rendered":"<p>Un nuevo incendio forestal se ha declarado esta ma\u00f1ana en el t\u00e9rmino municipal de Riba-roja. Concretamente, en las inmediaciones del parque fluvial. R\u00e1pidamente, tras recibir la llamada de alerta en el 112 a las 11,34 horas, se han movilizado tres medios \u00e1reos junto a efectivos del parque de Bomberos de Valencia.<\/p>\n<p>No obsante, tras las primeras descargas de los medios a\u00e9reos el incendio se ha sofocado. Queda un helic\u00f3ptero supervisando y el resto de efectivos se han retirado hace apenas unos minutos.<\/p>\n<p>Por otra parte, el incendio de Benicolet ha sido controlado a las 12.30 horas de este mi\u00e9rcoles. Las primeras estimaciones sit\u00faan en 15 las hect\u00e1reas afectadas.<\/p>\n<p>&nbsp;<\/p>\n","protected":false},"excerpt":{"rendered":"<div class=\"mh-excerpt\">Un nuevo incendio forestal se ha declarado esta ma\u00f1ana en el t\u00e9rmino municipal de Riba-roja. Concretamente, en las inmediaciones del parque fluvial. R\u00e1pidamente, tras recibir la llamada de alerta en el 112 a las 11,34 <a class=\"mh-excerpt-more\" href=\"https:\/\/www.tucomarca.com\/wordpress\/segunda\/se-declara-otro-nuevo-incendio-en-el-parque-fluvial-de-riba-roja\/\" title=\"Se declara otro nuevo incendio en el parque fluvial de Riba-roja\">[+] <\/a><\/div>\n","protected":false},"author":1,"featured_media":0,"comment_status":"open","ping_status":"open","sticky":false,"template":"","format":"standard","meta":{"footnotes":""},"categories":[46,8,182,3,116],"tags":[],"class_list":{"0":"post-7450","1":"post","2":"type-post","3":"status-publish","4":"format-standard","6":"category-camp-de-turia","7":"category-la-comarca","8":"category-riba-roja","9":"category-seccion","10":"category-sucesos-la-comarca"},"_links":{"self":[{"href":"https:\/\/www.tucomarca.com\/wordpress\/segunda\/wp-json\/wp\/v2\/posts\/7450","targetHints":{"allow":["GET"]}}],"collection":[{"href":"https:\/\/www.tucomarca.com\/wordpress\/segunda\/wp-json\/wp\/v2\/posts"}],"about":[{"href":"https:\/\/www.tucomarca.com\/wordpress\/segunda\/wp-json\/wp\/v2\/types\/post"}],"author":[{"embeddable":true,"href":"https:\/\/www.tucomarca.com\/wordpress\/segunda\/wp-json\/wp\/v2\/users\/1"}],"replies":[{"embeddable":true,"href":"https:\/\/www.tucomarca.com\/wordpress\/segunda\/wp-json\/wp\/v2\/comments?post=7450"}],"version-history":[{"count":0,"href":"https:\/\/www.tucomarca.com\/wordpress\/segunda\/wp-json\/wp\/v2\/posts\/7450\/revisions"}],"wp:attachment":[{"href":"https:\/\/www.tucomarca.com\/wordpress\/segunda\/wp-json\/wp\/v2\/media?parent=7450"}],"wp:term":[{"taxonomy":"category","embeddable":true,"href":"https:\/\/www.tucomarca.com\/wordpress\/segunda\/wp-json\/wp\/v2\/categories?post=7450"},{"taxonomy":"post_tag","embeddable":true,"href":"https:\/\/www.tucomarca.com\/wordpress\/segunda\/wp-json\/wp\/v2\/tags?post=7450"}],"curies":[{"name":"wp","href":"https:\/\/api.w.org\/{rel}","templated":true}]}}