{"id":7462,"date":"2012-09-26T14:33:22","date_gmt":"2012-09-26T12:33:22","guid":{"rendered":"http:\/\/www.tucomarca.com\/wordpress\/segunda\/?p=7462"},"modified":"2012-09-26T14:35:53","modified_gmt":"2012-09-26T12:35:53","slug":"rranca-el-programa-de-cualificacion-profesional-inicial-en-chiva","status":"publish","type":"post","link":"https:\/\/www.tucomarca.com\/wordpress\/segunda\/rranca-el-programa-de-cualificacion-profesional-inicial-en-chiva\/","title":{"rendered":"Arranca el Programa de Cualificaci\u00f3n Profesional Inicial en Chiva"},"content":{"rendered":"<figure id=\"attachment_7463\" aria-describedby=\"caption-attachment-7463\" style=\"width: 300px\" class=\"wp-caption alignleft\"><a href=\"https:\/\/www.tucomarca.com\/wordpress\/segunda\/wp-content\/uploads\/2012\/09\/P9140248.jpg\"><img loading=\"lazy\" decoding=\"async\" class=\"size-medium wp-image-7463\" title=\"OLYMPUS DIGITAL CAMERA\" src=\"https:\/\/www.tucomarca.com\/wordpress\/segunda\/wp-content\/uploads\/2012\/09\/P9140248-300x225.jpg\" alt=\"Alumnos participantes en el curso.\" width=\"300\" height=\"225\" \/><\/a><figcaption id=\"caption-attachment-7463\" class=\"wp-caption-text\">Alumnos participantes en el programa.<\/figcaption><\/figure>\n<p>El Ayuntamiento de Chiva ha puesto en marcha, nuevamente, el Programa de Cualificaci\u00f3n Profesional Inicial en la especialidad \u2018operaciones auxiliares en la organizaci\u00f3n de actividades y funcionamiento de instalaciones deportivas\u2019. Su puesto en marcha ha sido gracias a una subvenci\u00f3n de la Conseller\u00eda de Educaci\u00f3n.<\/p>\n<p>El programa pretende cubrir las necesidades formativas del alumnado, estando dirigido a j\u00f3venes de entre 16 y 21 a\u00f1os que no hayan completado la Educaci\u00f3n Secundaria Obligatoria, con el objetivo de dotar a los j\u00f3venes de una cualificaci\u00f3n profesional, favoreciendo su desarrollo positivo as\u00ed como su maduraci\u00f3n, adem\u00e1s de completar su formaci\u00f3n b\u00e1sica posibilitando que obtengan el graduado en ESO o puedan acceder a ciclos formativos de grado medio.<\/p>\n<p>Los alumnos del PCPI realizar\u00e1n tambi\u00e9n pr\u00e1cticas formativas en las que podr\u00e1n aplicar los conocimientos adquiridos durante las clases te\u00f3ricas, las cuales se adaptan a las necesidades de cada alumno potenciando sus capacidades y destrezas afianzando su madurez personal.<\/p>\n<p>Este es el segundo curso acad\u00e9mico que se desarrolla este programa por parte del Ayuntamiento de Chiva.<\/p>\n","protected":false},"excerpt":{"rendered":"<div class=\"mh-excerpt\">El Ayuntamiento de Chiva ha puesto en marcha, nuevamente, el Programa de Cualificaci\u00f3n Profesional Inicial en la especialidad \u2018operaciones auxiliares en la organizaci\u00f3n de actividades y funcionamiento de instalaciones deportivas\u2019. Su puesto en marcha ha <a class=\"mh-excerpt-more\" href=\"https:\/\/www.tucomarca.com\/wordpress\/segunda\/rranca-el-programa-de-cualificacion-profesional-inicial-en-chiva\/\" title=\"Arranca el Programa de Cualificaci\u00f3n Profesional Inicial en Chiva\">[+] <\/a><\/div>\n","protected":false},"author":1,"featured_media":7463,"comment_status":"open","ping_status":"open","sticky":false,"template":"","format":"standard","meta":{"footnotes":""},"categories":[16,8,10,3,45],"tags":[],"class_list":{"0":"post-7462","1":"post","2":"type-post","3":"status-publish","4":"format-standard","5":"has-post-thumbnail","7":"category-chiva","8":"category-la-comarca","9":"category-la-hoya","10":"category-seccion","11":"category-ventana"},"_links":{"self":[{"href":"https:\/\/www.tucomarca.com\/wordpress\/segunda\/wp-json\/wp\/v2\/posts\/7462","targetHints":{"allow":["GET"]}}],"collection":[{"href":"https:\/\/www.tucomarca.com\/wordpress\/segunda\/wp-json\/wp\/v2\/posts"}],"about":[{"href":"https:\/\/www.tucomarca.com\/wordpress\/segunda\/wp-json\/wp\/v2\/types\/post"}],"author":[{"embeddable":true,"href":"https:\/\/www.tucomarca.com\/wordpress\/segunda\/wp-json\/wp\/v2\/users\/1"}],"replies":[{"embeddable":true,"href":"https:\/\/www.tucomarca.com\/wordpress\/segunda\/wp-json\/wp\/v2\/comments?post=7462"}],"version-history":[{"count":0,"href":"https:\/\/www.tucomarca.com\/wordpress\/segunda\/wp-json\/wp\/v2\/posts\/7462\/revisions"}],"wp:featuredmedia":[{"embeddable":true,"href":"https:\/\/www.tucomarca.com\/wordpress\/segunda\/wp-json\/wp\/v2\/media\/7463"}],"wp:attachment":[{"href":"https:\/\/www.tucomarca.com\/wordpress\/segunda\/wp-json\/wp\/v2\/media?parent=7462"}],"wp:term":[{"taxonomy":"category","embeddable":true,"href":"https:\/\/www.tucomarca.com\/wordpress\/segunda\/wp-json\/wp\/v2\/categories?post=7462"},{"taxonomy":"post_tag","embeddable":true,"href":"https:\/\/www.tucomarca.com\/wordpress\/segunda\/wp-json\/wp\/v2\/tags?post=7462"}],"curies":[{"name":"wp","href":"https:\/\/api.w.org\/{rel}","templated":true}]}}