{"id":74649,"date":"2018-09-13T11:35:12","date_gmt":"2018-09-13T09:35:12","guid":{"rendered":"http:\/\/www.tucomarca.com\/wordpress\/segunda\/?p=74649"},"modified":"2018-09-13T11:35:12","modified_gmt":"2018-09-13T09:35:12","slug":"godelleta-acoge-del-28-al-30-de-septiembre-la-primera-fira-valenciana-del-moscatell","status":"publish","type":"post","link":"https:\/\/www.tucomarca.com\/wordpress\/segunda\/godelleta-acoge-del-28-al-30-de-septiembre-la-primera-fira-valenciana-del-moscatell\/","title":{"rendered":"Godelleta acoge del 28 al 30 de septiembre la primera Fira Valenciana del Moscatell"},"content":{"rendered":"<figure id=\"attachment_74892\" aria-describedby=\"caption-attachment-74892\" style=\"width: 363px\" class=\"wp-caption alignleft\"><img loading=\"lazy\" decoding=\"async\" class=\" wp-image-74892\" src=\"https:\/\/www.tucomarca.com\/wordpress\/segunda\/wp-content\/uploads\/2018\/09\/FIVAMOS18.jpg\" alt=\"Cartel de la primera feria Fivamos.\" width=\"363\" height=\"513\" srcset=\"https:\/\/www.tucomarca.com\/wordpress\/segunda\/wp-content\/uploads\/2018\/09\/FIVAMOS18.jpg 3508w, https:\/\/www.tucomarca.com\/wordpress\/segunda\/wp-content\/uploads\/2018\/09\/FIVAMOS18-212x300.jpg 212w, https:\/\/www.tucomarca.com\/wordpress\/segunda\/wp-content\/uploads\/2018\/09\/FIVAMOS18-768x1086.jpg 768w, https:\/\/www.tucomarca.com\/wordpress\/segunda\/wp-content\/uploads\/2018\/09\/FIVAMOS18-724x1024.jpg 724w, https:\/\/www.tucomarca.com\/wordpress\/segunda\/wp-content\/uploads\/2018\/09\/FIVAMOS18-1024x1448.jpg 1024w\" sizes=\"auto, (max-width: 363px) 100vw, 363px\" \/><figcaption id=\"caption-attachment-74892\" class=\"wp-caption-text\">Cartel de la primera feria Fivamos.<\/figcaption><\/figure>\n<p>Los Ayuntamientos de Chiva, Cheste y Godelleta han creado la marca Circuito del Moscatel con el fin de promocionar los recursos tur\u00edsticos y de ocio de estas localidades, utilizando como veh\u00edculo difusor la variedad de uva que los unifica a todos: el moscatel. De ese modo, a lo largo del a\u00f1o en curso se ir\u00e1n desarrollando diferentes actividades l\u00fadicas y publicitarias, a trav\u00e9s de una asociaci\u00f3n, sin \u00e1nimo de lucro, en la que participar\u00e1n entidades tanto p\u00fablicas como privadas.<\/p>\n<p>La primera de estas actividades es la Fira Valenciana del Moscatell (Fivamos\u201918), que tendr\u00e1 lugar los d\u00edas 28, 29 y 30 de septiembre en la localidad de Godelleta, concretamente en la zona de recreo conocida como el Parque de El Plant\u00edo.<\/p>\n<p>\u00abPara este evento, hemos dise\u00f1ado una programaci\u00f3n con multitud de actividades, como visitas programadas a la Cooperativa Vin\u00edcola San Pedro Ap\u00f3stol de Godelleta, show-cookings con presencia de cocineros, \u00e1rea de gastronom\u00eda y el I Sal\u00f3n del Moscatel Valenciano\u00bb, tal como ha informado el director del la feria, Carles Galletero.<\/p>\n<p>\u00abSe trata de una feria abierta al p\u00fablico y completamente gratuita, si bien los expositores podr\u00e1n vender sus degustaciones y catas, mediante la entrega de tickets que ser\u00e1n distribuidos por la organizaci\u00f3n del evento. Por cada ticket, cuyo precio rondar\u00e1 los 6 euros, el visitante recibir\u00e1 tres tapas, dos copas de vino y una copa de cristal con el logotipo de la feria. El expositor podr\u00e1 canjear cada una de las pesta\u00f1as (equivalente a una copa de vino o degustaci\u00f3n) por un euro\u00bb, ha a\u00f1adido el director del evento.<\/p>\n","protected":false},"excerpt":{"rendered":"<div class=\"mh-excerpt\">Los Ayuntamientos de Chiva, Cheste y Godelleta han creado la marca Circuito del Moscatel con el fin de promocionar los recursos tur\u00edsticos y de ocio de estas localidades, utilizando como veh\u00edculo difusor la variedad de <a class=\"mh-excerpt-more\" href=\"https:\/\/www.tucomarca.com\/wordpress\/segunda\/godelleta-acoge-del-28-al-30-de-septiembre-la-primera-fira-valenciana-del-moscatell\/\" title=\"Godelleta acoge del 28 al 30 de septiembre la primera Fira Valenciana del Moscatell\">[+] <\/a><\/div>\n","protected":false},"author":1,"featured_media":74892,"comment_status":"open","ping_status":"open","sticky":false,"template":"","format":"standard","meta":{"footnotes":""},"categories":[169,113,17,16,14,8,72,10,117,7,3,45],"tags":[339,10384,10383,5952],"class_list":{"0":"post-74649","1":"post","2":"type-post","3":"status-publish","4":"format-standard","5":"has-post-thumbnail","7":"category-agricultura-la-comarca","8":"category-vinos","9":"category-cheste","10":"category-chiva","11":"category-godelleta","12":"category-la-comarca","13":"category-sin-categorizar","14":"category-la-hoya","15":"category-medio-ambiente-la-comarca","16":"category-ocio-y-cultura","17":"category-seccion","18":"category-ventana","19":"tag-cheste-2","20":"tag-chiva","21":"tag-godelleta","22":"tag-la-hoya-de-bunol-chiva"},"_links":{"self":[{"href":"https:\/\/www.tucomarca.com\/wordpress\/segunda\/wp-json\/wp\/v2\/posts\/74649","targetHints":{"allow":["GET"]}}],"collection":[{"href":"https:\/\/www.tucomarca.com\/wordpress\/segunda\/wp-json\/wp\/v2\/posts"}],"about":[{"href":"https:\/\/www.tucomarca.com\/wordpress\/segunda\/wp-json\/wp\/v2\/types\/post"}],"author":[{"embeddable":true,"href":"https:\/\/www.tucomarca.com\/wordpress\/segunda\/wp-json\/wp\/v2\/users\/1"}],"replies":[{"embeddable":true,"href":"https:\/\/www.tucomarca.com\/wordpress\/segunda\/wp-json\/wp\/v2\/comments?post=74649"}],"version-history":[{"count":0,"href":"https:\/\/www.tucomarca.com\/wordpress\/segunda\/wp-json\/wp\/v2\/posts\/74649\/revisions"}],"wp:featuredmedia":[{"embeddable":true,"href":"https:\/\/www.tucomarca.com\/wordpress\/segunda\/wp-json\/wp\/v2\/media\/74892"}],"wp:attachment":[{"href":"https:\/\/www.tucomarca.com\/wordpress\/segunda\/wp-json\/wp\/v2\/media?parent=74649"}],"wp:term":[{"taxonomy":"category","embeddable":true,"href":"https:\/\/www.tucomarca.com\/wordpress\/segunda\/wp-json\/wp\/v2\/categories?post=74649"},{"taxonomy":"post_tag","embeddable":true,"href":"https:\/\/www.tucomarca.com\/wordpress\/segunda\/wp-json\/wp\/v2\/tags?post=74649"}],"curies":[{"name":"wp","href":"https:\/\/api.w.org\/{rel}","templated":true}]}}