{"id":74714,"date":"2018-09-14T06:05:02","date_gmt":"2018-09-14T04:05:02","guid":{"rendered":"http:\/\/www.tucomarca.com\/wordpress\/segunda\/?p=74714"},"modified":"2018-09-14T02:49:18","modified_gmt":"2018-09-14T00:49:18","slug":"bunol-celebra-los-dias-14-15-y-16-de-septiembre-su-tradicional-encuentro-de-hateros","status":"publish","type":"post","link":"https:\/\/www.tucomarca.com\/wordpress\/segunda\/bunol-celebra-los-dias-14-15-y-16-de-septiembre-su-tradicional-encuentro-de-hateros\/","title":{"rendered":"Bu\u00f1ol celebra los d\u00edas 14, 15 y 16 de septiembre su tradicional encuentro de hateros"},"content":{"rendered":"<figure id=\"attachment_74903\" aria-describedby=\"caption-attachment-74903\" style=\"width: 945px\" class=\"wp-caption alignnone\"><img loading=\"lazy\" decoding=\"async\" class=\"size-full wp-image-74903\" src=\"https:\/\/www.tucomarca.com\/wordpress\/segunda\/wp-content\/uploads\/2018\/09\/hateros17.jpg\" alt=\"Una imagen de la edici\u00f3n del a\u00f1o pasado.\" width=\"945\" height=\"633\" srcset=\"https:\/\/www.tucomarca.com\/wordpress\/segunda\/wp-content\/uploads\/2018\/09\/hateros17.jpg 945w, https:\/\/www.tucomarca.com\/wordpress\/segunda\/wp-content\/uploads\/2018\/09\/hateros17-300x201.jpg 300w, https:\/\/www.tucomarca.com\/wordpress\/segunda\/wp-content\/uploads\/2018\/09\/hateros17-768x514.jpg 768w\" sizes=\"auto, (max-width: 945px) 100vw, 945px\" \/><figcaption id=\"caption-attachment-74903\" class=\"wp-caption-text\">Una imagen de la edici\u00f3n del a\u00f1o pasado.<\/figcaption><\/figure>\n<p>El encuentro de hateros de Bu\u00f1ol cumple este a\u00f1o su duod\u00e9cima edici\u00f3n, convirti\u00e9ndose ya en una de las citas imprescindibles del cierre del verano en la localidad. Una propuesta gastron\u00f3mico-festiva con un marcado sabor a pueblo, y que se desarrolla durante los d\u00edas 14 al 16 de septiembre. \u00abEste a\u00f1o se contar\u00e1 con la presencia de una representaci\u00f3n de Siete Aguas como pueblo invitado debido a su vocaci\u00f3n por la caza y la gastronom\u00eda, se\u00f1as de identidad de este evento\u00bb, seg\u00fan ha informado el concejal de Turismo, Manuel Sierra.<\/p>\n<p>En la jornada del viernes 14, a las 19,30 horas se inaugura en el local de las Amas de Casa una exposici\u00f3n relacionada con el mundo de la hater\u00eda. A las 19,30 h. comenzar\u00e1 el XI Concurso de Vermuticos con las tapas m\u00e1s originales a base de productos t\u00edpicos de caza; y a las 24,00 h habr\u00e1 en el barrac\u00f3n de la Falla Las Ventas la actuaci\u00f3n del monologuista Miki Dkai. El s\u00e1bado 15, a las 12,00 horas en la plaza de Las Ventas: quinto-tapa, a cargo de los Hateros y la Falla Ventas. A las 20,00 horas, Guisando en la Plaza Ventas, degustaci\u00f3n de las creaciones gastron\u00f3micas tradicionales de los mejores hateros de Bu\u00f1ol. A las 20,00 horas, paella monumental patrocinada por los Hateros y Falla Ventas. 20,00 horas Torta de gazpacho con tocino y a partir de las 22,00 h. cena para todos los participantes. A las 22,30 h, actuaci\u00f3n patrocinada por la Diputaci\u00f3n de Valencia. Durante el domingo 26 se va a disfrutar de la II Ruta de los Hateros en los restaurantes de la localidad. Adem\u00e1s, para esa misma ma\u00f1ana, a las 11,00 horas, se ofrecer\u00e1 una visita guiada al castillo.<\/p>\n","protected":false},"excerpt":{"rendered":"<div class=\"mh-excerpt\">El encuentro de hateros de Bu\u00f1ol cumple este a\u00f1o su duod\u00e9cima edici\u00f3n, convirti\u00e9ndose ya en una de las citas imprescindibles del cierre del verano en la localidad. Una propuesta gastron\u00f3mico-festiva con un marcado sabor a <a class=\"mh-excerpt-more\" href=\"https:\/\/www.tucomarca.com\/wordpress\/segunda\/bunol-celebra-los-dias-14-15-y-16-de-septiembre-su-tradicional-encuentro-de-hateros\/\" title=\"Bu\u00f1ol celebra los d\u00edas 14, 15 y 16 de septiembre su tradicional encuentro de hateros\">[+] <\/a><\/div>\n","protected":false},"author":1,"featured_media":74903,"comment_status":"open","ping_status":"open","sticky":false,"template":"","format":"standard","meta":{"footnotes":""},"categories":[18,8,72,10,5,383,3,12,45],"tags":[5952],"class_list":{"0":"post-74714","1":"post","2":"type-post","3":"status-publish","4":"format-standard","5":"has-post-thumbnail","7":"category-bunol","8":"category-la-comarca","9":"category-sin-categorizar","10":"category-la-hoya","11":"category-la-semana-en-imagenes","12":"category-pueblos-en-fiestas","13":"category-seccion","14":"category-siete-aguas","15":"category-ventana","16":"tag-la-hoya-de-bunol-chiva"},"_links":{"self":[{"href":"https:\/\/www.tucomarca.com\/wordpress\/segunda\/wp-json\/wp\/v2\/posts\/74714","targetHints":{"allow":["GET"]}}],"collection":[{"href":"https:\/\/www.tucomarca.com\/wordpress\/segunda\/wp-json\/wp\/v2\/posts"}],"about":[{"href":"https:\/\/www.tucomarca.com\/wordpress\/segunda\/wp-json\/wp\/v2\/types\/post"}],"author":[{"embeddable":true,"href":"https:\/\/www.tucomarca.com\/wordpress\/segunda\/wp-json\/wp\/v2\/users\/1"}],"replies":[{"embeddable":true,"href":"https:\/\/www.tucomarca.com\/wordpress\/segunda\/wp-json\/wp\/v2\/comments?post=74714"}],"version-history":[{"count":0,"href":"https:\/\/www.tucomarca.com\/wordpress\/segunda\/wp-json\/wp\/v2\/posts\/74714\/revisions"}],"wp:featuredmedia":[{"embeddable":true,"href":"https:\/\/www.tucomarca.com\/wordpress\/segunda\/wp-json\/wp\/v2\/media\/74903"}],"wp:attachment":[{"href":"https:\/\/www.tucomarca.com\/wordpress\/segunda\/wp-json\/wp\/v2\/media?parent=74714"}],"wp:term":[{"taxonomy":"category","embeddable":true,"href":"https:\/\/www.tucomarca.com\/wordpress\/segunda\/wp-json\/wp\/v2\/categories?post=74714"},{"taxonomy":"post_tag","embeddable":true,"href":"https:\/\/www.tucomarca.com\/wordpress\/segunda\/wp-json\/wp\/v2\/tags?post=74714"}],"curies":[{"name":"wp","href":"https:\/\/api.w.org\/{rel}","templated":true}]}}