{"id":74717,"date":"2018-09-14T01:13:27","date_gmt":"2018-09-13T23:13:27","guid":{"rendered":"http:\/\/www.tucomarca.com\/wordpress\/segunda\/?p=74717"},"modified":"2018-09-14T02:11:48","modified_gmt":"2018-09-14T00:11:48","slug":"siete-aguas-se-prepara-para-acoger-el-xviii-encuentro-de-escuelas-de-musica","status":"publish","type":"post","link":"https:\/\/www.tucomarca.com\/wordpress\/segunda\/siete-aguas-se-prepara-para-acoger-el-xviii-encuentro-de-escuelas-de-musica\/","title":{"rendered":"Siete Aguas se prepara para acoger el XVIII Encuentro de Escuelas de M\u00fasica"},"content":{"rendered":"<figure id=\"attachment_74782\" aria-describedby=\"caption-attachment-74782\" style=\"width: 456px\" class=\"wp-caption alignleft\"><img loading=\"lazy\" decoding=\"async\" class=\" wp-image-74782\" src=\"https:\/\/www.tucomarca.com\/wordpress\/segunda\/wp-content\/uploads\/2018\/09\/SieteAguasEscuelas.jpg\" alt=\"El alcalde de Siete Aguas junto al presidente de la FSMCV en La Hoya.\" width=\"456\" height=\"342\" srcset=\"https:\/\/www.tucomarca.com\/wordpress\/segunda\/wp-content\/uploads\/2018\/09\/SieteAguasEscuelas.jpg 1600w, https:\/\/www.tucomarca.com\/wordpress\/segunda\/wp-content\/uploads\/2018\/09\/SieteAguasEscuelas-300x225.jpg 300w, https:\/\/www.tucomarca.com\/wordpress\/segunda\/wp-content\/uploads\/2018\/09\/SieteAguasEscuelas-768x576.jpg 768w, https:\/\/www.tucomarca.com\/wordpress\/segunda\/wp-content\/uploads\/2018\/09\/SieteAguasEscuelas-1024x768.jpg 1024w\" sizes=\"auto, (max-width: 456px) 100vw, 456px\" \/><figcaption id=\"caption-attachment-74782\" class=\"wp-caption-text\">El alcalde de Siete Aguas junto al presidente de la FSMCV en La Hoya.<\/figcaption><\/figure>\n<p>Siete Aguas acoger\u00e1 el pr\u00f3ximo s\u00e1bado 22 de septiembre el XVIII encuentro comarcal de escuelas de m\u00fasica de La Hoya de Bu\u00f1ol-Chiva, organizado por la Federaci\u00f3n de Sociedades Musicales de la Comunidad Valenciana (FSMCV)\u2008en colaboraci\u00f3n con la Sociedad Musical \u00abLa Paz\u00bb de Siete Aguas y el Ayuntamiento de la localidad.<\/p>\n<p>Como ha avanzado el presidente del la FSMCV\u2008en La Hoya, Ricardo Sales, \u00aben la cita van a participar todas las escuelas de m\u00fasica de todas las bandas de m\u00fasica de la comarca, por lo que el encuentro volver\u00e1 a convertirse en multitudinario\u00bb.<\/p>\n<p>La jornada comenzar\u00e1 a las 16,30 horas con la llegada de autobuses al Parque de la Glorieta y la recepci\u00f3n de las escuelas por la organizaci\u00f3n. A continuaci\u00f3n dar\u00e1n comienzo de los juegos, talleres y actividades programadas en el parque de la Glorieta y el polideportivo municipal. A las 19,00 horas tendr\u00e1 lugar el desfile desde la avenida del Cerro hasta la plaza de la Constituci\u00f3n, la entrega de diplomas y el cierre del acto con la interpretaci\u00f3n conjunta por todos los educandos de las escuelas comarcales del Himno de la Alegr\u00eda, de Beethoven. La jornada se cerrar\u00e1 con la cena y una discom\u00f3vil.<\/p>\n","protected":false},"excerpt":{"rendered":"<div class=\"mh-excerpt\">Siete Aguas acoger\u00e1 el pr\u00f3ximo s\u00e1bado 22 de septiembre el XVIII encuentro comarcal de escuelas de m\u00fasica de La Hoya de Bu\u00f1ol-Chiva, organizado por la Federaci\u00f3n de Sociedades Musicales de la Comunidad Valenciana (FSMCV)\u2008en colaboraci\u00f3n <a class=\"mh-excerpt-more\" href=\"https:\/\/www.tucomarca.com\/wordpress\/segunda\/siete-aguas-se-prepara-para-acoger-el-xviii-encuentro-de-escuelas-de-musica\/\" title=\"Siete Aguas se prepara para acoger el XVIII Encuentro de Escuelas de M\u00fasica\">[+] <\/a><\/div>\n","protected":false},"author":1,"featured_media":74782,"comment_status":"open","ping_status":"open","sticky":false,"template":"","format":"standard","meta":{"footnotes":""},"categories":[19,18,66,17,16,15,14,8,72,10,13,7,3,12,45,11],"tags":[220,5952],"class_list":{"0":"post-74717","1":"post","2":"type-post","3":"status-publish","4":"format-standard","5":"has-post-thumbnail","7":"category-alborache","8":"category-bunol","9":"category-musica","10":"category-cheste","11":"category-chiva","12":"category-dos-aguas","13":"category-godelleta","14":"category-la-comarca","15":"category-sin-categorizar","16":"category-la-hoya","17":"category-macastre","18":"category-ocio-y-cultura","19":"category-seccion","20":"category-siete-aguas","21":"category-ventana","22":"category-yatova","23":"tag-fsmcv","24":"tag-la-hoya-de-bunol-chiva"},"_links":{"self":[{"href":"https:\/\/www.tucomarca.com\/wordpress\/segunda\/wp-json\/wp\/v2\/posts\/74717","targetHints":{"allow":["GET"]}}],"collection":[{"href":"https:\/\/www.tucomarca.com\/wordpress\/segunda\/wp-json\/wp\/v2\/posts"}],"about":[{"href":"https:\/\/www.tucomarca.com\/wordpress\/segunda\/wp-json\/wp\/v2\/types\/post"}],"author":[{"embeddable":true,"href":"https:\/\/www.tucomarca.com\/wordpress\/segunda\/wp-json\/wp\/v2\/users\/1"}],"replies":[{"embeddable":true,"href":"https:\/\/www.tucomarca.com\/wordpress\/segunda\/wp-json\/wp\/v2\/comments?post=74717"}],"version-history":[{"count":0,"href":"https:\/\/www.tucomarca.com\/wordpress\/segunda\/wp-json\/wp\/v2\/posts\/74717\/revisions"}],"wp:featuredmedia":[{"embeddable":true,"href":"https:\/\/www.tucomarca.com\/wordpress\/segunda\/wp-json\/wp\/v2\/media\/74782"}],"wp:attachment":[{"href":"https:\/\/www.tucomarca.com\/wordpress\/segunda\/wp-json\/wp\/v2\/media?parent=74717"}],"wp:term":[{"taxonomy":"category","embeddable":true,"href":"https:\/\/www.tucomarca.com\/wordpress\/segunda\/wp-json\/wp\/v2\/categories?post=74717"},{"taxonomy":"post_tag","embeddable":true,"href":"https:\/\/www.tucomarca.com\/wordpress\/segunda\/wp-json\/wp\/v2\/tags?post=74717"}],"curies":[{"name":"wp","href":"https:\/\/api.w.org\/{rel}","templated":true}]}}