{"id":7494,"date":"2012-09-27T16:51:10","date_gmt":"2012-09-27T14:51:10","guid":{"rendered":"http:\/\/www.tucomarca.com\/wordpress\/segunda\/?p=7494"},"modified":"2012-09-27T16:53:10","modified_gmt":"2012-09-27T14:53:10","slug":"infraestructuras-confirma-que-la-linea-1-de-metrovalencia-continuara-en-servicio-en-la-comarca-de-la-ribera","status":"publish","type":"post","link":"https:\/\/www.tucomarca.com\/wordpress\/segunda\/infraestructuras-confirma-que-la-linea-1-de-metrovalencia-continuara-en-servicio-en-la-comarca-de-la-ribera\/","title":{"rendered":"Infraestructuras confirma que la L\u00ednea 1 de Metrovalencia continuar\u00e1 en servicio en la comarca de La Ribera"},"content":{"rendered":"<p><figure id=\"attachment_7495\" aria-describedby=\"caption-attachment-7495\" style=\"width: 300px\" class=\"wp-caption alignleft\"><a href=\"https:\/\/www.tucomarca.com\/wordpress\/segunda\/?attachment_id=7495\" rel=\"attachment wp-att-7495\"><img loading=\"lazy\" decoding=\"async\" src=\"https:\/\/www.tucomarca.com\/wordpress\/segunda\/wp-content\/uploads\/2012\/09\/27912comarca_de_La_Ribera-300x200.jpg\" alt=\"\" title=\"27912comarca_de_La_Ribera\" width=\"300\" height=\"200\" class=\"size-medium wp-image-7495\" \/><\/a><figcaption id=\"caption-attachment-7495\" class=\"wp-caption-text\">La decisi\u00f3n mantendr\u00e1 bien comunicada la comarca. tc.c<\/figcaption><\/figure>La consellera de Infraestraucturas, Territorio y Medio Ambiente, Isabel Bonig, ha confirmado que \u00abla L\u00ednea 1 de Metrovalencia seguir\u00e1 prestando servicio en el futuro y que el proceso de reestructuraci\u00f3n que afronta Ferrocarrils de la Generalitat Valenciana (FGV) no incluye el cierre de ninguna l\u00ednea en funcionamiento\u00bb. Bonig ha realizado estas declaraciones en el transcurso de un encuentro mantenido con alcaldes de municipios por los que discurre la L\u00ednea 1 de Metrovalencia, a su paso por la comarca de la Ribera. Para la consellera \u00abel proceso de reestructuraci\u00f3n que afecta a FGV tiene como objetivo ganar en eficiencia, al igual que en el conjunto del sector p\u00fablico auton\u00f3mico, y no perjudicar el servicio\u00bb.<br \/>\n\u00abMediante este proceso de racionalizaci\u00f3n se garantiza la viabilidad de FGV y el servicio que diariamente presta a miles de valencianos, el objetivo es ser m\u00e1s eficientes en todos los \u00e1mbitos de gesti\u00f3n de la empresa\u00bb, ha puntualizado la consellera.<br \/>\nEn la reuni\u00f3n han estado presentes los alcaldes y portavoces de la mayor\u00eda de municipios por los que discurre la L\u00ednea 1 en La Ribera como son Villanueva de Castell\u00f3n, Carlet, Massalav\u00e9s, Benimodo, l\u00b4Alc\u00fadia y Picassent (\u00fanico municipio presente perteneciente a la comarca de L\u00b4Horta Sud), as\u00ed como el director general de Transporte y Log\u00edstica, Carlos Eleno, y la directora gerente de FGV, Marisa Gracia.<\/p>\n<p>Inversiones en la L\u00ednea 1 de Metrovalencia<br \/>\nEn el transcurso de este encuentro se ha recordado que la Generalitat ha invertido en los \u00faltimos a\u00f1os m\u00e1s de 460 millones de euros en la modernizaci\u00f3n de la L\u00ednea 1 de Metrovalencia (Ll\u00edria\/B\u00e9tera-Villanueva de Castell\u00f3n), a trav\u00e9s del Plan de Actuaci\u00f3n de esta l\u00ednea, en marcha desde el a\u00f1o 2006.<br \/>\nLas principales acciones previstas en dicho programa se encuentran realizadas en su pr\u00e1ctica totalidad, y destacan las relacionadas con la seguridad y confort de la v\u00eda y el material m\u00f3vil. La L\u00ednea 1 cuenta con un parque m\u00f3vil totalmente renovado, con nuevos trenes incorporados entre los a\u00f1os 2007 y 2008. <\/p>\n","protected":false},"excerpt":{"rendered":"<div class=\"mh-excerpt\">La consellera de Infraestraucturas, Territorio y Medio Ambiente, Isabel Bonig, ha confirmado que \u00abla L\u00ednea 1 de Metrovalencia seguir\u00e1 prestando servicio en el futuro y que el proceso de reestructuraci\u00f3n que afronta Ferrocarrils de la <a class=\"mh-excerpt-more\" href=\"https:\/\/www.tucomarca.com\/wordpress\/segunda\/infraestructuras-confirma-que-la-linea-1-de-metrovalencia-continuara-en-servicio-en-la-comarca-de-la-ribera\/\" title=\"Infraestructuras confirma que la L\u00ednea 1 de Metrovalencia continuar\u00e1 en servicio en la comarca de La Ribera\">[+] <\/a><\/div>\n","protected":false},"author":2,"featured_media":7495,"comment_status":"open","ping_status":"open","sticky":false,"template":"","format":"standard","meta":{"footnotes":""},"categories":[128,8,42,3,45],"tags":[311],"class_list":{"0":"post-7494","1":"post","2":"type-post","3":"status-publish","4":"format-standard","5":"has-post-thumbnail","7":"category-infraestructuras","8":"category-la-comarca","9":"category-la-ribera","10":"category-seccion","11":"category-ventana","12":"tag-metro"},"_links":{"self":[{"href":"https:\/\/www.tucomarca.com\/wordpress\/segunda\/wp-json\/wp\/v2\/posts\/7494","targetHints":{"allow":["GET"]}}],"collection":[{"href":"https:\/\/www.tucomarca.com\/wordpress\/segunda\/wp-json\/wp\/v2\/posts"}],"about":[{"href":"https:\/\/www.tucomarca.com\/wordpress\/segunda\/wp-json\/wp\/v2\/types\/post"}],"author":[{"embeddable":true,"href":"https:\/\/www.tucomarca.com\/wordpress\/segunda\/wp-json\/wp\/v2\/users\/2"}],"replies":[{"embeddable":true,"href":"https:\/\/www.tucomarca.com\/wordpress\/segunda\/wp-json\/wp\/v2\/comments?post=7494"}],"version-history":[{"count":0,"href":"https:\/\/www.tucomarca.com\/wordpress\/segunda\/wp-json\/wp\/v2\/posts\/7494\/revisions"}],"wp:featuredmedia":[{"embeddable":true,"href":"https:\/\/www.tucomarca.com\/wordpress\/segunda\/wp-json\/wp\/v2\/media\/7495"}],"wp:attachment":[{"href":"https:\/\/www.tucomarca.com\/wordpress\/segunda\/wp-json\/wp\/v2\/media?parent=7494"}],"wp:term":[{"taxonomy":"category","embeddable":true,"href":"https:\/\/www.tucomarca.com\/wordpress\/segunda\/wp-json\/wp\/v2\/categories?post=7494"},{"taxonomy":"post_tag","embeddable":true,"href":"https:\/\/www.tucomarca.com\/wordpress\/segunda\/wp-json\/wp\/v2\/tags?post=7494"}],"curies":[{"name":"wp","href":"https:\/\/api.w.org\/{rel}","templated":true}]}}