{"id":7508,"date":"2012-09-27T15:37:02","date_gmt":"2012-09-27T13:37:02","guid":{"rendered":"http:\/\/www.tucomarca.com\/wordpress\/segunda\/?p=7508"},"modified":"2012-09-27T19:43:33","modified_gmt":"2012-09-27T17:43:33","slug":"ciudadanos-de-urbanizaciones-la-pobla-de-vallbona-cupo-pide-que-se-restaure-el-transporte-en-los-colegios-el-campes-y-mas-de-tous","status":"publish","type":"post","link":"https:\/\/www.tucomarca.com\/wordpress\/segunda\/ciudadanos-de-urbanizaciones-la-pobla-de-vallbona-cupo-pide-que-se-restaure-el-transporte-en-los-colegios-el-campes-y-mas-de-tous\/","title":{"rendered":"Ciudadanos de Urbanizaciones La Pobla de Vallbona (CUPO) pide que se restaure el transporte en los colegios El Campes y Mas de Tous"},"content":{"rendered":"<figure id=\"attachment_7509\" aria-describedby=\"caption-attachment-7509\" style=\"width: 300px\" class=\"wp-caption alignleft\"><a rel=\"attachment wp-att-7509\" href=\"https:\/\/www.tucomarca.com\/wordpress\/segunda\/?attachment_id=7509\"><img loading=\"lazy\" decoding=\"async\" class=\"size-medium wp-image-7509\" title=\"303848_472251536141777_1446258579_n\" src=\"https:\/\/www.tucomarca.com\/wordpress\/segunda\/wp-content\/uploads\/2012\/09\/303848_472251536141777_1446258579_n-e1348763780149-300x179.jpg\" alt=\"\" width=\"300\" height=\"179\" srcset=\"https:\/\/www.tucomarca.com\/wordpress\/segunda\/wp-content\/uploads\/2012\/09\/303848_472251536141777_1446258579_n-e1348763780149-300x179.jpg 300w, https:\/\/www.tucomarca.com\/wordpress\/segunda\/wp-content\/uploads\/2012\/09\/303848_472251536141777_1446258579_n-e1348763780149.jpg 916w\" sizes=\"auto, (max-width: 300px) 100vw, 300px\" \/><\/a><figcaption id=\"caption-attachment-7509\" class=\"wp-caption-text\">Madres acompa\u00f1ando a los ni\u00f1os al autob\u00fas. tc.c<\/figcaption><\/figure>\n<p>El grupo municipal CUPO \u00abCiudadanos de Urbanizaciones La Pobla de Vallbona\u00bb ha presentado por registro de entrada en el Ayuntamiento de la Pobla de Vallbona una Moci\u00f3n para que se restaure, de manera inmediata, el transporte escolar en los colegios p\u00fablicos de Infantil y Primaria El Campes y Mas de Tous. Se trata de ni\u00f1os peque\u00f1os, de entre 3 y 12 a\u00f1os, que viven en las Urbanizaciones del municipio y zonas dispersas que cada d\u00eda se ven forzados a caminar desde sus hogares hasta los centros escolares p\u00fablicos por caminos intransitables y peligrosos, sin arc\u00e9n ni se\u00f1alizaci\u00f3n y sin un carril bici ni zona alguna donde refugiarse del intenso tr\u00e1fico. Adem\u00e1s de recorrer un largo trayecto caminando, se ven obligados a cruzar al final del mismo la Autov\u00eda CV-35.<br \/>\nEstos hechos se repiten diariamente desde el inicio del curso 2012-2013 ante la irresponsabilidad y impasividad de su Alcaldesa que no ha aportado soluci\u00f3n alguna a pesar de contar con la promesa de restaurar el servicio.<br \/>\nEsta formaci\u00f3n pol\u00edtica cree intolerable \u00abeste desprecio hacia los ciudadanos m\u00e1s peque\u00f1os e indefensos de nuestro pueblo, a los que, con su actitud podr\u00eda incluso estar exponiendo al Consistorio a una ilegalidad por la cual deber\u00e1 responder. Las familias afectadas no ven una actuaci\u00f3n contundente de su Ayuntamiento. Es m\u00e1s, hasta el d\u00eda de hoy s\u00f3lo han recibido promesas que jam\u00e1s se han cumplido. CUPO present\u00f3 su moci\u00f3n en el registro de entrada para informar al equipo de gobierno de la situaci\u00f3n, y desde el Consistorio se asegur\u00f3 que se restaurar\u00eda el transporte escolar y todos los peque\u00f1os ver\u00edan una soluci\u00f3n, pero hoy, no hay ning\u00fan autob\u00fas escolar y los ni\u00f1os, acompa\u00f1ados de sus padres, siguen realizando a pie cada d\u00eda el trayecto\u00bb.<br \/>\nCUPO lo considera una falta muy grave de la Alcaldesa y de todo su equipo de gobierno al entender que las administraciones p\u00fablicas tienen deberes y obligaciones para con sus ciudadanos, algo que este equipo de gobierno del Partido Popular nunca ha entendido, y m\u00e1s si se observa el abandono generalizado de las Urbanizaciones y de sus habitantes.<br \/>\n\u00abEste hecho demuestra la nula sinton\u00eda de este equipo de gobierno con los poblanos residentes en las Urbanizaciones. Una demostraci\u00f3n m\u00e1s de todo ello, es que ni un solo d\u00eda la representante de todos los Poblanos ha acompa\u00f1ado a sus ciudadanos m\u00e1s vulnerables, en sus recorridos a pie hasta el colegio p\u00fablico\u00bb, concluyen.<\/p>\n<p>&nbsp;<\/p>\n","protected":false},"excerpt":{"rendered":"<div class=\"mh-excerpt\">El grupo municipal CUPO \u00abCiudadanos de Urbanizaciones La Pobla de Vallbona\u00bb ha presentado por registro de entrada en el Ayuntamiento de la Pobla de Vallbona una Moci\u00f3n para que se restaure, de manera inmediata, el <a class=\"mh-excerpt-more\" href=\"https:\/\/www.tucomarca.com\/wordpress\/segunda\/ciudadanos-de-urbanizaciones-la-pobla-de-vallbona-cupo-pide-que-se-restaure-el-transporte-en-los-colegios-el-campes-y-mas-de-tous\/\" title=\"Ciudadanos de Urbanizaciones La Pobla de Vallbona (CUPO) pide que se restaure el transporte en los colegios El Campes y Mas de Tous\">[+] <\/a><\/div>\n","protected":false},"author":2,"featured_media":7509,"comment_status":"open","ping_status":"open","sticky":false,"template":"","format":"standard","meta":{"footnotes":""},"categories":[46,8,174,3,45],"tags":[440],"class_list":{"0":"post-7508","1":"post","2":"type-post","3":"status-publish","4":"format-standard","5":"has-post-thumbnail","7":"category-camp-de-turia","8":"category-la-comarca","9":"category-la-pobla","10":"category-seccion","11":"category-ventana","12":"tag-transporte-escolar"},"_links":{"self":[{"href":"https:\/\/www.tucomarca.com\/wordpress\/segunda\/wp-json\/wp\/v2\/posts\/7508","targetHints":{"allow":["GET"]}}],"collection":[{"href":"https:\/\/www.tucomarca.com\/wordpress\/segunda\/wp-json\/wp\/v2\/posts"}],"about":[{"href":"https:\/\/www.tucomarca.com\/wordpress\/segunda\/wp-json\/wp\/v2\/types\/post"}],"author":[{"embeddable":true,"href":"https:\/\/www.tucomarca.com\/wordpress\/segunda\/wp-json\/wp\/v2\/users\/2"}],"replies":[{"embeddable":true,"href":"https:\/\/www.tucomarca.com\/wordpress\/segunda\/wp-json\/wp\/v2\/comments?post=7508"}],"version-history":[{"count":0,"href":"https:\/\/www.tucomarca.com\/wordpress\/segunda\/wp-json\/wp\/v2\/posts\/7508\/revisions"}],"wp:featuredmedia":[{"embeddable":true,"href":"https:\/\/www.tucomarca.com\/wordpress\/segunda\/wp-json\/wp\/v2\/media\/7509"}],"wp:attachment":[{"href":"https:\/\/www.tucomarca.com\/wordpress\/segunda\/wp-json\/wp\/v2\/media?parent=7508"}],"wp:term":[{"taxonomy":"category","embeddable":true,"href":"https:\/\/www.tucomarca.com\/wordpress\/segunda\/wp-json\/wp\/v2\/categories?post=7508"},{"taxonomy":"post_tag","embeddable":true,"href":"https:\/\/www.tucomarca.com\/wordpress\/segunda\/wp-json\/wp\/v2\/tags?post=7508"}],"curies":[{"name":"wp","href":"https:\/\/api.w.org\/{rel}","templated":true}]}}