{"id":75122,"date":"2018-09-26T20:30:57","date_gmt":"2018-09-26T18:30:57","guid":{"rendered":"http:\/\/www.tucomarca.com\/wordpress\/segunda\/?p=75122"},"modified":"2018-09-26T20:30:57","modified_gmt":"2018-09-26T18:30:57","slug":"fotogaleria-multitudinaria-despedida-de-jose-vicente-martinez-muedra-parroco-de-bunol-y-siete-aguas","status":"publish","type":"post","link":"https:\/\/www.tucomarca.com\/wordpress\/segunda\/fotogaleria-multitudinaria-despedida-de-jose-vicente-martinez-muedra-parroco-de-bunol-y-siete-aguas\/","title":{"rendered":"Fotogaler\u00eda: Multitudinaria despedida de Jos\u00e9 Vicente Mart\u00ednez Muedra, p\u00e1rroco de Bu\u00f1ol y Siete Aguas"},"content":{"rendered":"<figure id=\"attachment_75124\" aria-describedby=\"caption-attachment-75124\" style=\"width: 459px\" class=\"wp-caption alignleft\"><img loading=\"lazy\" decoding=\"async\" class=\" wp-image-75124\" src=\"https:\/\/www.tucomarca.com\/wordpress\/segunda\/wp-content\/uploads\/2018\/09\/DespedidaJV11.jpg\" alt=\"Jos\u00e9 Vicente Mart\u00ednez Muedra agradeci\u00f3 de coraz\u00f3n a todos esta emotiva despedida.\" width=\"459\" height=\"306\" srcset=\"https:\/\/www.tucomarca.com\/wordpress\/segunda\/wp-content\/uploads\/2018\/09\/DespedidaJV11.jpg 787w, https:\/\/www.tucomarca.com\/wordpress\/segunda\/wp-content\/uploads\/2018\/09\/DespedidaJV11-300x200.jpg 300w, https:\/\/www.tucomarca.com\/wordpress\/segunda\/wp-content\/uploads\/2018\/09\/DespedidaJV11-768x512.jpg 768w\" sizes=\"auto, (max-width: 459px) 100vw, 459px\" \/><figcaption id=\"caption-attachment-75124\" class=\"wp-caption-text\">Jos\u00e9 Vicente Mart\u00ednez Muedra agradeci\u00f3 de coraz\u00f3n a todos esta emotiva despedida.<\/figcaption><\/figure>\n<p><strong>La emocionada despedida del p\u00e1rroco chivano Jos\u00e9 Vicente Mart\u00ednez Muedra, que ha ejercido en las dos parroquias de Bu\u00f1ol y en la de Siete Aguas durante cinco\u00a0a\u00f1os, se ha celebrado\u00a0en la Posada Venta Pilar este\u00a0domingo 23 de septiembre.<\/strong><\/p>\n<p>Desde la ma\u00f1ana del pasado domingo,\u00a0donde Jos\u00e9 Vicente Mart\u00ednez ofici\u00f3 su \u00faltima misa en Bu\u00f1ol, en la peque\u00f1a iglesia de San Rafael, que a \u00e9l tanto le gusta, con motivo del las fiestas de este conocido barrio bu\u00f1olero han sido muchas personas las que han querido mostrarle su cari\u00f1o en este d\u00eda de su despedida de las parroquias de Bu\u00f1ol y Siete Aguas con\u00a0una multitudinaria merienda organizada por las dos parroquias de Bu\u00f1ol en la Posada Venta Pilar.<\/p>\n<p>En\u00a0ella se han aglutinado personas creyentes y no creyentes, bu\u00f1oleras y bu\u00f1oleros\u00a0de todos los colores, lo que ha dejado patente\u00a0que Jos\u00e9 Vicente es\u00a0un persona muy querida y as\u00ed se lo han hecho constar desde las asociaciones locales como la Falla Las Ventas,\u00a0que le impuso su insignia de Fallero de Honor, as\u00ed como las sociedades musicales, el CIM \u00abLa Arm\u00f3nica\u00bb y\u00a0la SM \u00abLa Art\u00edstica\u00bb,\u00a0que le hizo entrega de un obsequi\u00f3 de manos de su presidente, Paco Blasco.<\/p>\n<p>A t\u00edtulo personal tambi\u00e9n han sido varias las personas que ha querido homenajear al p\u00e1rroco\u00a0chivano, tales como Marita y Pegua (doctora jubilada y enfermera del Centro de Salud de Bu\u00f1ol), representaci\u00f3n de la Parroquia de Siete Aguas, as\u00ed como su alcalde, Santiago Mas. El consistorio bu\u00f1olense, estuvo representado por su alcaldesa, Juncal Carrascosa, y su primer teniente de alcalde, Rafa P\u00e9rez, quienes hicieron entrega a Jos\u00e9 Vicente de la insignia del escudo de Bu\u00f1ol\u00a0y de un lienzo del castillo de Bu\u00f1ol, obra de Patr\u00f3n.<\/p>\n<p>Las\u00a0parroquias y\u00a0las cofrad\u00edas, tanto de la Virgen de los Dolores como la de la Virgen de Los Desamparados, tambi\u00e9n le han hecho entrega de sus obsequios, los Mestres Campaners en la persona de Jes\u00fas Sanz. Todos los asistentes han entregado a Jos\u00e9 Vicente un trocito de sus corazones que \u00e9l conservar\u00e1\u00a0en su nuevo destino, Benicalap, donde ejercer\u00e1 el sacerdocio igual de afectuoso, sociable e implicado.<\/p>\n<div id='gallery-1' class='gallery galleryid-75122 gallery-columns-3 gallery-size-thumbnail'><figure class='gallery-item'>\n\t\t\t<div class='gallery-icon landscape'>\n\t\t\t\t<a href='https:\/\/www.tucomarca.com\/wordpress\/segunda\/fotogaleria-multitudinaria-despedida-de-jose-vicente-martinez-muedra-parroco-de-bunol-y-siete-aguas\/despedidajv01\/'><img loading=\"lazy\" decoding=\"async\" width=\"290\" height=\"290\" src=\"https:\/\/www.tucomarca.com\/wordpress\/segunda\/wp-content\/uploads\/2018\/09\/DespedidaJV01-290x290.jpg\" class=\"attachment-thumbnail size-thumbnail\" alt=\"\" srcset=\"https:\/\/www.tucomarca.com\/wordpress\/segunda\/wp-content\/uploads\/2018\/09\/DespedidaJV01-290x290.jpg 290w, https:\/\/www.tucomarca.com\/wordpress\/segunda\/wp-content\/uploads\/2018\/09\/DespedidaJV01-50x50.jpg 50w\" sizes=\"auto, (max-width: 290px) 100vw, 290px\" \/><\/a>\n\t\t\t<\/div><\/figure><figure class='gallery-item'>\n\t\t\t<div class='gallery-icon landscape'>\n\t\t\t\t<a href='https:\/\/www.tucomarca.com\/wordpress\/segunda\/fotogaleria-multitudinaria-despedida-de-jose-vicente-martinez-muedra-parroco-de-bunol-y-siete-aguas\/despedidajv02\/'><img loading=\"lazy\" decoding=\"async\" width=\"290\" height=\"290\" src=\"https:\/\/www.tucomarca.com\/wordpress\/segunda\/wp-content\/uploads\/2018\/09\/DespedidaJV02-290x290.jpg\" class=\"attachment-thumbnail size-thumbnail\" alt=\"\" srcset=\"https:\/\/www.tucomarca.com\/wordpress\/segunda\/wp-content\/uploads\/2018\/09\/DespedidaJV02-290x290.jpg 290w, https:\/\/www.tucomarca.com\/wordpress\/segunda\/wp-content\/uploads\/2018\/09\/DespedidaJV02-50x50.jpg 50w\" sizes=\"auto, (max-width: 290px) 100vw, 290px\" \/><\/a>\n\t\t\t<\/div><\/figure><figure class='gallery-item'>\n\t\t\t<div class='gallery-icon landscape'>\n\t\t\t\t<a href='https:\/\/www.tucomarca.com\/wordpress\/segunda\/fotogaleria-multitudinaria-despedida-de-jose-vicente-martinez-muedra-parroco-de-bunol-y-siete-aguas\/despedidajv03\/'><img loading=\"lazy\" decoding=\"async\" width=\"290\" height=\"290\" src=\"https:\/\/www.tucomarca.com\/wordpress\/segunda\/wp-content\/uploads\/2018\/09\/DespedidaJV03-290x290.jpg\" class=\"attachment-thumbnail size-thumbnail\" alt=\"\" srcset=\"https:\/\/www.tucomarca.com\/wordpress\/segunda\/wp-content\/uploads\/2018\/09\/DespedidaJV03-290x290.jpg 290w, https:\/\/www.tucomarca.com\/wordpress\/segunda\/wp-content\/uploads\/2018\/09\/DespedidaJV03-50x50.jpg 50w\" sizes=\"auto, (max-width: 290px) 100vw, 290px\" \/><\/a>\n\t\t\t<\/div><\/figure><figure class='gallery-item'>\n\t\t\t<div class='gallery-icon landscape'>\n\t\t\t\t<a href='https:\/\/www.tucomarca.com\/wordpress\/segunda\/fotogaleria-multitudinaria-despedida-de-jose-vicente-martinez-muedra-parroco-de-bunol-y-siete-aguas\/despedidajv04\/'><img loading=\"lazy\" decoding=\"async\" width=\"290\" height=\"290\" src=\"https:\/\/www.tucomarca.com\/wordpress\/segunda\/wp-content\/uploads\/2018\/09\/DespedidaJV04-290x290.jpg\" class=\"attachment-thumbnail size-thumbnail\" alt=\"\" srcset=\"https:\/\/www.tucomarca.com\/wordpress\/segunda\/wp-content\/uploads\/2018\/09\/DespedidaJV04-290x290.jpg 290w, https:\/\/www.tucomarca.com\/wordpress\/segunda\/wp-content\/uploads\/2018\/09\/DespedidaJV04-50x50.jpg 50w\" sizes=\"auto, (max-width: 290px) 100vw, 290px\" \/><\/a>\n\t\t\t<\/div><\/figure><figure class='gallery-item'>\n\t\t\t<div class='gallery-icon landscape'>\n\t\t\t\t<a href='https:\/\/www.tucomarca.com\/wordpress\/segunda\/fotogaleria-multitudinaria-despedida-de-jose-vicente-martinez-muedra-parroco-de-bunol-y-siete-aguas\/despedidajv05\/'><img loading=\"lazy\" decoding=\"async\" width=\"290\" height=\"290\" src=\"https:\/\/www.tucomarca.com\/wordpress\/segunda\/wp-content\/uploads\/2018\/09\/DespedidaJV05-290x290.jpg\" class=\"attachment-thumbnail size-thumbnail\" alt=\"\" srcset=\"https:\/\/www.tucomarca.com\/wordpress\/segunda\/wp-content\/uploads\/2018\/09\/DespedidaJV05-290x290.jpg 290w, https:\/\/www.tucomarca.com\/wordpress\/segunda\/wp-content\/uploads\/2018\/09\/DespedidaJV05-50x50.jpg 50w\" sizes=\"auto, (max-width: 290px) 100vw, 290px\" \/><\/a>\n\t\t\t<\/div><\/figure><figure class='gallery-item'>\n\t\t\t<div class='gallery-icon landscape'>\n\t\t\t\t<a href='https:\/\/www.tucomarca.com\/wordpress\/segunda\/fotogaleria-multitudinaria-despedida-de-jose-vicente-martinez-muedra-parroco-de-bunol-y-siete-aguas\/despedidajv06\/'><img loading=\"lazy\" decoding=\"async\" width=\"290\" height=\"290\" src=\"https:\/\/www.tucomarca.com\/wordpress\/segunda\/wp-content\/uploads\/2018\/09\/DespedidaJV06-290x290.jpg\" class=\"attachment-thumbnail size-thumbnail\" alt=\"\" srcset=\"https:\/\/www.tucomarca.com\/wordpress\/segunda\/wp-content\/uploads\/2018\/09\/DespedidaJV06-290x290.jpg 290w, https:\/\/www.tucomarca.com\/wordpress\/segunda\/wp-content\/uploads\/2018\/09\/DespedidaJV06-50x50.jpg 50w\" sizes=\"auto, (max-width: 290px) 100vw, 290px\" \/><\/a>\n\t\t\t<\/div><\/figure><figure class='gallery-item'>\n\t\t\t<div class='gallery-icon landscape'>\n\t\t\t\t<a href='https:\/\/www.tucomarca.com\/wordpress\/segunda\/fotogaleria-multitudinaria-despedida-de-jose-vicente-martinez-muedra-parroco-de-bunol-y-siete-aguas\/despedidajv07\/'><img loading=\"lazy\" decoding=\"async\" width=\"290\" height=\"290\" src=\"https:\/\/www.tucomarca.com\/wordpress\/segunda\/wp-content\/uploads\/2018\/09\/DespedidaJV07-290x290.jpg\" class=\"attachment-thumbnail size-thumbnail\" alt=\"\" srcset=\"https:\/\/www.tucomarca.com\/wordpress\/segunda\/wp-content\/uploads\/2018\/09\/DespedidaJV07-290x290.jpg 290w, https:\/\/www.tucomarca.com\/wordpress\/segunda\/wp-content\/uploads\/2018\/09\/DespedidaJV07-50x50.jpg 50w\" sizes=\"auto, (max-width: 290px) 100vw, 290px\" \/><\/a>\n\t\t\t<\/div><\/figure><figure class='gallery-item'>\n\t\t\t<div class='gallery-icon landscape'>\n\t\t\t\t<a href='https:\/\/www.tucomarca.com\/wordpress\/segunda\/fotogaleria-multitudinaria-despedida-de-jose-vicente-martinez-muedra-parroco-de-bunol-y-siete-aguas\/despedidajv08\/'><img loading=\"lazy\" decoding=\"async\" width=\"290\" height=\"290\" src=\"https:\/\/www.tucomarca.com\/wordpress\/segunda\/wp-content\/uploads\/2018\/09\/DespedidaJV08-290x290.jpg\" class=\"attachment-thumbnail size-thumbnail\" alt=\"\" srcset=\"https:\/\/www.tucomarca.com\/wordpress\/segunda\/wp-content\/uploads\/2018\/09\/DespedidaJV08-290x290.jpg 290w, https:\/\/www.tucomarca.com\/wordpress\/segunda\/wp-content\/uploads\/2018\/09\/DespedidaJV08-50x50.jpg 50w\" sizes=\"auto, (max-width: 290px) 100vw, 290px\" \/><\/a>\n\t\t\t<\/div><\/figure><figure class='gallery-item'>\n\t\t\t<div class='gallery-icon landscape'>\n\t\t\t\t<a href='https:\/\/www.tucomarca.com\/wordpress\/segunda\/fotogaleria-multitudinaria-despedida-de-jose-vicente-martinez-muedra-parroco-de-bunol-y-siete-aguas\/despedidajv09\/'><img loading=\"lazy\" decoding=\"async\" width=\"290\" height=\"290\" src=\"https:\/\/www.tucomarca.com\/wordpress\/segunda\/wp-content\/uploads\/2018\/09\/DespedidaJV09-290x290.jpg\" class=\"attachment-thumbnail size-thumbnail\" alt=\"\" srcset=\"https:\/\/www.tucomarca.com\/wordpress\/segunda\/wp-content\/uploads\/2018\/09\/DespedidaJV09-290x290.jpg 290w, https:\/\/www.tucomarca.com\/wordpress\/segunda\/wp-content\/uploads\/2018\/09\/DespedidaJV09-50x50.jpg 50w\" sizes=\"auto, (max-width: 290px) 100vw, 290px\" \/><\/a>\n\t\t\t<\/div><\/figure><figure class='gallery-item'>\n\t\t\t<div class='gallery-icon landscape'>\n\t\t\t\t<a href='https:\/\/www.tucomarca.com\/wordpress\/segunda\/fotogaleria-multitudinaria-despedida-de-jose-vicente-martinez-muedra-parroco-de-bunol-y-siete-aguas\/despedidajv10\/'><img loading=\"lazy\" decoding=\"async\" width=\"290\" height=\"290\" src=\"https:\/\/www.tucomarca.com\/wordpress\/segunda\/wp-content\/uploads\/2018\/09\/DespedidaJV10-290x290.jpg\" class=\"attachment-thumbnail size-thumbnail\" alt=\"\" srcset=\"https:\/\/www.tucomarca.com\/wordpress\/segunda\/wp-content\/uploads\/2018\/09\/DespedidaJV10-290x290.jpg 290w, https:\/\/www.tucomarca.com\/wordpress\/segunda\/wp-content\/uploads\/2018\/09\/DespedidaJV10-50x50.jpg 50w\" sizes=\"auto, (max-width: 290px) 100vw, 290px\" \/><\/a>\n\t\t\t<\/div><\/figure><figure class='gallery-item'>\n\t\t\t<div class='gallery-icon landscape'>\n\t\t\t\t<a href='https:\/\/www.tucomarca.com\/wordpress\/segunda\/fotogaleria-multitudinaria-despedida-de-jose-vicente-martinez-muedra-parroco-de-bunol-y-siete-aguas\/despedidajv11-2\/'><img loading=\"lazy\" decoding=\"async\" width=\"290\" height=\"290\" src=\"https:\/\/www.tucomarca.com\/wordpress\/segunda\/wp-content\/uploads\/2018\/09\/DespedidaJV11-1-290x290.jpg\" class=\"attachment-thumbnail size-thumbnail\" alt=\"\" srcset=\"https:\/\/www.tucomarca.com\/wordpress\/segunda\/wp-content\/uploads\/2018\/09\/DespedidaJV11-1-290x290.jpg 290w, https:\/\/www.tucomarca.com\/wordpress\/segunda\/wp-content\/uploads\/2018\/09\/DespedidaJV11-1-50x50.jpg 50w\" sizes=\"auto, (max-width: 290px) 100vw, 290px\" \/><\/a>\n\t\t\t<\/div><\/figure><figure class='gallery-item'>\n\t\t\t<div class='gallery-icon landscape'>\n\t\t\t\t<a href='https:\/\/www.tucomarca.com\/wordpress\/segunda\/fotogaleria-multitudinaria-despedida-de-jose-vicente-martinez-muedra-parroco-de-bunol-y-siete-aguas\/despedidajv12\/'><img loading=\"lazy\" decoding=\"async\" width=\"290\" height=\"290\" src=\"https:\/\/www.tucomarca.com\/wordpress\/segunda\/wp-content\/uploads\/2018\/09\/DespedidaJV12-290x290.jpg\" class=\"attachment-thumbnail size-thumbnail\" alt=\"\" srcset=\"https:\/\/www.tucomarca.com\/wordpress\/segunda\/wp-content\/uploads\/2018\/09\/DespedidaJV12-290x290.jpg 290w, https:\/\/www.tucomarca.com\/wordpress\/segunda\/wp-content\/uploads\/2018\/09\/DespedidaJV12-50x50.jpg 50w\" sizes=\"auto, (max-width: 290px) 100vw, 290px\" \/><\/a>\n\t\t\t<\/div><\/figure><figure class='gallery-item'>\n\t\t\t<div class='gallery-icon landscape'>\n\t\t\t\t<a href='https:\/\/www.tucomarca.com\/wordpress\/segunda\/fotogaleria-multitudinaria-despedida-de-jose-vicente-martinez-muedra-parroco-de-bunol-y-siete-aguas\/despedidajv13\/'><img loading=\"lazy\" decoding=\"async\" width=\"290\" height=\"290\" src=\"https:\/\/www.tucomarca.com\/wordpress\/segunda\/wp-content\/uploads\/2018\/09\/DespedidaJV13-290x290.jpg\" class=\"attachment-thumbnail size-thumbnail\" alt=\"\" srcset=\"https:\/\/www.tucomarca.com\/wordpress\/segunda\/wp-content\/uploads\/2018\/09\/DespedidaJV13-290x290.jpg 290w, https:\/\/www.tucomarca.com\/wordpress\/segunda\/wp-content\/uploads\/2018\/09\/DespedidaJV13-50x50.jpg 50w\" sizes=\"auto, (max-width: 290px) 100vw, 290px\" \/><\/a>\n\t\t\t<\/div><\/figure><figure class='gallery-item'>\n\t\t\t<div class='gallery-icon landscape'>\n\t\t\t\t<a href='https:\/\/www.tucomarca.com\/wordpress\/segunda\/fotogaleria-multitudinaria-despedida-de-jose-vicente-martinez-muedra-parroco-de-bunol-y-siete-aguas\/despedidajv14\/'><img loading=\"lazy\" decoding=\"async\" width=\"290\" height=\"290\" src=\"https:\/\/www.tucomarca.com\/wordpress\/segunda\/wp-content\/uploads\/2018\/09\/DespedidaJV14-290x290.jpg\" class=\"attachment-thumbnail size-thumbnail\" alt=\"\" srcset=\"https:\/\/www.tucomarca.com\/wordpress\/segunda\/wp-content\/uploads\/2018\/09\/DespedidaJV14-290x290.jpg 290w, https:\/\/www.tucomarca.com\/wordpress\/segunda\/wp-content\/uploads\/2018\/09\/DespedidaJV14-50x50.jpg 50w\" sizes=\"auto, (max-width: 290px) 100vw, 290px\" \/><\/a>\n\t\t\t<\/div><\/figure><figure class='gallery-item'>\n\t\t\t<div class='gallery-icon landscape'>\n\t\t\t\t<a href='https:\/\/www.tucomarca.com\/wordpress\/segunda\/fotogaleria-multitudinaria-despedida-de-jose-vicente-martinez-muedra-parroco-de-bunol-y-siete-aguas\/despedidajv15\/'><img loading=\"lazy\" decoding=\"async\" width=\"290\" height=\"290\" src=\"https:\/\/www.tucomarca.com\/wordpress\/segunda\/wp-content\/uploads\/2018\/09\/DespedidaJV15-290x290.jpg\" class=\"attachment-thumbnail size-thumbnail\" alt=\"\" srcset=\"https:\/\/www.tucomarca.com\/wordpress\/segunda\/wp-content\/uploads\/2018\/09\/DespedidaJV15-290x290.jpg 290w, https:\/\/www.tucomarca.com\/wordpress\/segunda\/wp-content\/uploads\/2018\/09\/DespedidaJV15-50x50.jpg 50w\" sizes=\"auto, (max-width: 290px) 100vw, 290px\" \/><\/a>\n\t\t\t<\/div><\/figure><figure class='gallery-item'>\n\t\t\t<div class='gallery-icon landscape'>\n\t\t\t\t<a href='https:\/\/www.tucomarca.com\/wordpress\/segunda\/fotogaleria-multitudinaria-despedida-de-jose-vicente-martinez-muedra-parroco-de-bunol-y-siete-aguas\/despedidajv16\/'><img loading=\"lazy\" decoding=\"async\" width=\"290\" height=\"290\" src=\"https:\/\/www.tucomarca.com\/wordpress\/segunda\/wp-content\/uploads\/2018\/09\/DespedidaJV16-290x290.jpg\" class=\"attachment-thumbnail size-thumbnail\" alt=\"\" srcset=\"https:\/\/www.tucomarca.com\/wordpress\/segunda\/wp-content\/uploads\/2018\/09\/DespedidaJV16-290x290.jpg 290w, https:\/\/www.tucomarca.com\/wordpress\/segunda\/wp-content\/uploads\/2018\/09\/DespedidaJV16-50x50.jpg 50w\" sizes=\"auto, (max-width: 290px) 100vw, 290px\" \/><\/a>\n\t\t\t<\/div><\/figure><figure class='gallery-item'>\n\t\t\t<div class='gallery-icon landscape'>\n\t\t\t\t<a href='https:\/\/www.tucomarca.com\/wordpress\/segunda\/fotogaleria-multitudinaria-despedida-de-jose-vicente-martinez-muedra-parroco-de-bunol-y-siete-aguas\/despedidajv17\/'><img loading=\"lazy\" decoding=\"async\" width=\"290\" height=\"290\" src=\"https:\/\/www.tucomarca.com\/wordpress\/segunda\/wp-content\/uploads\/2018\/09\/DespedidaJV17-290x290.jpg\" class=\"attachment-thumbnail size-thumbnail\" alt=\"\" srcset=\"https:\/\/www.tucomarca.com\/wordpress\/segunda\/wp-content\/uploads\/2018\/09\/DespedidaJV17-290x290.jpg 290w, https:\/\/www.tucomarca.com\/wordpress\/segunda\/wp-content\/uploads\/2018\/09\/DespedidaJV17-50x50.jpg 50w\" sizes=\"auto, (max-width: 290px) 100vw, 290px\" \/><\/a>\n\t\t\t<\/div><\/figure><figure class='gallery-item'>\n\t\t\t<div class='gallery-icon landscape'>\n\t\t\t\t<a href='https:\/\/www.tucomarca.com\/wordpress\/segunda\/fotogaleria-multitudinaria-despedida-de-jose-vicente-martinez-muedra-parroco-de-bunol-y-siete-aguas\/despedidajv18\/'><img loading=\"lazy\" decoding=\"async\" width=\"290\" height=\"290\" src=\"https:\/\/www.tucomarca.com\/wordpress\/segunda\/wp-content\/uploads\/2018\/09\/DespedidaJV18-290x290.jpg\" class=\"attachment-thumbnail size-thumbnail\" alt=\"\" srcset=\"https:\/\/www.tucomarca.com\/wordpress\/segunda\/wp-content\/uploads\/2018\/09\/DespedidaJV18-290x290.jpg 290w, https:\/\/www.tucomarca.com\/wordpress\/segunda\/wp-content\/uploads\/2018\/09\/DespedidaJV18-50x50.jpg 50w\" sizes=\"auto, (max-width: 290px) 100vw, 290px\" \/><\/a>\n\t\t\t<\/div><\/figure><figure class='gallery-item'>\n\t\t\t<div class='gallery-icon landscape'>\n\t\t\t\t<a href='https:\/\/www.tucomarca.com\/wordpress\/segunda\/fotogaleria-multitudinaria-despedida-de-jose-vicente-martinez-muedra-parroco-de-bunol-y-siete-aguas\/despedidajv19\/'><img loading=\"lazy\" decoding=\"async\" width=\"290\" height=\"290\" src=\"https:\/\/www.tucomarca.com\/wordpress\/segunda\/wp-content\/uploads\/2018\/09\/DespedidaJV19-290x290.jpg\" class=\"attachment-thumbnail size-thumbnail\" alt=\"\" srcset=\"https:\/\/www.tucomarca.com\/wordpress\/segunda\/wp-content\/uploads\/2018\/09\/DespedidaJV19-290x290.jpg 290w, https:\/\/www.tucomarca.com\/wordpress\/segunda\/wp-content\/uploads\/2018\/09\/DespedidaJV19-50x50.jpg 50w\" sizes=\"auto, (max-width: 290px) 100vw, 290px\" \/><\/a>\n\t\t\t<\/div><\/figure><figure class='gallery-item'>\n\t\t\t<div class='gallery-icon landscape'>\n\t\t\t\t<a href='https:\/\/www.tucomarca.com\/wordpress\/segunda\/fotogaleria-multitudinaria-despedida-de-jose-vicente-martinez-muedra-parroco-de-bunol-y-siete-aguas\/despedidajv20\/'><img loading=\"lazy\" decoding=\"async\" width=\"290\" height=\"290\" src=\"https:\/\/www.tucomarca.com\/wordpress\/segunda\/wp-content\/uploads\/2018\/09\/DespedidaJV20-290x290.jpg\" class=\"attachment-thumbnail size-thumbnail\" alt=\"\" srcset=\"https:\/\/www.tucomarca.com\/wordpress\/segunda\/wp-content\/uploads\/2018\/09\/DespedidaJV20-290x290.jpg 290w, https:\/\/www.tucomarca.com\/wordpress\/segunda\/wp-content\/uploads\/2018\/09\/DespedidaJV20-50x50.jpg 50w\" sizes=\"auto, (max-width: 290px) 100vw, 290px\" \/><\/a>\n\t\t\t<\/div><\/figure><figure class='gallery-item'>\n\t\t\t<div class='gallery-icon landscape'>\n\t\t\t\t<a href='https:\/\/www.tucomarca.com\/wordpress\/segunda\/fotogaleria-multitudinaria-despedida-de-jose-vicente-martinez-muedra-parroco-de-bunol-y-siete-aguas\/despedidajv21\/'><img loading=\"lazy\" decoding=\"async\" width=\"290\" height=\"290\" src=\"https:\/\/www.tucomarca.com\/wordpress\/segunda\/wp-content\/uploads\/2018\/09\/DespedidaJV21-290x290.jpg\" class=\"attachment-thumbnail size-thumbnail\" alt=\"\" srcset=\"https:\/\/www.tucomarca.com\/wordpress\/segunda\/wp-content\/uploads\/2018\/09\/DespedidaJV21-290x290.jpg 290w, https:\/\/www.tucomarca.com\/wordpress\/segunda\/wp-content\/uploads\/2018\/09\/DespedidaJV21-50x50.jpg 50w\" sizes=\"auto, (max-width: 290px) 100vw, 290px\" \/><\/a>\n\t\t\t<\/div><\/figure><figure class='gallery-item'>\n\t\t\t<div class='gallery-icon landscape'>\n\t\t\t\t<a href='https:\/\/www.tucomarca.com\/wordpress\/segunda\/fotogaleria-multitudinaria-despedida-de-jose-vicente-martinez-muedra-parroco-de-bunol-y-siete-aguas\/despedidajv22\/'><img loading=\"lazy\" decoding=\"async\" width=\"290\" height=\"290\" src=\"https:\/\/www.tucomarca.com\/wordpress\/segunda\/wp-content\/uploads\/2018\/09\/DespedidaJV22-290x290.jpg\" class=\"attachment-thumbnail size-thumbnail\" alt=\"\" srcset=\"https:\/\/www.tucomarca.com\/wordpress\/segunda\/wp-content\/uploads\/2018\/09\/DespedidaJV22-290x290.jpg 290w, https:\/\/www.tucomarca.com\/wordpress\/segunda\/wp-content\/uploads\/2018\/09\/DespedidaJV22-50x50.jpg 50w\" sizes=\"auto, (max-width: 290px) 100vw, 290px\" \/><\/a>\n\t\t\t<\/div><\/figure><figure class='gallery-item'>\n\t\t\t<div class='gallery-icon landscape'>\n\t\t\t\t<a href='https:\/\/www.tucomarca.com\/wordpress\/segunda\/fotogaleria-multitudinaria-despedida-de-jose-vicente-martinez-muedra-parroco-de-bunol-y-siete-aguas\/despedidajv23\/'><img loading=\"lazy\" decoding=\"async\" width=\"290\" height=\"290\" src=\"https:\/\/www.tucomarca.com\/wordpress\/segunda\/wp-content\/uploads\/2018\/09\/DespedidaJV23-290x290.jpg\" class=\"attachment-thumbnail size-thumbnail\" alt=\"\" srcset=\"https:\/\/www.tucomarca.com\/wordpress\/segunda\/wp-content\/uploads\/2018\/09\/DespedidaJV23-290x290.jpg 290w, https:\/\/www.tucomarca.com\/wordpress\/segunda\/wp-content\/uploads\/2018\/09\/DespedidaJV23-50x50.jpg 50w\" sizes=\"auto, (max-width: 290px) 100vw, 290px\" \/><\/a>\n\t\t\t<\/div><\/figure><figure class='gallery-item'>\n\t\t\t<div class='gallery-icon landscape'>\n\t\t\t\t<a href='https:\/\/www.tucomarca.com\/wordpress\/segunda\/fotogaleria-multitudinaria-despedida-de-jose-vicente-martinez-muedra-parroco-de-bunol-y-siete-aguas\/despedidajv24\/'><img loading=\"lazy\" decoding=\"async\" width=\"290\" height=\"290\" src=\"https:\/\/www.tucomarca.com\/wordpress\/segunda\/wp-content\/uploads\/2018\/09\/DespedidaJV24-290x290.jpg\" class=\"attachment-thumbnail size-thumbnail\" alt=\"\" srcset=\"https:\/\/www.tucomarca.com\/wordpress\/segunda\/wp-content\/uploads\/2018\/09\/DespedidaJV24-290x290.jpg 290w, https:\/\/www.tucomarca.com\/wordpress\/segunda\/wp-content\/uploads\/2018\/09\/DespedidaJV24-50x50.jpg 50w\" sizes=\"auto, (max-width: 290px) 100vw, 290px\" \/><\/a>\n\t\t\t<\/div><\/figure><figure class='gallery-item'>\n\t\t\t<div class='gallery-icon landscape'>\n\t\t\t\t<a href='https:\/\/www.tucomarca.com\/wordpress\/segunda\/fotogaleria-multitudinaria-despedida-de-jose-vicente-martinez-muedra-parroco-de-bunol-y-siete-aguas\/despedidajv25\/'><img loading=\"lazy\" decoding=\"async\" width=\"290\" height=\"290\" src=\"https:\/\/www.tucomarca.com\/wordpress\/segunda\/wp-content\/uploads\/2018\/09\/DespedidaJV25-290x290.jpg\" class=\"attachment-thumbnail size-thumbnail\" alt=\"\" srcset=\"https:\/\/www.tucomarca.com\/wordpress\/segunda\/wp-content\/uploads\/2018\/09\/DespedidaJV25-290x290.jpg 290w, https:\/\/www.tucomarca.com\/wordpress\/segunda\/wp-content\/uploads\/2018\/09\/DespedidaJV25-50x50.jpg 50w\" sizes=\"auto, (max-width: 290px) 100vw, 290px\" \/><\/a>\n\t\t\t<\/div><\/figure><figure class='gallery-item'>\n\t\t\t<div class='gallery-icon landscape'>\n\t\t\t\t<a href='https:\/\/www.tucomarca.com\/wordpress\/segunda\/fotogaleria-multitudinaria-despedida-de-jose-vicente-martinez-muedra-parroco-de-bunol-y-siete-aguas\/despedidajv26\/'><img loading=\"lazy\" decoding=\"async\" width=\"290\" height=\"290\" src=\"https:\/\/www.tucomarca.com\/wordpress\/segunda\/wp-content\/uploads\/2018\/09\/DespedidaJV26-290x290.jpg\" class=\"attachment-thumbnail size-thumbnail\" alt=\"\" srcset=\"https:\/\/www.tucomarca.com\/wordpress\/segunda\/wp-content\/uploads\/2018\/09\/DespedidaJV26-290x290.jpg 290w, https:\/\/www.tucomarca.com\/wordpress\/segunda\/wp-content\/uploads\/2018\/09\/DespedidaJV26-50x50.jpg 50w\" sizes=\"auto, (max-width: 290px) 100vw, 290px\" \/><\/a>\n\t\t\t<\/div><\/figure><figure class='gallery-item'>\n\t\t\t<div class='gallery-icon landscape'>\n\t\t\t\t<a href='https:\/\/www.tucomarca.com\/wordpress\/segunda\/fotogaleria-multitudinaria-despedida-de-jose-vicente-martinez-muedra-parroco-de-bunol-y-siete-aguas\/despedidajv27\/'><img loading=\"lazy\" decoding=\"async\" width=\"290\" height=\"290\" src=\"https:\/\/www.tucomarca.com\/wordpress\/segunda\/wp-content\/uploads\/2018\/09\/DespedidaJV27-290x290.jpg\" class=\"attachment-thumbnail size-thumbnail\" alt=\"\" srcset=\"https:\/\/www.tucomarca.com\/wordpress\/segunda\/wp-content\/uploads\/2018\/09\/DespedidaJV27-290x290.jpg 290w, https:\/\/www.tucomarca.com\/wordpress\/segunda\/wp-content\/uploads\/2018\/09\/DespedidaJV27-50x50.jpg 50w\" sizes=\"auto, (max-width: 290px) 100vw, 290px\" \/><\/a>\n\t\t\t<\/div><\/figure><figure class='gallery-item'>\n\t\t\t<div class='gallery-icon landscape'>\n\t\t\t\t<a href='https:\/\/www.tucomarca.com\/wordpress\/segunda\/fotogaleria-multitudinaria-despedida-de-jose-vicente-martinez-muedra-parroco-de-bunol-y-siete-aguas\/despedidajv28\/'><img loading=\"lazy\" decoding=\"async\" width=\"290\" height=\"290\" src=\"https:\/\/www.tucomarca.com\/wordpress\/segunda\/wp-content\/uploads\/2018\/09\/DespedidaJV28-290x290.jpg\" class=\"attachment-thumbnail size-thumbnail\" alt=\"\" srcset=\"https:\/\/www.tucomarca.com\/wordpress\/segunda\/wp-content\/uploads\/2018\/09\/DespedidaJV28-290x290.jpg 290w, https:\/\/www.tucomarca.com\/wordpress\/segunda\/wp-content\/uploads\/2018\/09\/DespedidaJV28-50x50.jpg 50w\" sizes=\"auto, (max-width: 290px) 100vw, 290px\" \/><\/a>\n\t\t\t<\/div><\/figure><figure class='gallery-item'>\n\t\t\t<div class='gallery-icon landscape'>\n\t\t\t\t<a href='https:\/\/www.tucomarca.com\/wordpress\/segunda\/fotogaleria-multitudinaria-despedida-de-jose-vicente-martinez-muedra-parroco-de-bunol-y-siete-aguas\/despedidajv29\/'><img loading=\"lazy\" decoding=\"async\" width=\"290\" height=\"290\" src=\"https:\/\/www.tucomarca.com\/wordpress\/segunda\/wp-content\/uploads\/2018\/09\/DespedidaJV29-290x290.jpg\" class=\"attachment-thumbnail size-thumbnail\" alt=\"\" srcset=\"https:\/\/www.tucomarca.com\/wordpress\/segunda\/wp-content\/uploads\/2018\/09\/DespedidaJV29-290x290.jpg 290w, https:\/\/www.tucomarca.com\/wordpress\/segunda\/wp-content\/uploads\/2018\/09\/DespedidaJV29-50x50.jpg 50w\" sizes=\"auto, (max-width: 290px) 100vw, 290px\" \/><\/a>\n\t\t\t<\/div><\/figure><figure class='gallery-item'>\n\t\t\t<div class='gallery-icon landscape'>\n\t\t\t\t<a href='https:\/\/www.tucomarca.com\/wordpress\/segunda\/fotogaleria-multitudinaria-despedida-de-jose-vicente-martinez-muedra-parroco-de-bunol-y-siete-aguas\/despedidajv30\/'><img loading=\"lazy\" decoding=\"async\" width=\"290\" height=\"290\" src=\"https:\/\/www.tucomarca.com\/wordpress\/segunda\/wp-content\/uploads\/2018\/09\/DespedidaJV30-290x290.jpg\" class=\"attachment-thumbnail size-thumbnail\" alt=\"\" srcset=\"https:\/\/www.tucomarca.com\/wordpress\/segunda\/wp-content\/uploads\/2018\/09\/DespedidaJV30-290x290.jpg 290w, https:\/\/www.tucomarca.com\/wordpress\/segunda\/wp-content\/uploads\/2018\/09\/DespedidaJV30-50x50.jpg 50w\" sizes=\"auto, (max-width: 290px) 100vw, 290px\" \/><\/a>\n\t\t\t<\/div><\/figure><figure class='gallery-item'>\n\t\t\t<div class='gallery-icon landscape'>\n\t\t\t\t<a href='https:\/\/www.tucomarca.com\/wordpress\/segunda\/fotogaleria-multitudinaria-despedida-de-jose-vicente-martinez-muedra-parroco-de-bunol-y-siete-aguas\/despedidajv31\/'><img loading=\"lazy\" decoding=\"async\" width=\"290\" height=\"290\" src=\"https:\/\/www.tucomarca.com\/wordpress\/segunda\/wp-content\/uploads\/2018\/09\/DespedidaJV31-290x290.jpg\" class=\"attachment-thumbnail size-thumbnail\" alt=\"\" srcset=\"https:\/\/www.tucomarca.com\/wordpress\/segunda\/wp-content\/uploads\/2018\/09\/DespedidaJV31-290x290.jpg 290w, https:\/\/www.tucomarca.com\/wordpress\/segunda\/wp-content\/uploads\/2018\/09\/DespedidaJV31-50x50.jpg 50w\" sizes=\"auto, (max-width: 290px) 100vw, 290px\" \/><\/a>\n\t\t\t<\/div><\/figure><figure class='gallery-item'>\n\t\t\t<div class='gallery-icon landscape'>\n\t\t\t\t<a href='https:\/\/www.tucomarca.com\/wordpress\/segunda\/fotogaleria-multitudinaria-despedida-de-jose-vicente-martinez-muedra-parroco-de-bunol-y-siete-aguas\/despedidajv32\/'><img loading=\"lazy\" decoding=\"async\" width=\"290\" height=\"290\" src=\"https:\/\/www.tucomarca.com\/wordpress\/segunda\/wp-content\/uploads\/2018\/09\/DespedidaJV32-290x290.jpg\" class=\"attachment-thumbnail size-thumbnail\" alt=\"\" srcset=\"https:\/\/www.tucomarca.com\/wordpress\/segunda\/wp-content\/uploads\/2018\/09\/DespedidaJV32-290x290.jpg 290w, https:\/\/www.tucomarca.com\/wordpress\/segunda\/wp-content\/uploads\/2018\/09\/DespedidaJV32-50x50.jpg 50w\" sizes=\"auto, (max-width: 290px) 100vw, 290px\" \/><\/a>\n\t\t\t<\/div><\/figure><figure class='gallery-item'>\n\t\t\t<div class='gallery-icon landscape'>\n\t\t\t\t<a href='https:\/\/www.tucomarca.com\/wordpress\/segunda\/fotogaleria-multitudinaria-despedida-de-jose-vicente-martinez-muedra-parroco-de-bunol-y-siete-aguas\/despedidajv33\/'><img loading=\"lazy\" decoding=\"async\" width=\"290\" height=\"290\" src=\"https:\/\/www.tucomarca.com\/wordpress\/segunda\/wp-content\/uploads\/2018\/09\/DespedidaJV33-290x290.jpg\" class=\"attachment-thumbnail size-thumbnail\" alt=\"\" srcset=\"https:\/\/www.tucomarca.com\/wordpress\/segunda\/wp-content\/uploads\/2018\/09\/DespedidaJV33-290x290.jpg 290w, https:\/\/www.tucomarca.com\/wordpress\/segunda\/wp-content\/uploads\/2018\/09\/DespedidaJV33-50x50.jpg 50w\" sizes=\"auto, (max-width: 290px) 100vw, 290px\" \/><\/a>\n\t\t\t<\/div><\/figure><figure class='gallery-item'>\n\t\t\t<div class='gallery-icon landscape'>\n\t\t\t\t<a href='https:\/\/www.tucomarca.com\/wordpress\/segunda\/fotogaleria-multitudinaria-despedida-de-jose-vicente-martinez-muedra-parroco-de-bunol-y-siete-aguas\/despedidajv34\/'><img loading=\"lazy\" decoding=\"async\" width=\"290\" height=\"290\" src=\"https:\/\/www.tucomarca.com\/wordpress\/segunda\/wp-content\/uploads\/2018\/09\/DespedidaJV34-290x290.jpg\" class=\"attachment-thumbnail size-thumbnail\" alt=\"\" srcset=\"https:\/\/www.tucomarca.com\/wordpress\/segunda\/wp-content\/uploads\/2018\/09\/DespedidaJV34-290x290.jpg 290w, https:\/\/www.tucomarca.com\/wordpress\/segunda\/wp-content\/uploads\/2018\/09\/DespedidaJV34-50x50.jpg 50w\" sizes=\"auto, (max-width: 290px) 100vw, 290px\" \/><\/a>\n\t\t\t<\/div><\/figure><figure class='gallery-item'>\n\t\t\t<div class='gallery-icon landscape'>\n\t\t\t\t<a href='https:\/\/www.tucomarca.com\/wordpress\/segunda\/fotogaleria-multitudinaria-despedida-de-jose-vicente-martinez-muedra-parroco-de-bunol-y-siete-aguas\/despedidajv35\/'><img loading=\"lazy\" decoding=\"async\" width=\"290\" height=\"290\" src=\"https:\/\/www.tucomarca.com\/wordpress\/segunda\/wp-content\/uploads\/2018\/09\/DespedidaJV35-290x290.jpg\" class=\"attachment-thumbnail size-thumbnail\" alt=\"\" srcset=\"https:\/\/www.tucomarca.com\/wordpress\/segunda\/wp-content\/uploads\/2018\/09\/DespedidaJV35-290x290.jpg 290w, https:\/\/www.tucomarca.com\/wordpress\/segunda\/wp-content\/uploads\/2018\/09\/DespedidaJV35-50x50.jpg 50w\" sizes=\"auto, (max-width: 290px) 100vw, 290px\" \/><\/a>\n\t\t\t<\/div><\/figure><figure class='gallery-item'>\n\t\t\t<div class='gallery-icon landscape'>\n\t\t\t\t<a href='https:\/\/www.tucomarca.com\/wordpress\/segunda\/fotogaleria-multitudinaria-despedida-de-jose-vicente-martinez-muedra-parroco-de-bunol-y-siete-aguas\/despedidajv36\/'><img loading=\"lazy\" decoding=\"async\" width=\"290\" height=\"290\" src=\"https:\/\/www.tucomarca.com\/wordpress\/segunda\/wp-content\/uploads\/2018\/09\/DespedidaJV36-290x290.jpg\" class=\"attachment-thumbnail size-thumbnail\" alt=\"\" srcset=\"https:\/\/www.tucomarca.com\/wordpress\/segunda\/wp-content\/uploads\/2018\/09\/DespedidaJV36-290x290.jpg 290w, https:\/\/www.tucomarca.com\/wordpress\/segunda\/wp-content\/uploads\/2018\/09\/DespedidaJV36-50x50.jpg 50w\" sizes=\"auto, (max-width: 290px) 100vw, 290px\" \/><\/a>\n\t\t\t<\/div><\/figure><figure class='gallery-item'>\n\t\t\t<div class='gallery-icon landscape'>\n\t\t\t\t<a href='https:\/\/www.tucomarca.com\/wordpress\/segunda\/fotogaleria-multitudinaria-despedida-de-jose-vicente-martinez-muedra-parroco-de-bunol-y-siete-aguas\/despedidajv37\/'><img loading=\"lazy\" decoding=\"async\" width=\"290\" height=\"290\" src=\"https:\/\/www.tucomarca.com\/wordpress\/segunda\/wp-content\/uploads\/2018\/09\/DespedidaJV37-290x290.jpg\" class=\"attachment-thumbnail size-thumbnail\" alt=\"\" srcset=\"https:\/\/www.tucomarca.com\/wordpress\/segunda\/wp-content\/uploads\/2018\/09\/DespedidaJV37-290x290.jpg 290w, https:\/\/www.tucomarca.com\/wordpress\/segunda\/wp-content\/uploads\/2018\/09\/DespedidaJV37-50x50.jpg 50w\" sizes=\"auto, (max-width: 290px) 100vw, 290px\" \/><\/a>\n\t\t\t<\/div><\/figure><figure class='gallery-item'>\n\t\t\t<div class='gallery-icon landscape'>\n\t\t\t\t<a href='https:\/\/www.tucomarca.com\/wordpress\/segunda\/fotogaleria-multitudinaria-despedida-de-jose-vicente-martinez-muedra-parroco-de-bunol-y-siete-aguas\/despedidajv38\/'><img loading=\"lazy\" decoding=\"async\" width=\"290\" height=\"290\" src=\"https:\/\/www.tucomarca.com\/wordpress\/segunda\/wp-content\/uploads\/2018\/09\/DespedidaJV38-290x290.jpg\" class=\"attachment-thumbnail size-thumbnail\" alt=\"\" srcset=\"https:\/\/www.tucomarca.com\/wordpress\/segunda\/wp-content\/uploads\/2018\/09\/DespedidaJV38-290x290.jpg 290w, https:\/\/www.tucomarca.com\/wordpress\/segunda\/wp-content\/uploads\/2018\/09\/DespedidaJV38-50x50.jpg 50w\" sizes=\"auto, (max-width: 290px) 100vw, 290px\" \/><\/a>\n\t\t\t<\/div><\/figure><figure class='gallery-item'>\n\t\t\t<div class='gallery-icon landscape'>\n\t\t\t\t<a href='https:\/\/www.tucomarca.com\/wordpress\/segunda\/fotogaleria-multitudinaria-despedida-de-jose-vicente-martinez-muedra-parroco-de-bunol-y-siete-aguas\/despedidajv39\/'><img loading=\"lazy\" decoding=\"async\" width=\"290\" height=\"290\" src=\"https:\/\/www.tucomarca.com\/wordpress\/segunda\/wp-content\/uploads\/2018\/09\/DespedidaJV39-290x290.jpg\" class=\"attachment-thumbnail size-thumbnail\" alt=\"\" srcset=\"https:\/\/www.tucomarca.com\/wordpress\/segunda\/wp-content\/uploads\/2018\/09\/DespedidaJV39-290x290.jpg 290w, https:\/\/www.tucomarca.com\/wordpress\/segunda\/wp-content\/uploads\/2018\/09\/DespedidaJV39-50x50.jpg 50w\" sizes=\"auto, (max-width: 290px) 100vw, 290px\" \/><\/a>\n\t\t\t<\/div><\/figure><figure class='gallery-item'>\n\t\t\t<div class='gallery-icon landscape'>\n\t\t\t\t<a href='https:\/\/www.tucomarca.com\/wordpress\/segunda\/fotogaleria-multitudinaria-despedida-de-jose-vicente-martinez-muedra-parroco-de-bunol-y-siete-aguas\/despedidajv40\/'><img loading=\"lazy\" decoding=\"async\" width=\"290\" height=\"290\" src=\"https:\/\/www.tucomarca.com\/wordpress\/segunda\/wp-content\/uploads\/2018\/09\/DespedidaJV40-290x290.jpg\" class=\"attachment-thumbnail size-thumbnail\" alt=\"\" srcset=\"https:\/\/www.tucomarca.com\/wordpress\/segunda\/wp-content\/uploads\/2018\/09\/DespedidaJV40-290x290.jpg 290w, https:\/\/www.tucomarca.com\/wordpress\/segunda\/wp-content\/uploads\/2018\/09\/DespedidaJV40-50x50.jpg 50w\" sizes=\"auto, (max-width: 290px) 100vw, 290px\" \/><\/a>\n\t\t\t<\/div><\/figure><figure class='gallery-item'>\n\t\t\t<div class='gallery-icon landscape'>\n\t\t\t\t<a href='https:\/\/www.tucomarca.com\/wordpress\/segunda\/fotogaleria-multitudinaria-despedida-de-jose-vicente-martinez-muedra-parroco-de-bunol-y-siete-aguas\/despedidajv41\/'><img loading=\"lazy\" decoding=\"async\" width=\"290\" height=\"290\" src=\"https:\/\/www.tucomarca.com\/wordpress\/segunda\/wp-content\/uploads\/2018\/09\/DespedidaJV41-290x290.jpg\" class=\"attachment-thumbnail size-thumbnail\" alt=\"\" srcset=\"https:\/\/www.tucomarca.com\/wordpress\/segunda\/wp-content\/uploads\/2018\/09\/DespedidaJV41-290x290.jpg 290w, https:\/\/www.tucomarca.com\/wordpress\/segunda\/wp-content\/uploads\/2018\/09\/DespedidaJV41-50x50.jpg 50w\" sizes=\"auto, (max-width: 290px) 100vw, 290px\" \/><\/a>\n\t\t\t<\/div><\/figure>\n\t\t<\/div>\n\n<p>&nbsp;<\/p>\n","protected":false},"excerpt":{"rendered":"<div class=\"mh-excerpt\">La emocionada despedida del p\u00e1rroco chivano Jos\u00e9 Vicente Mart\u00ednez Muedra, que ha ejercido en las dos parroquias de Bu\u00f1ol y en la de Siete Aguas durante cinco\u00a0a\u00f1os, se ha celebrado\u00a0en la Posada Venta Pilar este\u00a0domingo <a class=\"mh-excerpt-more\" href=\"https:\/\/www.tucomarca.com\/wordpress\/segunda\/fotogaleria-multitudinaria-despedida-de-jose-vicente-martinez-muedra-parroco-de-bunol-y-siete-aguas\/\" title=\"Fotogaler\u00eda: Multitudinaria despedida de Jos\u00e9 Vicente Mart\u00ednez Muedra, p\u00e1rroco de Bu\u00f1ol y Siete Aguas\">[+] <\/a><\/div>\n","protected":false},"author":2,"featured_media":75124,"comment_status":"open","ping_status":"open","sticky":false,"template":"","format":"standard","meta":{"footnotes":""},"categories":[18,10,5,3,12,45],"tags":[10385,5334,5952],"class_list":{"0":"post-75122","1":"post","2":"type-post","3":"status-publish","4":"format-standard","5":"has-post-thumbnail","7":"category-bunol","8":"category-la-hoya","9":"category-la-semana-en-imagenes","10":"category-seccion","11":"category-siete-aguas","12":"category-ventana","13":"tag-bunol","14":"tag-jose-vicente-martinez","15":"tag-la-hoya-de-bunol-chiva"},"_links":{"self":[{"href":"https:\/\/www.tucomarca.com\/wordpress\/segunda\/wp-json\/wp\/v2\/posts\/75122","targetHints":{"allow":["GET"]}}],"collection":[{"href":"https:\/\/www.tucomarca.com\/wordpress\/segunda\/wp-json\/wp\/v2\/posts"}],"about":[{"href":"https:\/\/www.tucomarca.com\/wordpress\/segunda\/wp-json\/wp\/v2\/types\/post"}],"author":[{"embeddable":true,"href":"https:\/\/www.tucomarca.com\/wordpress\/segunda\/wp-json\/wp\/v2\/users\/2"}],"replies":[{"embeddable":true,"href":"https:\/\/www.tucomarca.com\/wordpress\/segunda\/wp-json\/wp\/v2\/comments?post=75122"}],"version-history":[{"count":0,"href":"https:\/\/www.tucomarca.com\/wordpress\/segunda\/wp-json\/wp\/v2\/posts\/75122\/revisions"}],"wp:featuredmedia":[{"embeddable":true,"href":"https:\/\/www.tucomarca.com\/wordpress\/segunda\/wp-json\/wp\/v2\/media\/75124"}],"wp:attachment":[{"href":"https:\/\/www.tucomarca.com\/wordpress\/segunda\/wp-json\/wp\/v2\/media?parent=75122"}],"wp:term":[{"taxonomy":"category","embeddable":true,"href":"https:\/\/www.tucomarca.com\/wordpress\/segunda\/wp-json\/wp\/v2\/categories?post=75122"},{"taxonomy":"post_tag","embeddable":true,"href":"https:\/\/www.tucomarca.com\/wordpress\/segunda\/wp-json\/wp\/v2\/tags?post=75122"}],"curies":[{"name":"wp","href":"https:\/\/api.w.org\/{rel}","templated":true}]}}