{"id":7523,"date":"2012-09-27T18:59:03","date_gmt":"2012-09-27T16:59:03","guid":{"rendered":"http:\/\/www.tucomarca.com\/wordpress\/segunda\/?p=7523"},"modified":"2012-09-27T20:03:36","modified_gmt":"2012-09-27T18:03:36","slug":"mas-de-30-000-internautas-siguen-a-la-diputacion-desde-las-redes-sociales","status":"publish","type":"post","link":"https:\/\/www.tucomarca.com\/wordpress\/segunda\/mas-de-30-000-internautas-siguen-a-la-diputacion-desde-las-redes-sociales\/","title":{"rendered":"M\u00e1s de 30.000 internautas siguen a la Diputaci\u00f3n desde las redes sociales"},"content":{"rendered":"<p>El alcalde de Chiva y diputado de Modernizaci\u00f3n, Jos\u00e9 Manuel Haro, ha inaugurado esta  tarde la jornada \u2018Sona la Dipu\u2019: Tres a\u00f1os en red\u2019, en la que 12  expertos en comunicaci\u00f3n digital y redes sociales han explicado a unas  200 personas las nuevas tendencias, estrategias y entornos relacionados  con Internet con motivo del tercer aniversario del proyecto \u2018La Dipu en  la red\u2019.<\/p>\n<p>El Museu Valenci\u00e0 de la Il.lustraci\u00f3 i la Modernitat (MuVIM) ha sido  el punto de encuentro para los especialistas \u00d3scar Delgado, \u00c1lex Rubio,  Esteban Rodrigo, Esiva Campos, Clara Soler, Francisco L\u00f3pez, Gerson  Beltr\u00e1n, Jes\u00fas Gallent, Luis Calabuig, Vicente Vicens, V\u00edctor Ronco e  Isra Garc\u00eda, que se han reunido \u00a0en el sal\u00f3n de actos del museo  valenciano para aportar conocimientos, experiencias y nuevas  perspectivas en este \u00e1mbito.<\/p>\n<p>El diputado Haro ha comentado durante el acto que \u201cdurante estos tres  a\u00f1os se ha trabajado para ofrecer un valor a\u00f1adido a este proyecto  respondiendo a los ciudadanos a trav\u00e9s de las redes sociales y  ofreciendo un servicio de atenci\u00f3n directo, r\u00e1pido y eficiente\u201d.<\/p>\n<p>\u201cHemos conseguido que los pol\u00edticos tengan un espacio en las redes  sociales y tambi\u00e9n hemos eliminado el miedo a interactuar con la  sociedad\u201d, ha se\u00f1alado Haro, al tiempo que ha reconocido sentirse \u201cmuy  ilusionado porque la Diputaci\u00f3n de Valencia lleva tres a\u00f1os en la red y  ya hemos conseguido tener una comunidad social de 30.000 personas en los  perfiles de \u2018La Dipu en la red\u2019 y \u2018Diputaci\u00f3n de Valencia\u2019.<\/p>\n<p><em>El periodista en el contexto de las nuevas herramientas  period\u00edsticas 2.0, El nuevo escenario del marketing, Liderar comunidades  online, El territorio red, Aplicaciones para los ciudadanos y de la web  social a la web humana<\/em>son algunas de las cuestiones que han  analizado los profesionales congregados en el MuVIM, como t\u00e9cnicos pero  tambi\u00e9n como ciudadanos, con el fin de avanzar en el conocimiento de un  medio en constante evoluci\u00f3n.<\/p>\n<p><strong>La Dipu<\/strong><strong>en la red<\/strong><\/p>\n<p>\u2018La Dipu en la Red\u2019 es una apuesta firme de la Diputaci\u00f3n de Valencia  que comenz\u00f3 hace tres a\u00f1os con el objetivo de aportar contenido e  informaci\u00f3n en redes sociales.<\/p>\n<p>Actualmente,\u00a0 la Diputaci\u00f3n de Valencia es la primera corporaci\u00f3n  provincial de Espa\u00f1a tanto en el n\u00famero de seguidores como en volumen de  informaci\u00f3n transmitida y compartida desde los diferentes canales sobre  actividades culturales, deportivas y sociales.<\/p>\n<p><strong>30.000 seguidores<\/strong><\/p>\n<p>Unas 30.000 personas siguen y comparten algunas de las diferentes  plataformas en las que la instituci\u00f3n provincial tiene presencia con los  perfiles \u2018La Dipu en la red\u2019 y \u2018Diputaci\u00f3n de Valencia\u2019: <em>Facebook<\/em>, <em>Twitter<\/em>, <em>Youtube<\/em>, <em>Flickr<\/em>, <em>Tuenti<\/em> y el \u2018Blog de la Dipu\u2019. Adem\u00e1s, la Diputaci\u00f3n ha dise\u00f1ado una  estrategia en redes sociales para diferentes organismos como Val\u00e8ncia,  Terra i Mar y el Servicio de Asistencia y Recursos Culturales de la  Diputaci\u00f3n (SARC). Tambi\u00e9n se ha dado soporte a diferentes centros  culturales como la Sala Parpall\u00f3, el Muvim o el Museo de Etnolog\u00eda.<\/p>\n<p>Las plataformas han permitido generar, este \u00faltimo a\u00f1o, un 25% m\u00e1s de  tr\u00e1fico en la web de la entidad provincial, ofreciendo, adem\u00e1s, un  \u00edndice de participaci\u00f3n e interacci\u00f3n activa de la comunidad de un 24%.<\/p>\n","protected":false},"excerpt":{"rendered":"<div class=\"mh-excerpt\">El alcalde de Chiva y diputado de Modernizaci\u00f3n, Jos\u00e9 Manuel Haro, ha inaugurado esta tarde la jornada \u2018Sona la Dipu\u2019: Tres a\u00f1os en red\u2019, en la que 12 expertos en comunicaci\u00f3n digital y redes sociales <a class=\"mh-excerpt-more\" href=\"https:\/\/www.tucomarca.com\/wordpress\/segunda\/mas-de-30-000-internautas-siguen-a-la-diputacion-desde-las-redes-sociales\/\" title=\"M\u00e1s de 30.000 internautas siguen a la Diputaci\u00f3n desde las redes sociales\">[+] <\/a><\/div>\n","protected":false},"author":1,"featured_media":7524,"comment_status":"open","ping_status":"open","sticky":false,"template":"","format":"standard","meta":{"footnotes":""},"categories":[16,128,8,72,10,3,45],"tags":[],"class_list":{"0":"post-7523","1":"post","2":"type-post","3":"status-publish","4":"format-standard","5":"has-post-thumbnail","7":"category-chiva","8":"category-infraestructuras","9":"category-la-comarca","10":"category-sin-categorizar","11":"category-la-hoya","12":"category-seccion","13":"category-ventana"},"_links":{"self":[{"href":"https:\/\/www.tucomarca.com\/wordpress\/segunda\/wp-json\/wp\/v2\/posts\/7523","targetHints":{"allow":["GET"]}}],"collection":[{"href":"https:\/\/www.tucomarca.com\/wordpress\/segunda\/wp-json\/wp\/v2\/posts"}],"about":[{"href":"https:\/\/www.tucomarca.com\/wordpress\/segunda\/wp-json\/wp\/v2\/types\/post"}],"author":[{"embeddable":true,"href":"https:\/\/www.tucomarca.com\/wordpress\/segunda\/wp-json\/wp\/v2\/users\/1"}],"replies":[{"embeddable":true,"href":"https:\/\/www.tucomarca.com\/wordpress\/segunda\/wp-json\/wp\/v2\/comments?post=7523"}],"version-history":[{"count":0,"href":"https:\/\/www.tucomarca.com\/wordpress\/segunda\/wp-json\/wp\/v2\/posts\/7523\/revisions"}],"wp:featuredmedia":[{"embeddable":true,"href":"https:\/\/www.tucomarca.com\/wordpress\/segunda\/wp-json\/wp\/v2\/media\/7524"}],"wp:attachment":[{"href":"https:\/\/www.tucomarca.com\/wordpress\/segunda\/wp-json\/wp\/v2\/media?parent=7523"}],"wp:term":[{"taxonomy":"category","embeddable":true,"href":"https:\/\/www.tucomarca.com\/wordpress\/segunda\/wp-json\/wp\/v2\/categories?post=7523"},{"taxonomy":"post_tag","embeddable":true,"href":"https:\/\/www.tucomarca.com\/wordpress\/segunda\/wp-json\/wp\/v2\/tags?post=7523"}],"curies":[{"name":"wp","href":"https:\/\/api.w.org\/{rel}","templated":true}]}}