{"id":75311,"date":"2018-10-02T18:24:07","date_gmt":"2018-10-02T16:24:07","guid":{"rendered":"http:\/\/www.tucomarca.com\/wordpress\/segunda\/?p=75311"},"modified":"2018-10-02T18:24:07","modified_gmt":"2018-10-02T16:24:07","slug":"contelles-las-familias-de-la-pobla-pagan-de-su-propio-bolsillo-las-consecuencias-de-la-mala-gestion-municipal-del-cuatripartito-liderado-por-compromis","status":"publish","type":"post","link":"https:\/\/www.tucomarca.com\/wordpress\/segunda\/contelles-las-familias-de-la-pobla-pagan-de-su-propio-bolsillo-las-consecuencias-de-la-mala-gestion-municipal-del-cuatripartito-liderado-por-compromis\/","title":{"rendered":"Contelles: \u201cLas familias de la Pobla pagan de su propio bolsillo las consecuencias de la mala gesti\u00f3n municipal del cuatripartito liderado por Comprom\u00eds\u201d"},"content":{"rendered":"<p>El Partido Popular de La Pobla de Vallbona ha denunciado el aumento desmesurado del precio del comedor de la escuela infantil municipal. Tal y como relatan \u201cel pasado viernes 28 de septiembre las familias del alumnado de la escuela infantil municipal recibieron una circular informativa d\u00f3nde se les informaba que el precio del comedor escolar a partir del 1 de octubre ser\u00eda de 7,05 euros, m\u00e1s de un 20% m\u00e1s que el curso anterior\u201d.<\/p>\n<p>Para la portavoz, Mari Carmen Contelles, \u201cestamos ante un nuevo ejemplo de que la desorganizaci\u00f3n y la mala gesti\u00f3n municipal del Cuatripartito liderado por Comprom\u00eds la pagan directamente de sus bolsillos las familias de la Pobla. Si desde el Partido Popular nos mostramos contrarios a incrementar el precio de cualquier servicio p\u00fablico, m\u00e1s a\u00fan en un servicio tan necesario para las familias como el comedor de la escuela infantil municipal\u201d.<span class=\"Apple-converted-space\">\u00a0<\/span><\/p>\n<p>\u201cLa misma circular entregada a los padres justifica que el aumento del precio se debe a que el Ayuntamiento ha sido incapaz de licitar en tiempo y forma el contrato anual de comedor y una empresa ha aceptado un contrato menor de cuatro meses. La desagradable sorpresa ha sido que ese contrato provisional conlleva una fuerte subida de precio que asumen directamente las familias\u201d ha descrito Contelles.<span class=\"Apple-converted-space\">\u00a0<\/span><\/p>\n<p>\u201cAdem\u00e1s, el hecho de notificar los cambios un viernes, para hacerlos efectivos el lunes, demuestra el intento de ocultar esta mala noticia a las familias apurando el plazo hasta el m\u00e1ximo\u201d ha a\u00f1adido la portavoz.<\/p>\n<p>Los populares han rese\u00f1ado que en el \u00faltimo pleno ya preguntaron por la incidencia del concurso para el servicio de comedor de la escuela infantil municipal Jaume I, contestando el equipo de gobierno que se resolver\u00eda con un contrato menor. \u201cLo que no se inform\u00f3 es que el precio se iba a incrementar tanto y se ha ocultado desde entonces a las familias\u201d.<\/p>\n<p>La portavoz popular ha instado al alcalde de Comprom\u00eds, Josep Vicent Garcia, \u201ca subsanar este desagravio como m\u00e1ximo responsable municipal. Como alcalde debe poner orden en una delegaci\u00f3n que acumula desprop\u00f3sito tras desprop\u00f3sito y que est\u00e1 causando graves perjuicios a las familias de la Pobla. Da la sensaci\u00f3n que s\u00f3lo le presta atenci\u00f3n a las concejal\u00edas que regentan sus compa\u00f1eros de partido\u201d.<\/p>\n<p>\u201cUna vez causado el da\u00f1o a las familias, deber\u00edan establecerse mecanismos para restaurar el poder adquisitivo y sobre todo asegurar que despu\u00e9s de estos cuatro meses, el precio del servicio de comedor escolar se reducir\u00e1 al importe del curso anterior\u201d, ha insistido Contelles. <span class=\"Apple-converted-space\">\u00a0<\/span><\/p>\n<p>Desde el Partido Popular recuerdan que en los \u00faltimos meses el consistorio poblano acumula incidencias en servicios tan importantes y sensibles para las familias como la \u201cEscola d\u2019Estiu\u201d o el transporte escolar.<span class=\"Apple-converted-space\">\u00a0<\/span><\/p>\n<p>Recientemente denunciaron la desorganizaci\u00f3n y falta de sensibilidad hacia los padres y las madres, cuando al inicio de este curso escolar, a escasos cinco d\u00edas de iniciar las clases se inform\u00f3 a los padres de una decena de alumnos del municipio que pese a que previamente se les inform\u00f3 que contaban con plaza de transporte escolar, sin m\u00e1s explicaci\u00f3n se les denegaba. Un error que tras el desasosiego mostrado por los afectados fue resuelto \u201cin extremis\u201d.<\/p>\n<p>\u201cLos vecinos y vecinas de La Pobla de Vallbona se merecen unos responsables pol\u00edticos que m\u00e1s all\u00e1 de cobrar un sueldo sean capaces de gestionar correctamente y no generar problemas a sus conciudadanos. Lamentablemente, la prioridad de Comprom\u00eds y los socios que los sostienen en la alcald\u00eda, es asegurarse sus propios sueldos\u201d ha concluido Contelles.<\/p>\n","protected":false},"excerpt":{"rendered":"<div class=\"mh-excerpt\">El Partido Popular de La Pobla de Vallbona ha denunciado el aumento desmesurado del precio del comedor de la escuela infantil municipal. Tal y como relatan \u201cel pasado viernes 28 de septiembre las familias del <a class=\"mh-excerpt-more\" href=\"https:\/\/www.tucomarca.com\/wordpress\/segunda\/contelles-las-familias-de-la-pobla-pagan-de-su-propio-bolsillo-las-consecuencias-de-la-mala-gestion-municipal-del-cuatripartito-liderado-por-compromis\/\" title=\"Contelles: \u201cLas familias de la Pobla pagan de su propio bolsillo las consecuencias de la mala gesti\u00f3n municipal del cuatripartito liderado por Comprom\u00eds\u201d\">[+] <\/a><\/div>\n","protected":false},"author":1,"featured_media":51347,"comment_status":"open","ping_status":"open","sticky":false,"template":"","format":"standard","meta":{"footnotes":""},"categories":[46,8,174,142,3],"tags":[10395,10430],"class_list":{"0":"post-75311","1":"post","2":"type-post","3":"status-publish","4":"format-standard","5":"has-post-thumbnail","7":"category-camp-de-turia","8":"category-la-comarca","9":"category-la-pobla","10":"category-politica-la-comarca","11":"category-seccion","12":"tag-camp-de-turia","13":"tag-la-pobla"},"_links":{"self":[{"href":"https:\/\/www.tucomarca.com\/wordpress\/segunda\/wp-json\/wp\/v2\/posts\/75311","targetHints":{"allow":["GET"]}}],"collection":[{"href":"https:\/\/www.tucomarca.com\/wordpress\/segunda\/wp-json\/wp\/v2\/posts"}],"about":[{"href":"https:\/\/www.tucomarca.com\/wordpress\/segunda\/wp-json\/wp\/v2\/types\/post"}],"author":[{"embeddable":true,"href":"https:\/\/www.tucomarca.com\/wordpress\/segunda\/wp-json\/wp\/v2\/users\/1"}],"replies":[{"embeddable":true,"href":"https:\/\/www.tucomarca.com\/wordpress\/segunda\/wp-json\/wp\/v2\/comments?post=75311"}],"version-history":[{"count":0,"href":"https:\/\/www.tucomarca.com\/wordpress\/segunda\/wp-json\/wp\/v2\/posts\/75311\/revisions"}],"wp:featuredmedia":[{"embeddable":true,"href":"https:\/\/www.tucomarca.com\/wordpress\/segunda\/wp-json\/wp\/v2\/media\/51347"}],"wp:attachment":[{"href":"https:\/\/www.tucomarca.com\/wordpress\/segunda\/wp-json\/wp\/v2\/media?parent=75311"}],"wp:term":[{"taxonomy":"category","embeddable":true,"href":"https:\/\/www.tucomarca.com\/wordpress\/segunda\/wp-json\/wp\/v2\/categories?post=75311"},{"taxonomy":"post_tag","embeddable":true,"href":"https:\/\/www.tucomarca.com\/wordpress\/segunda\/wp-json\/wp\/v2\/tags?post=75311"}],"curies":[{"name":"wp","href":"https:\/\/api.w.org\/{rel}","templated":true}]}}