{"id":75362,"date":"2018-10-02T19:29:36","date_gmt":"2018-10-02T17:29:36","guid":{"rendered":"http:\/\/www.tucomarca.com\/wordpress\/segunda\/?p=75362"},"modified":"2018-10-02T19:29:36","modified_gmt":"2018-10-02T17:29:36","slug":"fotogaleria-cheste-celebra-la-presentacion-de-la-reina-de-la-vendimia-2018","status":"publish","type":"post","link":"https:\/\/www.tucomarca.com\/wordpress\/segunda\/fotogaleria-cheste-celebra-la-presentacion-de-la-reina-de-la-vendimia-2018\/","title":{"rendered":"Fotogaler\u00eda: Cheste celebra la presentaci\u00f3n de la Reina de la Vendimia 2018"},"content":{"rendered":"<figure id=\"attachment_75369\" aria-describedby=\"caption-attachment-75369\" style=\"width: 585px\" class=\"wp-caption alignleft\"><img loading=\"lazy\" decoding=\"async\" class=\" wp-image-75369\" src=\"https:\/\/www.tucomarca.com\/wordpress\/segunda\/wp-content\/uploads\/2018\/10\/Vendimia2018_11.jpg\" alt=\"El pasado s\u00e1bado, 29 de septiembre, el Teatro Liceo, con el aforo completo, acogi\u00f3 la esperada Presentaci\u00f3n de la Reina de la XLV Fiesta de la Vendimia, Eva P\u00e9rez Vidal, y de su corte honor.\" width=\"585\" height=\"390\" srcset=\"https:\/\/www.tucomarca.com\/wordpress\/segunda\/wp-content\/uploads\/2018\/10\/Vendimia2018_11.jpg 5472w, https:\/\/www.tucomarca.com\/wordpress\/segunda\/wp-content\/uploads\/2018\/10\/Vendimia2018_11-300x200.jpg 300w, https:\/\/www.tucomarca.com\/wordpress\/segunda\/wp-content\/uploads\/2018\/10\/Vendimia2018_11-768x512.jpg 768w, https:\/\/www.tucomarca.com\/wordpress\/segunda\/wp-content\/uploads\/2018\/10\/Vendimia2018_11-1024x683.jpg 1024w\" sizes=\"auto, (max-width: 585px) 100vw, 585px\" \/><figcaption id=\"caption-attachment-75369\" class=\"wp-caption-text\">El pasado s\u00e1bado, 29 de septiembre, el Teatro Liceo, con el aforo completo, acogi\u00f3 la esperada Presentaci\u00f3n de la Reina de la XLV Fiesta de la Vendimia, Eva P\u00e9rez Vidal, y de su corte honor.<\/figcaption><\/figure>\n<p class=\"\"><span class=\"\">El pasado s\u00e1bado, 29 de septiembre, el Teatro Liceo, con el aforo completo, acogi\u00f3 la esperada Presentaci\u00f3n de la Reina de la XLV Fiesta de la Vendimia, Eva P\u00e9rez Vidal, y de su corte honor.<\/span><\/p>\n<p class=\"\"><span class=\"\">La gala se abri\u00f3 con un vistoso juego de luces y sonido que culmin\u00f3 con la apertura del tel\u00f3n y la exhibici\u00f3n de un impresionante trono, obra del artista Crist\u00f3bal de La Cruz, que recibi\u00f3 una gran ovaci\u00f3n por parte del p\u00fablico.<\/span><\/p>\n<p class=\"\"><span class=\"\">Las 23 parejas de la corte de honor desfilaron y ocuparon sus asientos en el escenario, en el que les esperaban el alcalde de Cheste, Jos\u00e9 Morell, la mantenedora, Noah Hig\u00f3n y el presidente de la cooperativa Cheste Agraria, Alejandro Monz\u00f3n. Este \u00faltimo fue el encargado de acompa\u00f1ar hasta el escenario a la anterior Reina de la Vendimia, Mar\u00eda Andr\u00e9s Carmona, para que hiciera el traspaso de la corona y la banda a Eva P\u00e9rez Vidal que, junto al alcalde, desfil\u00f3 y subi\u00f3 al escenario para ser proclamada, ente aplausos, Reina de la Vendimia 2018. Fotogaler\u00eda:\u00a0<\/span><\/p>\n<p class=\"\"><span class=\"\">Al trono tambi\u00e9n subieron las falleras mayores y los presidentes de las dos fallas de Cheste, con sus hom\u00f3logos infantiles, as\u00ed como algunas de las que fueron reinas en a\u00f1os anteriores. Estando el trono completado, fue el momento de los obsequios y las dedicatorias a la reina, que luc\u00eda en el centro visiblemente emocionada.\u00a0<\/span><\/p>\n<p class=\"\"><span class=\"\">El ganador del concurso literario, Andr\u00e9s Francisco Rodr\u00edguez Blanco, tambi\u00e9n tuvo su momento para leer el poema galardonado, \u201cHaikuarelas estacionales\u201d.<\/span><\/p>\n<p class=\"\"><span class=\"\">El acto se cerr\u00f3 con los emotivos discursos de la mantenedora y el alcalde. En primer lugar, fue la joven chestana Noah Hig\u00f3n, estudiante de Derecho y Ciencias Pol\u00edticas,\u00a0 apasionada por la literatura y activista en la lucha por la investigaci\u00f3n de las enfermedades raras, la que recit\u00f3 unas palabras llenas de sentimiento. \u201cQuerida Eva, Noel y Corte de Honor, os hablo desde un futuro cercano; aprended a parar el tiempo, a quitaros el reloj cuando sea necesario, sed los due\u00f1os y due\u00f1as de vuestra vida, sed lo que quer\u00e1is ser siempre que se\u00e1is; disfrutad con toda la intensidad que pod\u00e1is, pues Vendimia s\u00f3lo se es una vez o si me apur\u00e1is dos. Recordad que sois sue\u00f1os hechos realidad, sois el orgullo de representar a un pueblo, sois Vendimia 2018\u201d.<\/span><\/p>\n<p class=\"\"><span class=\"\">El alcalde, Jos\u00e9 Morell, comenz\u00f3 su discurso destacando el centenario de Cooperativa Cheste Agraria, reconociendo el trabajo de los agricultores y el papel de la propia cooperativa como \u201cproyecto de \u00e9xito que ha sido capaz de dar forma a la econom\u00eda chestana\u201d. Morell tambi\u00e9n tuvo unas palabras de agradecimiento para Noah, haciendo hincapi\u00e9 en que \u201cla figura de mantenedor o mantenedora debe ser para alguien que, como ella, sea un ejemplo para la sociedad\u201d.\u00a0<\/span><\/p>\n<p class=\"\"><span class=\"\">Para finalizar con los agradecimientos, el alcalde puso en valor el trabajo de todas las personas que hacen posible las fiestas: Polic\u00eda Local, Protecci\u00f3n Civil, las t\u00e9cnicas municipales implicadas en las fiestas, Bego\u00f1a, Rosario y Angelines, la presentadora del acto, Tal\u00eda Rosell\u00f3, la brigada municipal, el autor del trono, Crist\u00f3bal de la Cruz, y sus colaboradores y colaboradoras, y por \u00faltimo, la concejala de Fiestas, Carmen Delgado, a quien Morell reconoci\u00f3 \u201csu tes\u00f3n, su entrega y su implicaci\u00f3n para que todo salga perfecto siempre\u201d.<\/span><\/p>\n<p class=\"\"><span class=\"\">El alcalde cerr\u00f3 sus discurso con unas palabras dedicadas a las familias. \u201cDeciros que este momento ef\u00edmero contiene todo el pasado y todo el porvenir, y ese es uno de los elementos nucleares de estas fiestas, ese momento en el que veis que vuestros hijos son casi mayores. Gracias por vuestra asistencia y viva la Vendimia 2018\u201d.<\/span><\/p>\n<p class=\"\"><span class=\"\">Como colof\u00f3n final, el cantante local Mario Corber\u00e1n interpret\u00f3 el himno regional, con todo el Liceo puesto en pie.<\/span><\/p>\n<div id='gallery-1' class='gallery galleryid-75362 gallery-columns-3 gallery-size-medium'><figure class='gallery-item'>\n\t\t\t<div class='gallery-icon landscape'>\n\t\t\t\t<a href='https:\/\/www.tucomarca.com\/wordpress\/segunda\/fotogaleria-cheste-celebra-la-presentacion-de-la-reina-de-la-vendimia-2018\/vendimia2018_16-2\/'><img loading=\"lazy\" decoding=\"async\" width=\"300\" height=\"200\" src=\"https:\/\/www.tucomarca.com\/wordpress\/segunda\/wp-content\/uploads\/2018\/10\/Vendimia2018_16-300x200.jpg\" class=\"attachment-medium size-medium\" alt=\"\" srcset=\"https:\/\/www.tucomarca.com\/wordpress\/segunda\/wp-content\/uploads\/2018\/10\/Vendimia2018_16-300x200.jpg 300w, https:\/\/www.tucomarca.com\/wordpress\/segunda\/wp-content\/uploads\/2018\/10\/Vendimia2018_16-768x512.jpg 768w, https:\/\/www.tucomarca.com\/wordpress\/segunda\/wp-content\/uploads\/2018\/10\/Vendimia2018_16-1024x683.jpg 1024w\" sizes=\"auto, (max-width: 300px) 100vw, 300px\" \/><\/a>\n\t\t\t<\/div><\/figure><figure class='gallery-item'>\n\t\t\t<div class='gallery-icon landscape'>\n\t\t\t\t<a href='https:\/\/www.tucomarca.com\/wordpress\/segunda\/fotogaleria-cheste-celebra-la-presentacion-de-la-reina-de-la-vendimia-2018\/vendimia2018_15-2\/'><img loading=\"lazy\" decoding=\"async\" width=\"300\" height=\"200\" src=\"https:\/\/www.tucomarca.com\/wordpress\/segunda\/wp-content\/uploads\/2018\/10\/Vendimia2018_15-300x200.jpg\" class=\"attachment-medium size-medium\" alt=\"\" srcset=\"https:\/\/www.tucomarca.com\/wordpress\/segunda\/wp-content\/uploads\/2018\/10\/Vendimia2018_15-300x200.jpg 300w, https:\/\/www.tucomarca.com\/wordpress\/segunda\/wp-content\/uploads\/2018\/10\/Vendimia2018_15-768x512.jpg 768w, https:\/\/www.tucomarca.com\/wordpress\/segunda\/wp-content\/uploads\/2018\/10\/Vendimia2018_15-1024x683.jpg 1024w\" sizes=\"auto, (max-width: 300px) 100vw, 300px\" \/><\/a>\n\t\t\t<\/div><\/figure><figure class='gallery-item'>\n\t\t\t<div class='gallery-icon landscape'>\n\t\t\t\t<a href='https:\/\/www.tucomarca.com\/wordpress\/segunda\/fotogaleria-cheste-celebra-la-presentacion-de-la-reina-de-la-vendimia-2018\/vendimia2018_14-2\/'><img loading=\"lazy\" decoding=\"async\" width=\"300\" height=\"200\" src=\"https:\/\/www.tucomarca.com\/wordpress\/segunda\/wp-content\/uploads\/2018\/10\/Vendimia2018_14-300x200.jpg\" class=\"attachment-medium size-medium\" alt=\"\" srcset=\"https:\/\/www.tucomarca.com\/wordpress\/segunda\/wp-content\/uploads\/2018\/10\/Vendimia2018_14-300x200.jpg 300w, https:\/\/www.tucomarca.com\/wordpress\/segunda\/wp-content\/uploads\/2018\/10\/Vendimia2018_14-768x512.jpg 768w, https:\/\/www.tucomarca.com\/wordpress\/segunda\/wp-content\/uploads\/2018\/10\/Vendimia2018_14-1024x683.jpg 1024w\" sizes=\"auto, (max-width: 300px) 100vw, 300px\" \/><\/a>\n\t\t\t<\/div><\/figure><figure class='gallery-item'>\n\t\t\t<div class='gallery-icon landscape'>\n\t\t\t\t<a href='https:\/\/www.tucomarca.com\/wordpress\/segunda\/fotogaleria-cheste-celebra-la-presentacion-de-la-reina-de-la-vendimia-2018\/vendimia2018_13-2\/'><img loading=\"lazy\" decoding=\"async\" width=\"300\" height=\"200\" src=\"https:\/\/www.tucomarca.com\/wordpress\/segunda\/wp-content\/uploads\/2018\/10\/Vendimia2018_13-300x200.jpg\" class=\"attachment-medium size-medium\" alt=\"\" srcset=\"https:\/\/www.tucomarca.com\/wordpress\/segunda\/wp-content\/uploads\/2018\/10\/Vendimia2018_13-300x200.jpg 300w, https:\/\/www.tucomarca.com\/wordpress\/segunda\/wp-content\/uploads\/2018\/10\/Vendimia2018_13-768x512.jpg 768w, https:\/\/www.tucomarca.com\/wordpress\/segunda\/wp-content\/uploads\/2018\/10\/Vendimia2018_13-1024x683.jpg 1024w\" sizes=\"auto, (max-width: 300px) 100vw, 300px\" \/><\/a>\n\t\t\t<\/div><\/figure><figure class='gallery-item'>\n\t\t\t<div class='gallery-icon landscape'>\n\t\t\t\t<a href='https:\/\/www.tucomarca.com\/wordpress\/segunda\/fotogaleria-cheste-celebra-la-presentacion-de-la-reina-de-la-vendimia-2018\/vendimia2018_12-2\/'><img loading=\"lazy\" decoding=\"async\" width=\"300\" height=\"200\" src=\"https:\/\/www.tucomarca.com\/wordpress\/segunda\/wp-content\/uploads\/2018\/10\/Vendimia2018_12-300x200.jpg\" class=\"attachment-medium size-medium\" alt=\"\" srcset=\"https:\/\/www.tucomarca.com\/wordpress\/segunda\/wp-content\/uploads\/2018\/10\/Vendimia2018_12-300x200.jpg 300w, https:\/\/www.tucomarca.com\/wordpress\/segunda\/wp-content\/uploads\/2018\/10\/Vendimia2018_12-768x512.jpg 768w, https:\/\/www.tucomarca.com\/wordpress\/segunda\/wp-content\/uploads\/2018\/10\/Vendimia2018_12-1024x683.jpg 1024w\" sizes=\"auto, (max-width: 300px) 100vw, 300px\" \/><\/a>\n\t\t\t<\/div><\/figure><figure class='gallery-item'>\n\t\t\t<div class='gallery-icon landscape'>\n\t\t\t\t<a href='https:\/\/www.tucomarca.com\/wordpress\/segunda\/fotogaleria-cheste-celebra-la-presentacion-de-la-reina-de-la-vendimia-2018\/vendimia2018_11-2\/'><img loading=\"lazy\" decoding=\"async\" width=\"300\" height=\"200\" src=\"https:\/\/www.tucomarca.com\/wordpress\/segunda\/wp-content\/uploads\/2018\/10\/Vendimia2018_11-300x200.jpg\" class=\"attachment-medium size-medium\" alt=\"El pasado s\u00e1bado, 29 de septiembre, el Teatro Liceo, con el aforo completo, acogi\u00f3 la esperada Presentaci\u00f3n de la Reina de la XLV Fiesta de la Vendimia, Eva P\u00e9rez Vidal, y de su corte honor.\" aria-describedby=\"gallery-1-75370\" srcset=\"https:\/\/www.tucomarca.com\/wordpress\/segunda\/wp-content\/uploads\/2018\/10\/Vendimia2018_11-300x200.jpg 300w, https:\/\/www.tucomarca.com\/wordpress\/segunda\/wp-content\/uploads\/2018\/10\/Vendimia2018_11-768x512.jpg 768w, https:\/\/www.tucomarca.com\/wordpress\/segunda\/wp-content\/uploads\/2018\/10\/Vendimia2018_11-1024x683.jpg 1024w\" sizes=\"auto, (max-width: 300px) 100vw, 300px\" \/><\/a>\n\t\t\t<\/div>\n\t\t\t\t<figcaption class='wp-caption-text gallery-caption' id='gallery-1-75370'>\n\t\t\t\tEl pasado s\u00e1bado, 29 de septiembre, el Teatro Liceo, con el aforo completo, acogi\u00f3 la esperada Presentaci\u00f3n de la Reina de la XLV Fiesta de la Vendimia, Eva P\u00e9rez Vidal, y de su corte honor.\n\t\t\t\t<\/figcaption><\/figure><figure class='gallery-item'>\n\t\t\t<div class='gallery-icon landscape'>\n\t\t\t\t<a href='https:\/\/www.tucomarca.com\/wordpress\/segunda\/fotogaleria-cheste-celebra-la-presentacion-de-la-reina-de-la-vendimia-2018\/vendimia2018_10-2\/'><img loading=\"lazy\" decoding=\"async\" width=\"300\" height=\"200\" src=\"https:\/\/www.tucomarca.com\/wordpress\/segunda\/wp-content\/uploads\/2018\/10\/Vendimia2018_10-300x200.jpg\" class=\"attachment-medium size-medium\" alt=\"\" srcset=\"https:\/\/www.tucomarca.com\/wordpress\/segunda\/wp-content\/uploads\/2018\/10\/Vendimia2018_10-300x200.jpg 300w, https:\/\/www.tucomarca.com\/wordpress\/segunda\/wp-content\/uploads\/2018\/10\/Vendimia2018_10-768x512.jpg 768w, https:\/\/www.tucomarca.com\/wordpress\/segunda\/wp-content\/uploads\/2018\/10\/Vendimia2018_10-1024x683.jpg 1024w\" sizes=\"auto, (max-width: 300px) 100vw, 300px\" \/><\/a>\n\t\t\t<\/div><\/figure><figure class='gallery-item'>\n\t\t\t<div class='gallery-icon landscape'>\n\t\t\t\t<a href='https:\/\/www.tucomarca.com\/wordpress\/segunda\/fotogaleria-cheste-celebra-la-presentacion-de-la-reina-de-la-vendimia-2018\/vendimia2018_9-2\/'><img loading=\"lazy\" decoding=\"async\" width=\"300\" height=\"200\" src=\"https:\/\/www.tucomarca.com\/wordpress\/segunda\/wp-content\/uploads\/2018\/10\/Vendimia2018_9-300x200.jpg\" class=\"attachment-medium size-medium\" alt=\"\" srcset=\"https:\/\/www.tucomarca.com\/wordpress\/segunda\/wp-content\/uploads\/2018\/10\/Vendimia2018_9-300x200.jpg 300w, https:\/\/www.tucomarca.com\/wordpress\/segunda\/wp-content\/uploads\/2018\/10\/Vendimia2018_9-768x512.jpg 768w, https:\/\/www.tucomarca.com\/wordpress\/segunda\/wp-content\/uploads\/2018\/10\/Vendimia2018_9-1024x683.jpg 1024w\" sizes=\"auto, (max-width: 300px) 100vw, 300px\" \/><\/a>\n\t\t\t<\/div><\/figure><figure class='gallery-item'>\n\t\t\t<div class='gallery-icon landscape'>\n\t\t\t\t<a href='https:\/\/www.tucomarca.com\/wordpress\/segunda\/fotogaleria-cheste-celebra-la-presentacion-de-la-reina-de-la-vendimia-2018\/vendimia2018_8-2\/'><img loading=\"lazy\" decoding=\"async\" width=\"300\" height=\"200\" src=\"https:\/\/www.tucomarca.com\/wordpress\/segunda\/wp-content\/uploads\/2018\/10\/Vendimia2018_8-300x200.jpg\" class=\"attachment-medium size-medium\" alt=\"\" srcset=\"https:\/\/www.tucomarca.com\/wordpress\/segunda\/wp-content\/uploads\/2018\/10\/Vendimia2018_8-300x200.jpg 300w, https:\/\/www.tucomarca.com\/wordpress\/segunda\/wp-content\/uploads\/2018\/10\/Vendimia2018_8-768x512.jpg 768w, https:\/\/www.tucomarca.com\/wordpress\/segunda\/wp-content\/uploads\/2018\/10\/Vendimia2018_8-1024x683.jpg 1024w\" sizes=\"auto, (max-width: 300px) 100vw, 300px\" \/><\/a>\n\t\t\t<\/div><\/figure>\n\t\t<\/div>\n\n","protected":false},"excerpt":{"rendered":"<div class=\"mh-excerpt\">El pasado s\u00e1bado, 29 de septiembre, el Teatro Liceo, con el aforo completo, acogi\u00f3 la esperada Presentaci\u00f3n de la Reina de la XLV Fiesta de la Vendimia, Eva P\u00e9rez Vidal, y de su corte honor. <a class=\"mh-excerpt-more\" href=\"https:\/\/www.tucomarca.com\/wordpress\/segunda\/fotogaleria-cheste-celebra-la-presentacion-de-la-reina-de-la-vendimia-2018\/\" title=\"Fotogaler\u00eda: Cheste celebra la presentaci\u00f3n de la Reina de la Vendimia 2018\">[+] <\/a><\/div>\n","protected":false},"author":1,"featured_media":75370,"comment_status":"open","ping_status":"open","sticky":false,"template":"","format":"standard","meta":{"footnotes":""},"categories":[17,10,5,383,3,45],"tags":[339,5952],"class_list":{"0":"post-75362","1":"post","2":"type-post","3":"status-publish","4":"format-standard","5":"has-post-thumbnail","7":"category-cheste","8":"category-la-hoya","9":"category-la-semana-en-imagenes","10":"category-pueblos-en-fiestas","11":"category-seccion","12":"category-ventana","13":"tag-cheste-2","14":"tag-la-hoya-de-bunol-chiva"},"_links":{"self":[{"href":"https:\/\/www.tucomarca.com\/wordpress\/segunda\/wp-json\/wp\/v2\/posts\/75362","targetHints":{"allow":["GET"]}}],"collection":[{"href":"https:\/\/www.tucomarca.com\/wordpress\/segunda\/wp-json\/wp\/v2\/posts"}],"about":[{"href":"https:\/\/www.tucomarca.com\/wordpress\/segunda\/wp-json\/wp\/v2\/types\/post"}],"author":[{"embeddable":true,"href":"https:\/\/www.tucomarca.com\/wordpress\/segunda\/wp-json\/wp\/v2\/users\/1"}],"replies":[{"embeddable":true,"href":"https:\/\/www.tucomarca.com\/wordpress\/segunda\/wp-json\/wp\/v2\/comments?post=75362"}],"version-history":[{"count":0,"href":"https:\/\/www.tucomarca.com\/wordpress\/segunda\/wp-json\/wp\/v2\/posts\/75362\/revisions"}],"wp:featuredmedia":[{"embeddable":true,"href":"https:\/\/www.tucomarca.com\/wordpress\/segunda\/wp-json\/wp\/v2\/media\/75370"}],"wp:attachment":[{"href":"https:\/\/www.tucomarca.com\/wordpress\/segunda\/wp-json\/wp\/v2\/media?parent=75362"}],"wp:term":[{"taxonomy":"category","embeddable":true,"href":"https:\/\/www.tucomarca.com\/wordpress\/segunda\/wp-json\/wp\/v2\/categories?post=75362"},{"taxonomy":"post_tag","embeddable":true,"href":"https:\/\/www.tucomarca.com\/wordpress\/segunda\/wp-json\/wp\/v2\/tags?post=75362"}],"curies":[{"name":"wp","href":"https:\/\/api.w.org\/{rel}","templated":true}]}}