{"id":75440,"date":"2018-10-04T01:13:55","date_gmt":"2018-10-03T23:13:55","guid":{"rendered":"http:\/\/www.tucomarca.com\/wordpress\/segunda\/?p=75440"},"modified":"2018-10-04T01:13:55","modified_gmt":"2018-10-03T23:13:55","slug":"jose-antonio-murgui-presenta-sus-novelas-en-san-antonio-de-benageber","status":"publish","type":"post","link":"https:\/\/www.tucomarca.com\/wordpress\/segunda\/jose-antonio-murgui-presenta-sus-novelas-en-san-antonio-de-benageber\/","title":{"rendered":"Jos\u00e9 Antonio Murgui presenta sus novelas en San Antonio de Benag\u00e9ber"},"content":{"rendered":"<div dir=\"ltr\">\n<figure id=\"attachment_75441\" aria-describedby=\"caption-attachment-75441\" style=\"width: 358px\" class=\"wp-caption alignleft\"><img loading=\"lazy\" decoding=\"async\" class=\" wp-image-75441\" src=\"https:\/\/www.tucomarca.com\/wordpress\/segunda\/wp-content\/uploads\/2018\/10\/MurguiBenageber-e1538607840954.jpg\" alt=\"Presentaci\u00f3n de los libros de Murgui en San Antonio de Benag\u00e9ber.\" width=\"358\" height=\"478\" srcset=\"https:\/\/www.tucomarca.com\/wordpress\/segunda\/wp-content\/uploads\/2018\/10\/MurguiBenageber-e1538607840954.jpg 3024w, https:\/\/www.tucomarca.com\/wordpress\/segunda\/wp-content\/uploads\/2018\/10\/MurguiBenageber-e1538607840954-225x300.jpg 225w, https:\/\/www.tucomarca.com\/wordpress\/segunda\/wp-content\/uploads\/2018\/10\/MurguiBenageber-e1538607840954-768x1024.jpg 768w, https:\/\/www.tucomarca.com\/wordpress\/segunda\/wp-content\/uploads\/2018\/10\/MurguiBenageber-e1538607840954-1024x1365.jpg 1024w\" sizes=\"auto, (max-width: 358px) 100vw, 358px\" \/><figcaption id=\"caption-attachment-75441\" class=\"wp-caption-text\">Kike Celda y el autor en la presentaci\u00f3n de los libros en San Antonio de Benag\u00e9ber.<\/figcaption><\/figure>\n<p>San Antonio de Benag\u00e9ber ha acogido la presentaci\u00f3n de las dos novelas del escritor valenciano natural de La Pobla Llarga, Jos\u00e9 Antonio Murgui.<\/p>\n<\/div>\n<div dir=\"ltr\">Un acto presentado por vicesecretario del Partido Popular en el municipio, Kike Celda Gallud, y que cont\u00f3 con la asistencia de numerosos representantes pol\u00edticos de la direcci\u00f3n local del partido y de vecinos de San Antonio y de la comarca del Camp del T\u00faria.<\/div>\n<div dir=\"ltr\">\n<div><\/div>\n<div>Asimismo, el concejal del Ayuntamiento de Benaguasil Stephane Soriano quien tambi\u00e9n asisti\u00f3 al evento y apoy\u00f3 al autor.<\/div>\n<div><\/div>\n<div>Durante el acto se presentaron las novelas \u00abDual, la psicosis tiene doble direcci\u00f3n\u00bb y \u00abSolo es el fin de la soledad\u00bb, ambas pertenecientes a una saga que se encuadran en el g\u00e9nero de novela polic\u00edaca con ciertos tonos de novela negra. Para Murgui (licenciado en Derecho y experto en tributario),\u00a0se trata de \u00abun thriller que combina el suspense con la acci\u00f3n policial y un toque de inmersi\u00f3n en la mente humana\u00bb.<\/div>\n<div><\/div>\n<div>La primera versa sobre unos asesinatos acaecidos en Valencia en 2013, en plenas Fallas. En el segundo libro adquieren m\u00e1s protagonismo las tramas y los personajes. El autor introdujo un protagonista basado en el subinspector de Polic\u00eda asesinado en Valencia en 2017, Blas G\u00f3mez, como homenaje a su dedicaci\u00f3n y vida de servicio.<\/div>\n<\/div>\n","protected":false},"excerpt":{"rendered":"<div class=\"mh-excerpt\">San Antonio de Benag\u00e9ber ha acogido la presentaci\u00f3n de las dos novelas del escritor valenciano natural de La Pobla Llarga, Jos\u00e9 Antonio Murgui. Un acto presentado por vicesecretario del Partido Popular en el municipio, Kike <a class=\"mh-excerpt-more\" href=\"https:\/\/www.tucomarca.com\/wordpress\/segunda\/jose-antonio-murgui-presenta-sus-novelas-en-san-antonio-de-benageber\/\" title=\"Jos\u00e9 Antonio Murgui presenta sus novelas en San Antonio de Benag\u00e9ber\">[+] <\/a><\/div>\n","protected":false},"author":1,"featured_media":75441,"comment_status":"open","ping_status":"open","sticky":false,"template":"","format":"standard","meta":{"footnotes":""},"categories":[46,8,7,183,3],"tags":[10395],"class_list":{"0":"post-75440","1":"post","2":"type-post","3":"status-publish","4":"format-standard","5":"has-post-thumbnail","7":"category-camp-de-turia","8":"category-la-comarca","9":"category-ocio-y-cultura","10":"category-san-antonio-de-benageber","11":"category-seccion","12":"tag-camp-de-turia"},"_links":{"self":[{"href":"https:\/\/www.tucomarca.com\/wordpress\/segunda\/wp-json\/wp\/v2\/posts\/75440","targetHints":{"allow":["GET"]}}],"collection":[{"href":"https:\/\/www.tucomarca.com\/wordpress\/segunda\/wp-json\/wp\/v2\/posts"}],"about":[{"href":"https:\/\/www.tucomarca.com\/wordpress\/segunda\/wp-json\/wp\/v2\/types\/post"}],"author":[{"embeddable":true,"href":"https:\/\/www.tucomarca.com\/wordpress\/segunda\/wp-json\/wp\/v2\/users\/1"}],"replies":[{"embeddable":true,"href":"https:\/\/www.tucomarca.com\/wordpress\/segunda\/wp-json\/wp\/v2\/comments?post=75440"}],"version-history":[{"count":0,"href":"https:\/\/www.tucomarca.com\/wordpress\/segunda\/wp-json\/wp\/v2\/posts\/75440\/revisions"}],"wp:featuredmedia":[{"embeddable":true,"href":"https:\/\/www.tucomarca.com\/wordpress\/segunda\/wp-json\/wp\/v2\/media\/75441"}],"wp:attachment":[{"href":"https:\/\/www.tucomarca.com\/wordpress\/segunda\/wp-json\/wp\/v2\/media?parent=75440"}],"wp:term":[{"taxonomy":"category","embeddable":true,"href":"https:\/\/www.tucomarca.com\/wordpress\/segunda\/wp-json\/wp\/v2\/categories?post=75440"},{"taxonomy":"post_tag","embeddable":true,"href":"https:\/\/www.tucomarca.com\/wordpress\/segunda\/wp-json\/wp\/v2\/tags?post=75440"}],"curies":[{"name":"wp","href":"https:\/\/api.w.org\/{rel}","templated":true}]}}