{"id":75498,"date":"2018-10-05T20:53:19","date_gmt":"2018-10-05T18:53:19","guid":{"rendered":"http:\/\/www.tucomarca.com\/wordpress\/segunda\/?p=75498"},"modified":"2019-10-08T04:11:31","modified_gmt":"2019-10-08T02:11:31","slug":"el-psoe-multiplica-las-inversiones-por-6-y-el-gasto-corriente-por-3-en-las-aldeas-de-requena","status":"publish","type":"post","link":"https:\/\/www.tucomarca.com\/wordpress\/segunda\/el-psoe-multiplica-las-inversiones-por-6-y-el-gasto-corriente-por-3-en-las-aldeas-de-requena\/","title":{"rendered":"El PSOE multiplica las inversiones por 6 y el gasto corriente por 3 en las aldeas de Requena"},"content":{"rendered":"<figure id=\"attachment_75499\" aria-describedby=\"caption-attachment-75499\" style=\"width: 448px\" class=\"wp-caption alignleft\"><img loading=\"lazy\" decoding=\"async\" class=\" wp-image-75499\" src=\"https:\/\/www.tucomarca.com\/wordpress\/segunda\/wp-content\/uploads\/2018\/10\/aldeasRequena.jpg\" alt=\"Para el PSOE, Requena es tanto el n\u00facleo urbano como las 25 aldeas.\" width=\"448\" height=\"597\" srcset=\"https:\/\/www.tucomarca.com\/wordpress\/segunda\/wp-content\/uploads\/2018\/10\/aldeasRequena.jpg 1200w, https:\/\/www.tucomarca.com\/wordpress\/segunda\/wp-content\/uploads\/2018\/10\/aldeasRequena-225x300.jpg 225w, https:\/\/www.tucomarca.com\/wordpress\/segunda\/wp-content\/uploads\/2018\/10\/aldeasRequena-768x1024.jpg 768w, https:\/\/www.tucomarca.com\/wordpress\/segunda\/wp-content\/uploads\/2018\/10\/aldeasRequena-1024x1365.jpg 1024w\" sizes=\"auto, (max-width: 448px) 100vw, 448px\" \/><figcaption id=\"caption-attachment-75499\" class=\"wp-caption-text\">Para el PSOE, Requena es tanto el n\u00facleo urbano como las 25 aldeas.<\/figcaption><\/figure>\n<p>\u00abEl equipo de gobierno socialista del Ayuntamiento de Requena considera de vital importancia las aldeas del t\u00e9rmino municipal y, por ello, trabaja a diario para que \u00e9stas mantengan el estado, las inversiones y las instalaciones que merecen\u00bb, seg\u00fan han informado desde el PSPV-PSOE.<\/p>\n<p>\u00abA nivel de inversiones, en estos cuatro a\u00f1os han sido 6 veces superiores a las de la etapa en la que gobernaba el PP. Por ejemplo, hace pocas semanas se terminaron las obras de adecuaci\u00f3n del centro social y pista deportivo de Los Isidros; y ahora se est\u00e1n terminando las obras de sustituci\u00f3n de la cubierta y adecuaci\u00f3n del centro social de Los Pedrones\u00bb.<\/p>\n<p>\u00abDel mismo modo, en pocos d\u00edas se empezar\u00e1 a reparar la cubierta del consultorio m\u00e9dico de Campo Arc\u00eds, donde se pondr\u00e1 a disposici\u00f3n de los usuarios un transporte para que se puedan desplazar sin coste alguno mientras duran las obras, pese a los intentos de algunos por intoxicar el ambiente y ensuciar una actuaci\u00f3n que llevaba muchos a\u00f1os reclam\u00e1ndose\u00bb.<\/p>\n<p>\u00abAdem\u00e1s, en unas pocas semanas, se realizar\u00e1 un plan de asfaltado y reparaci\u00f3n de caminos en 14 aldeas de Requena. A lo que hay que sumar el proyecto integral de acondicionamiento de la carretera de la Vega, despu\u00e9s de a\u00f1os de dimes y diretes sobre la propiedad de la misma\u00bb.<\/p>\n<p>\u201cToda inversi\u00f3n es poca cuando hablamos de nuestras aldeas. Y esto es s\u00f3lo una peque\u00f1a muestra de lo que hemos hecho y de lo que est\u00e1 por llegar\u201d, ha subrayado el alcalde de Requena, Mario S\u00e1nchez.<\/p>\n<p>En cualquier caso, S\u00e1nchez ha se\u00f1alado que \u201cm\u00e1s importante que hacer las cosas es mantenerlas\u201d. Por ello, el equipo de gobierno socialista ha puesto en marcha por primera vez en la historia la Brigada de limpieza exclusiva de aldeas, que se ver\u00e1 ampliada en diciembre cuando se vuelva a licitar el contrato.<\/p>\n<p>Todas estas actuaciones \u00abponen de manifiesto el protagonismo que el equipo de gobierno socialista concede a las pedan\u00edas, ya que, para el PSOE, Requena es tanto el n\u00facleo urbano como las 25 aldeas\u00bb.<\/p>\n","protected":false},"excerpt":{"rendered":"<div class=\"mh-excerpt\">\u00abEl equipo de gobierno socialista del Ayuntamiento de Requena considera de vital importancia las aldeas del t\u00e9rmino municipal y, por ello, trabaja a diario para que \u00e9stas mantengan el estado, las inversiones y las instalaciones <a class=\"mh-excerpt-more\" href=\"https:\/\/www.tucomarca.com\/wordpress\/segunda\/el-psoe-multiplica-las-inversiones-por-6-y-el-gasto-corriente-por-3-en-las-aldeas-de-requena\/\" title=\"El PSOE multiplica las inversiones por 6 y el gasto corriente por 3 en las aldeas de Requena\">[+] <\/a><\/div>\n","protected":false},"author":1,"featured_media":75500,"comment_status":"open","ping_status":"open","sticky":false,"template":"","format":"standard","meta":{"footnotes":""},"categories":[128,8,142,28,27,3,45],"tags":[10387],"class_list":{"0":"post-75498","1":"post","2":"type-post","3":"status-publish","4":"format-standard","5":"has-post-thumbnail","7":"category-infraestructuras","8":"category-la-comarca","9":"category-politica-la-comarca","10":"category-requena","11":"category-requena-utiel","12":"category-seccion","13":"category-ventana","14":"tag-requena-utiel"},"_links":{"self":[{"href":"https:\/\/www.tucomarca.com\/wordpress\/segunda\/wp-json\/wp\/v2\/posts\/75498","targetHints":{"allow":["GET"]}}],"collection":[{"href":"https:\/\/www.tucomarca.com\/wordpress\/segunda\/wp-json\/wp\/v2\/posts"}],"about":[{"href":"https:\/\/www.tucomarca.com\/wordpress\/segunda\/wp-json\/wp\/v2\/types\/post"}],"author":[{"embeddable":true,"href":"https:\/\/www.tucomarca.com\/wordpress\/segunda\/wp-json\/wp\/v2\/users\/1"}],"replies":[{"embeddable":true,"href":"https:\/\/www.tucomarca.com\/wordpress\/segunda\/wp-json\/wp\/v2\/comments?post=75498"}],"version-history":[{"count":0,"href":"https:\/\/www.tucomarca.com\/wordpress\/segunda\/wp-json\/wp\/v2\/posts\/75498\/revisions"}],"wp:featuredmedia":[{"embeddable":true,"href":"https:\/\/www.tucomarca.com\/wordpress\/segunda\/wp-json\/wp\/v2\/media\/75500"}],"wp:attachment":[{"href":"https:\/\/www.tucomarca.com\/wordpress\/segunda\/wp-json\/wp\/v2\/media?parent=75498"}],"wp:term":[{"taxonomy":"category","embeddable":true,"href":"https:\/\/www.tucomarca.com\/wordpress\/segunda\/wp-json\/wp\/v2\/categories?post=75498"},{"taxonomy":"post_tag","embeddable":true,"href":"https:\/\/www.tucomarca.com\/wordpress\/segunda\/wp-json\/wp\/v2\/tags?post=75498"}],"curies":[{"name":"wp","href":"https:\/\/api.w.org\/{rel}","templated":true}]}}