{"id":75508,"date":"2018-10-05T21:08:39","date_gmt":"2018-10-05T19:08:39","guid":{"rendered":"http:\/\/www.tucomarca.com\/wordpress\/segunda\/?p=75508"},"modified":"2018-10-05T21:08:39","modified_gmt":"2018-10-05T19:08:39","slug":"los-premios-viles-en-flor-reconocen-a-14-municipios-de-valencia-por-mejorar-sus-espacios-verdes","status":"publish","type":"post","link":"https:\/\/www.tucomarca.com\/wordpress\/segunda\/los-premios-viles-en-flor-reconocen-a-14-municipios-de-valencia-por-mejorar-sus-espacios-verdes\/","title":{"rendered":"Los premios Viles en Flor reconocen a 14 municipios de Val\u00e8ncia por mejorar sus espacios verdes"},"content":{"rendered":"<figure id=\"attachment_75509\" aria-describedby=\"caption-attachment-75509\" style=\"width: 656px\" class=\"wp-caption alignleft\"><img loading=\"lazy\" decoding=\"async\" class=\" wp-image-75509\" src=\"https:\/\/www.tucomarca.com\/wordpress\/segunda\/wp-content\/uploads\/2018\/10\/BortViles.jpg\" alt=\"La asociaci\u00f3n ASFPLANT ha premiado en total 17 municipios de la Comunidad Valenciana para potenciar sus espacios verdes y gestionarlos de manera m\u00e1s sostenible.\" width=\"656\" height=\"423\" srcset=\"https:\/\/www.tucomarca.com\/wordpress\/segunda\/wp-content\/uploads\/2018\/10\/BortViles.jpg 4032w, https:\/\/www.tucomarca.com\/wordpress\/segunda\/wp-content\/uploads\/2018\/10\/BortViles-300x194.jpg 300w, https:\/\/www.tucomarca.com\/wordpress\/segunda\/wp-content\/uploads\/2018\/10\/BortViles-768x496.jpg 768w, https:\/\/www.tucomarca.com\/wordpress\/segunda\/wp-content\/uploads\/2018\/10\/BortViles-1024x661.jpg 1024w\" sizes=\"auto, (max-width: 656px) 100vw, 656px\" \/><figcaption id=\"caption-attachment-75509\" class=\"wp-caption-text\">La asociaci\u00f3n ASFPLANT ha premiado en total 17 municipios de la Comunidad Valenciana para potenciar sus espacios verdes y gestionarlos de manera m\u00e1s sostenible.<\/figcaption><\/figure>\n<p>Los premios 2018 del proyecto Vilas en Flor, que se han entregado en la \u00c1gora de Feria de Valencia en una ceremonia a la que ha asistido el diputado de Medio Ambiente, Josep Bort, han reconocido el trabajo de 14 municipios de las comarcas de Val\u00e8ncia para potenciar la gesti\u00f3n sostenible de sus espacios verdes y la educaci\u00f3n ambiental de sus vecinos y vecinas.<\/p>\n<p>El diputado Josep Bort ha agradecido el trabajo realizado por la asociaci\u00f3n ASFPLANT y ha subrayado que \u201cesta iniciativa es una gran oportunidad para aquellos municipios que quieren hacer de la gesti\u00f3n sostenible del verde urbano un elemento diferencial para mejorar la calidad de vida de sus vecinos, a la vez que mejoran su atractivo para los visitantes\u201d.<\/p>\n<p>Los premios Viles en Flor de 2018 han reconocido la tarea de protecci\u00f3n y promoci\u00f3n de los espacios verdes de un total de 17 municipios de toda la Comunitat Valenciana, 14 de ellos pertenecientes a la provincia de Val\u00e8ncia. Las localidades de las comarcas de Val\u00e8ncia que han recibido este galard\u00f3n son Alginet, Tavernes Blanques, Pedralba, Almussafes, Carlet, l&#8217;Alc\u00fadia, Alzira, Tavernes de la Valldigna, Sot de Chera, Picanya, Aras de los Olmos, Alaqu\u00e0s, Quart de Poblet y Torrent.<\/p>\n<p>El programa Viles en Flor, que cuenta con el apoyo del \u00e1rea de Medio Ambiente de la Diputaci\u00f3 y est\u00e1 organizado por la Asociaci\u00f3n Profesional de Flores, Plantas y Tecnolog\u00eda Hort\u00edcola de la Comunitat Valenciana (ASFPLANT), promueve el desarrollo sostenible de la infraestructura verde urbana.<\/p>\n<p>El programa, adem\u00e1s, concede unos galardones anuales que premian la implicaci\u00f3n de los participantes en la potenciaci\u00f3n de los espacios verdes, la gesti\u00f3n sostenible de los mismos y tambi\u00e9n la educaci\u00f3n ambiental de la ciudadan\u00eda. Estos premios, adem\u00e1s, tienen el objetivo de incentivar la participaci\u00f3n de los municipios y la gesti\u00f3n sostenible de estos espacios urbanos.<\/p>\n<p><strong>Un programa con una trayectoria amplia y consolidada<\/strong><\/p>\n<p>En Espa\u00f1a, Catalu\u00f1a fue la primera al incluir en 2012 este programa en la agenda de sus municipios con el nombre Viles Florides. Actualmente, la versi\u00f3n catalana de este concurso floral suma m\u00e1s de 120 municipios.<\/p>\n<p>Adem\u00e1s, en el entorno internacional existen antecedentes que inspiran la iniciativa espa\u00f1ola, como el <em>Villes te Villages Feluris<\/em> de Francia, creado en 1959 y que ha servido de referente para el resto de proyectos posteriores, los <em>Comuni Fioriti<\/em> de Italia, los <em>Britain in Bloom<\/em> de Reino Unido, el <em>Tidy Towns<\/em> de Irlanda o las <em>Communities in Bloom<\/em> de Canad\u00e1, a la otra parte del Atl\u00e1ntico.<\/p>\n","protected":false},"excerpt":{"rendered":"<div class=\"mh-excerpt\">Los premios 2018 del proyecto Vilas en Flor, que se han entregado en la \u00c1gora de Feria de Valencia en una ceremonia a la que ha asistido el diputado de Medio Ambiente, Josep Bort, han <a class=\"mh-excerpt-more\" href=\"https:\/\/www.tucomarca.com\/wordpress\/segunda\/los-premios-viles-en-flor-reconocen-a-14-municipios-de-valencia-por-mejorar-sus-espacios-verdes\/\" title=\"Los premios Viles en Flor reconocen a 14 municipios de Val\u00e8ncia por mejorar sus espacios verdes\">[+] <\/a><\/div>\n","protected":false},"author":1,"featured_media":75509,"comment_status":"open","ping_status":"open","sticky":false,"template":"","format":"standard","meta":{"footnotes":""},"categories":[69,101,291,292,8,42,59,117,196,142,3,197,45],"tags":[3640,10400],"class_list":{"0":"post-75508","1":"post","2":"type-post","3":"status-publish","4":"format-standard","5":"has-post-thumbnail","7":"category-alzira","8":"category-aras-de-olmos","9":"category-carlet","10":"category-lalcudia","11":"category-la-comarca","12":"category-la-ribera","13":"category-los-serranos","14":"category-medio-ambiente-la-comarca","15":"category-pedralba","16":"category-politica-la-comarca","17":"category-seccion","18":"category-sot-de-chera","19":"category-ventana","20":"tag-la-ribera-alta","21":"tag-los-serranos"},"_links":{"self":[{"href":"https:\/\/www.tucomarca.com\/wordpress\/segunda\/wp-json\/wp\/v2\/posts\/75508","targetHints":{"allow":["GET"]}}],"collection":[{"href":"https:\/\/www.tucomarca.com\/wordpress\/segunda\/wp-json\/wp\/v2\/posts"}],"about":[{"href":"https:\/\/www.tucomarca.com\/wordpress\/segunda\/wp-json\/wp\/v2\/types\/post"}],"author":[{"embeddable":true,"href":"https:\/\/www.tucomarca.com\/wordpress\/segunda\/wp-json\/wp\/v2\/users\/1"}],"replies":[{"embeddable":true,"href":"https:\/\/www.tucomarca.com\/wordpress\/segunda\/wp-json\/wp\/v2\/comments?post=75508"}],"version-history":[{"count":0,"href":"https:\/\/www.tucomarca.com\/wordpress\/segunda\/wp-json\/wp\/v2\/posts\/75508\/revisions"}],"wp:featuredmedia":[{"embeddable":true,"href":"https:\/\/www.tucomarca.com\/wordpress\/segunda\/wp-json\/wp\/v2\/media\/75509"}],"wp:attachment":[{"href":"https:\/\/www.tucomarca.com\/wordpress\/segunda\/wp-json\/wp\/v2\/media?parent=75508"}],"wp:term":[{"taxonomy":"category","embeddable":true,"href":"https:\/\/www.tucomarca.com\/wordpress\/segunda\/wp-json\/wp\/v2\/categories?post=75508"},{"taxonomy":"post_tag","embeddable":true,"href":"https:\/\/www.tucomarca.com\/wordpress\/segunda\/wp-json\/wp\/v2\/tags?post=75508"}],"curies":[{"name":"wp","href":"https:\/\/api.w.org\/{rel}","templated":true}]}}