{"id":75743,"date":"2018-10-09T11:34:41","date_gmt":"2018-10-09T09:34:41","guid":{"rendered":"http:\/\/www.tucomarca.com\/wordpress\/segunda\/?p=75743"},"modified":"2018-10-09T11:34:41","modified_gmt":"2018-10-09T09:34:41","slug":"articulo-9-de-octubre-del-presidente-de-la-generalitat-ximo-puig-la-oportunidad-valenciana","status":"publish","type":"post","link":"https:\/\/www.tucomarca.com\/wordpress\/segunda\/articulo-9-de-octubre-del-presidente-de-la-generalitat-ximo-puig-la-oportunidad-valenciana\/","title":{"rendered":"Art\u00edculo 9 de Octubre del Presidente de la Generalitat, Ximo Puig: \u00abLa Oportunidad valenciana\u00bb"},"content":{"rendered":"<figure id=\"attachment_75737\" aria-describedby=\"caption-attachment-75737\" style=\"width: 327px\" class=\"wp-caption alignleft\"><img loading=\"lazy\" decoding=\"async\" class=\" wp-image-75737\" src=\"https:\/\/www.tucomarca.com\/wordpress\/segunda\/wp-content\/uploads\/2018\/10\/XIMOPUIG2.jpg\" alt=\"El President de la Generalitat, Ximo Puig.\" width=\"327\" height=\"412\" srcset=\"https:\/\/www.tucomarca.com\/wordpress\/segunda\/wp-content\/uploads\/2018\/10\/XIMOPUIG2.jpg 726w, https:\/\/www.tucomarca.com\/wordpress\/segunda\/wp-content\/uploads\/2018\/10\/XIMOPUIG2-238x300.jpg 238w\" sizes=\"auto, (max-width: 327px) 100vw, 327px\" \/><figcaption id=\"caption-attachment-75737\" class=\"wp-caption-text\">El President de la Generalitat, Ximo Puig.<\/figcaption><\/figure>\n<p>El 9 de Octubre es la convivencia de ra\u00edces y futuro. Un d\u00eda que se\u00f1ala la fundaci\u00f3n de un pueblo hist\u00f3rico, diverso y plural que los \u00faltimos a\u00f1os ha demostrado la capacidad de unirse sin caer en el t\u00f3pico regionalismo ni en la uniformidad.<\/p>\n<p>Desde esa ciudadan\u00eda compartida, si hacemos un balance riguroso de la tarea hecha, podemos concluir, pese a lo que queda por hacer, que la Comunidad Valenciana est\u00e1 hoy mejor.<\/p>\n<p>Ha cambiado el paradigma valenciano.<\/p>\n<p>De la corrupci\u00f3n a la solidaridad. De la par\u00e1lisis en el desarrollo. De la exclusi\u00f3n a la igualdad. Ese es el renacimiento valenciano que ha comenzado.<\/p>\n<p>El m\u00e9rito de estos hechos no corresponde al Consejo; es el producto de la ambici\u00f3n compartida. El papel de la Generalitat ha sido establecer un marco de confianza. Un marco de estabilidad, de honradez y di\u00e1logo fundamental para propiciar la esperanza. Es el momento valenciano. Ahora, m\u00e1s que una fotograf\u00eda fija, es una oportunidad.<\/p>\n<p>Nadie nunca nos ha regalado nada, ha sido el esfuerzo inmenso para superar las dificultades lo que lo ha hecho posible. Ha sido la rebeld\u00eda del pueblo valenciano frente las injusticias, la resiliencia para dar la vuelta a los peores indicadores a pesar de la invisibilidad discriminatoria.<\/p>\n<p>Y, para hacer del momento valenciano la oportunidad valenciana, proponga un nuevo contrato social con tres ideas: un desarrollo sostenible para conseguir una econom\u00eda de salarios dignos, la igualdad de derechos y de oportunidades y la defensa de los valores democr\u00e1ticos frente a la regresi\u00f3n incitada por los populismos conservadores.<\/p>\n<p>Se trata de la determinaci\u00f3n para contestar anticipadamente los retos cuando estamos consiguiendo cambiar el presente.<\/p>\n","protected":false},"excerpt":{"rendered":"<div class=\"mh-excerpt\">El 9 de Octubre es la convivencia de ra\u00edces y futuro. Un d\u00eda que se\u00f1ala la fundaci\u00f3n de un pueblo hist\u00f3rico, diverso y plural que los \u00faltimos a\u00f1os ha demostrado la capacidad de unirse sin <a class=\"mh-excerpt-more\" href=\"https:\/\/www.tucomarca.com\/wordpress\/segunda\/articulo-9-de-octubre-del-presidente-de-la-generalitat-ximo-puig-la-oportunidad-valenciana\/\" title=\"Art\u00edculo 9 de Octubre del Presidente de la Generalitat, Ximo Puig: \u00abLa Oportunidad valenciana\u00bb\">[+] <\/a><\/div>\n","protected":false},"author":1,"featured_media":75740,"comment_status":"open","ping_status":"open","sticky":false,"template":"","format":"standard","meta":{"footnotes":""},"categories":[128,8,72,142,3,45],"tags":[5944],"class_list":{"0":"post-75743","1":"post","2":"type-post","3":"status-publish","4":"format-standard","5":"has-post-thumbnail","7":"category-infraestructuras","8":"category-la-comarca","9":"category-sin-categorizar","10":"category-politica-la-comarca","11":"category-seccion","12":"category-ventana","13":"tag-9-doctubre"},"_links":{"self":[{"href":"https:\/\/www.tucomarca.com\/wordpress\/segunda\/wp-json\/wp\/v2\/posts\/75743","targetHints":{"allow":["GET"]}}],"collection":[{"href":"https:\/\/www.tucomarca.com\/wordpress\/segunda\/wp-json\/wp\/v2\/posts"}],"about":[{"href":"https:\/\/www.tucomarca.com\/wordpress\/segunda\/wp-json\/wp\/v2\/types\/post"}],"author":[{"embeddable":true,"href":"https:\/\/www.tucomarca.com\/wordpress\/segunda\/wp-json\/wp\/v2\/users\/1"}],"replies":[{"embeddable":true,"href":"https:\/\/www.tucomarca.com\/wordpress\/segunda\/wp-json\/wp\/v2\/comments?post=75743"}],"version-history":[{"count":0,"href":"https:\/\/www.tucomarca.com\/wordpress\/segunda\/wp-json\/wp\/v2\/posts\/75743\/revisions"}],"wp:featuredmedia":[{"embeddable":true,"href":"https:\/\/www.tucomarca.com\/wordpress\/segunda\/wp-json\/wp\/v2\/media\/75740"}],"wp:attachment":[{"href":"https:\/\/www.tucomarca.com\/wordpress\/segunda\/wp-json\/wp\/v2\/media?parent=75743"}],"wp:term":[{"taxonomy":"category","embeddable":true,"href":"https:\/\/www.tucomarca.com\/wordpress\/segunda\/wp-json\/wp\/v2\/categories?post=75743"},{"taxonomy":"post_tag","embeddable":true,"href":"https:\/\/www.tucomarca.com\/wordpress\/segunda\/wp-json\/wp\/v2\/tags?post=75743"}],"curies":[{"name":"wp","href":"https:\/\/api.w.org\/{rel}","templated":true}]}}