{"id":7576,"date":"2012-10-01T11:13:03","date_gmt":"2012-10-01T09:13:03","guid":{"rendered":"http:\/\/www.tucomarca.com\/wordpress\/segunda\/?p=7576"},"modified":"2012-10-01T11:49:26","modified_gmt":"2012-10-01T09:49:26","slug":"dos-muertos-en-el-accidente-ocurrido-este-domingo-en-el-portillo-de-bunol","status":"publish","type":"post","link":"https:\/\/www.tucomarca.com\/wordpress\/segunda\/dos-muertos-en-el-accidente-ocurrido-este-domingo-en-el-portillo-de-bunol\/","title":{"rendered":"Dos muertos en un accidente ocurrido este domingo en el viaducto del Portillo de Bu\u00f1ol"},"content":{"rendered":"<figure id=\"attachment_7599\" aria-describedby=\"caption-attachment-7599\" style=\"width: 300px\" class=\"wp-caption alignleft\"><a href=\"https:\/\/www.tucomarca.com\/wordpress\/segunda\/wp-content\/uploads\/2012\/10\/aacidenteportillo.jpg\"><img loading=\"lazy\" decoding=\"async\" class=\"size-medium wp-image-7599\" title=\"aacidenteportillo\" src=\"https:\/\/www.tucomarca.com\/wordpress\/segunda\/wp-content\/uploads\/2012\/10\/aacidenteportillo-300x138.jpg\" alt=\"El helic\u00f3ptero medicalizado en el momento de trasladar al herido desde el lugar del accidente este domingo.\" width=\"300\" height=\"138\" srcset=\"https:\/\/www.tucomarca.com\/wordpress\/segunda\/wp-content\/uploads\/2012\/10\/aacidenteportillo-300x138.jpg 300w, https:\/\/www.tucomarca.com\/wordpress\/segunda\/wp-content\/uploads\/2012\/10\/aacidenteportillo-1024x473.jpg 1024w, https:\/\/www.tucomarca.com\/wordpress\/segunda\/wp-content\/uploads\/2012\/10\/aacidenteportillo.jpg 1181w\" sizes=\"auto, (max-width: 300px) 100vw, 300px\" \/><\/a><figcaption id=\"caption-attachment-7599\" class=\"wp-caption-text\">El helic\u00f3ptero medicalizado en el momento de trasladar al herido desde el lugar del accidente este domingo.<\/figcaption><\/figure>\n<p>Un hombre de 65 a\u00f1os y un adolescente de 14 fallecieron en la tarde del domingo en un accidente de tr\u00e1fico registrado en la autov\u00eda A-3 a su paso por el t\u00e9rmino municipal de Bu\u00f1ol, seg\u00fan han informado fuentes de Tr\u00e1fico, sanitarias y del Consorcio Provincial de Bomberos.<br \/>\nEl siniestro ocurri\u00f3 poco antes de las 17,45 horas en el kil\u00f3metro 317 de la citada autov\u00eda en sentido Valencia, cuando el conductor del turismo perdi\u00f3 el control del veh\u00edculo y se sali\u00f3 por el margen derecho, concretamente en la zona de frenado de emergencia existente en la bajada del Portillo de Bu\u00f1ol, impactando contra una bionda.<br \/>\nComo consecuencia del impacto, los cinco ocupantes del turismo quedaron atrapados y fueron excarcelados por bomberos de Chiva, Requena y Paterna. El hombre de 65 a\u00f1os y el menor de 14 fallecieron en el acto, sin que los servicios sanitarios desplazados \u2014un m\u00e9dico de Bu\u00f1ol, un Soporte Vital B\u00e1sico y un SAMU\u2014 pudieran hacer nada para salvarles la vida.<br \/>\nAsimismo, una mujer de 50 a\u00f1os result\u00f3 herida con diversos traumatismos y fue trasladada por el helic\u00f3ptero medicalizado de la Generalitat al Hospital La Fe de Valencia, con pron\u00f3stico reservado. Otros dos menores que viajaban en el coche han resultado ilesos, seg\u00fan las citadas fuentes.<\/p>\n<p>&nbsp;<\/p>\n","protected":false},"excerpt":{"rendered":"<div class=\"mh-excerpt\">Un hombre de 65 a\u00f1os y un adolescente de 14 fallecieron en la tarde del domingo en un accidente de tr\u00e1fico registrado en la autov\u00eda A-3 a su paso por el t\u00e9rmino municipal de Bu\u00f1ol, <a class=\"mh-excerpt-more\" href=\"https:\/\/www.tucomarca.com\/wordpress\/segunda\/dos-muertos-en-el-accidente-ocurrido-este-domingo-en-el-portillo-de-bunol\/\" title=\"Dos muertos en un accidente ocurrido este domingo en el viaducto del Portillo de Bu\u00f1ol\">[+] <\/a><\/div>\n","protected":false},"author":2,"featured_media":7599,"comment_status":"open","ping_status":"open","sticky":false,"template":"","format":"standard","meta":{"footnotes":""},"categories":[18,8,72,10,3,116,45],"tags":[33],"class_list":{"0":"post-7576","1":"post","2":"type-post","3":"status-publish","4":"format-standard","5":"has-post-thumbnail","7":"category-bunol","8":"category-la-comarca","9":"category-sin-categorizar","10":"category-la-hoya","11":"category-seccion","12":"category-sucesos-la-comarca","13":"category-ventana","14":"tag-sucesos"},"_links":{"self":[{"href":"https:\/\/www.tucomarca.com\/wordpress\/segunda\/wp-json\/wp\/v2\/posts\/7576","targetHints":{"allow":["GET"]}}],"collection":[{"href":"https:\/\/www.tucomarca.com\/wordpress\/segunda\/wp-json\/wp\/v2\/posts"}],"about":[{"href":"https:\/\/www.tucomarca.com\/wordpress\/segunda\/wp-json\/wp\/v2\/types\/post"}],"author":[{"embeddable":true,"href":"https:\/\/www.tucomarca.com\/wordpress\/segunda\/wp-json\/wp\/v2\/users\/2"}],"replies":[{"embeddable":true,"href":"https:\/\/www.tucomarca.com\/wordpress\/segunda\/wp-json\/wp\/v2\/comments?post=7576"}],"version-history":[{"count":0,"href":"https:\/\/www.tucomarca.com\/wordpress\/segunda\/wp-json\/wp\/v2\/posts\/7576\/revisions"}],"wp:featuredmedia":[{"embeddable":true,"href":"https:\/\/www.tucomarca.com\/wordpress\/segunda\/wp-json\/wp\/v2\/media\/7599"}],"wp:attachment":[{"href":"https:\/\/www.tucomarca.com\/wordpress\/segunda\/wp-json\/wp\/v2\/media?parent=7576"}],"wp:term":[{"taxonomy":"category","embeddable":true,"href":"https:\/\/www.tucomarca.com\/wordpress\/segunda\/wp-json\/wp\/v2\/categories?post=7576"},{"taxonomy":"post_tag","embeddable":true,"href":"https:\/\/www.tucomarca.com\/wordpress\/segunda\/wp-json\/wp\/v2\/tags?post=7576"}],"curies":[{"name":"wp","href":"https:\/\/api.w.org\/{rel}","templated":true}]}}