{"id":7585,"date":"2012-10-01T11:03:03","date_gmt":"2012-10-01T09:03:03","guid":{"rendered":"http:\/\/www.tucomarca.com\/wordpress\/segunda\/?p=7585"},"modified":"2012-10-01T11:03:03","modified_gmt":"2012-10-01T09:03:03","slug":"la-pena-del-torico-de-chiva-participa-en-el-ix-congreso-de-toro-de-cuerda-de-ontinyent-que-acabo-en-tragedia","status":"publish","type":"post","link":"https:\/\/www.tucomarca.com\/wordpress\/segunda\/la-pena-del-torico-de-chiva-participa-en-el-ix-congreso-de-toro-de-cuerda-de-ontinyent-que-acabo-en-tragedia\/","title":{"rendered":"La Pe\u00f1a del Torico de Chiva participa en el IX Congreso de Toro de Cuerda de Ontinyent que acab\u00f3 en tragedia"},"content":{"rendered":"<p>La Pe\u00f1a taurina de Chiva particip\u00f3 en Ontinyent el pasado fin de semana del IX Congreso de Toro de Cuerda junto a pe\u00f1as taurinas de toda Espa\u00f1a, desde Zaragoza hasta Amposta pasando por Navarra o Ja\u00e9n y la propia Comunidad Valenciana.<br \/>\nLa cita, que transcurr\u00eda en un ambiente festivo, se ensombreci\u00f3 con el falecimiento de un hombre de 35 a\u00f1os, vecino de la localidad de Ontinyent, tras recibir una cornada mortal durante los festejos de \u00abBous en corda\u00bb . El joven fue embestido por el toro en el pulm\u00f3n derecho, lo que le caus\u00f3 una inmediata muerte.<br \/>\nSe da la circunstancia de que fue uno de los astados aportados por la pe\u00f1a de Chiva quien protagoniz\u00f3 el incidente.<\/p>\n","protected":false},"excerpt":{"rendered":"<div class=\"mh-excerpt\">La Pe\u00f1a taurina de Chiva particip\u00f3 en Ontinyent el pasado fin de semana del IX Congreso de Toro de Cuerda junto a pe\u00f1as taurinas de toda Espa\u00f1a, desde Zaragoza hasta Amposta pasando por Navarra o <a class=\"mh-excerpt-more\" href=\"https:\/\/www.tucomarca.com\/wordpress\/segunda\/la-pena-del-torico-de-chiva-participa-en-el-ix-congreso-de-toro-de-cuerda-de-ontinyent-que-acabo-en-tragedia\/\" title=\"La Pe\u00f1a del Torico de Chiva participa en el IX Congreso de Toro de Cuerda de Ontinyent que acab\u00f3 en tragedia\">[+] <\/a><\/div>\n","protected":false},"author":2,"featured_media":0,"comment_status":"open","ping_status":"open","sticky":false,"template":"","format":"standard","meta":{"footnotes":""},"categories":[16,8,10,3,116],"tags":[33],"class_list":{"0":"post-7585","1":"post","2":"type-post","3":"status-publish","4":"format-standard","6":"category-chiva","7":"category-la-comarca","8":"category-la-hoya","9":"category-seccion","10":"category-sucesos-la-comarca","11":"tag-sucesos"},"_links":{"self":[{"href":"https:\/\/www.tucomarca.com\/wordpress\/segunda\/wp-json\/wp\/v2\/posts\/7585","targetHints":{"allow":["GET"]}}],"collection":[{"href":"https:\/\/www.tucomarca.com\/wordpress\/segunda\/wp-json\/wp\/v2\/posts"}],"about":[{"href":"https:\/\/www.tucomarca.com\/wordpress\/segunda\/wp-json\/wp\/v2\/types\/post"}],"author":[{"embeddable":true,"href":"https:\/\/www.tucomarca.com\/wordpress\/segunda\/wp-json\/wp\/v2\/users\/2"}],"replies":[{"embeddable":true,"href":"https:\/\/www.tucomarca.com\/wordpress\/segunda\/wp-json\/wp\/v2\/comments?post=7585"}],"version-history":[{"count":0,"href":"https:\/\/www.tucomarca.com\/wordpress\/segunda\/wp-json\/wp\/v2\/posts\/7585\/revisions"}],"wp:attachment":[{"href":"https:\/\/www.tucomarca.com\/wordpress\/segunda\/wp-json\/wp\/v2\/media?parent=7585"}],"wp:term":[{"taxonomy":"category","embeddable":true,"href":"https:\/\/www.tucomarca.com\/wordpress\/segunda\/wp-json\/wp\/v2\/categories?post=7585"},{"taxonomy":"post_tag","embeddable":true,"href":"https:\/\/www.tucomarca.com\/wordpress\/segunda\/wp-json\/wp\/v2\/tags?post=7585"}],"curies":[{"name":"wp","href":"https:\/\/api.w.org\/{rel}","templated":true}]}}