{"id":7608,"date":"2012-10-01T11:00:16","date_gmt":"2012-10-01T09:00:16","guid":{"rendered":"http:\/\/www.tucomarca.com\/wordpress\/segunda\/?p=7608"},"modified":"2012-10-01T11:29:20","modified_gmt":"2012-10-01T09:29:20","slug":"el-patronato-provincial-de-turismo-mejora-las-infraestructuras-turisticas-de-chulilla","status":"publish","type":"post","link":"https:\/\/www.tucomarca.com\/wordpress\/segunda\/el-patronato-provincial-de-turismo-mejora-las-infraestructuras-turisticas-de-chulilla\/","title":{"rendered":"El Patronato Provincial de Turismo mejora las infraestructuras tur\u00edsticas de Chulilla"},"content":{"rendered":"<div>\n<figure id=\"attachment_7609\" aria-describedby=\"caption-attachment-7609\" style=\"width: 300px\" class=\"wp-caption alignleft\"><a href=\"https:\/\/www.tucomarca.com\/wordpress\/segunda\/wp-content\/uploads\/2012\/10\/convenioChulilla.jpg\"><img loading=\"lazy\" decoding=\"async\" class=\"size-medium wp-image-7609\" title=\"convenioChulilla\" src=\"https:\/\/www.tucomarca.com\/wordpress\/segunda\/wp-content\/uploads\/2012\/10\/convenioChulilla-300x200.jpg\" alt=\"El diputado de Turismo, Ernesto Sanju\u00e1n y el alcalde Chulilla, Enrique Silvestre.\" width=\"300\" height=\"200\" srcset=\"https:\/\/www.tucomarca.com\/wordpress\/segunda\/wp-content\/uploads\/2012\/10\/convenioChulilla-300x200.jpg 300w, https:\/\/www.tucomarca.com\/wordpress\/segunda\/wp-content\/uploads\/2012\/10\/convenioChulilla-1024x685.jpg 1024w\" sizes=\"auto, (max-width: 300px) 100vw, 300px\" \/><\/a><figcaption id=\"caption-attachment-7609\" class=\"wp-caption-text\">El diputado de Turismo, Ernesto Sanju\u00e1n y el alcalde Chulilla, Enrique Silvestre.<\/figcaption><\/figure>\n<p>El diputado de Turismo, Ernesto Sanju\u00e1n, y el alcalde de  Chulilla, Enrique Silvestre, han firmado un convenio de colaboraci\u00f3n con  el objetivo de adecuar el Paraje Natural Los Calderones.<\/p>\n<p>La colaboraci\u00f3n econ\u00f3mica de la Diputaci\u00f3n de Valencia contribuir\u00e1 a  financiar una parte de las actuaciones en el entorno del Paraje Natural  Municipal \u201cLos Calderones\u201d. Concretamente, se colaborar\u00e1 en la  adecuaci\u00f3n de las infraestructuras para el desarrollo del turismo  deportivo (escalada y senderismo) en el municipio de Chulilla, con la  recuperaci\u00f3n de v\u00edas infravaloradas y la mejora de los accesos a los  sectores de escalada.<\/p>\n<p>Ernesto Sanju\u00e1n ha dado \u00e1nimos al alcalde de Chulilla, tras sufrir un  grave incendio en su entorno natural, y ha destacado al respecto que  \u201ceste convenio permitir\u00e1 dar un respiro a este municipio y reactivar\u00e1 la  econom\u00eda de la zona\u201d.<\/p>\n<p>\u201cEste proyecto, que finalizar\u00e1 este mes de octubre, mejorar\u00e1 la  calidad tur\u00edstica de Chulilla y contribuir\u00e1 a la consolidaci\u00f3n del  municipio de Chulilla como uno de los referentes del interior de la  provincia de Valencia, en el turismo deportivo de escalada\u201d, ha a\u00f1adido  el diputado de Turismo.<\/p>\n<p>El ayuntamiento de Chulilla, con la colaboraci\u00f3n del Patronato  Provincial de Turismo, instalar\u00e1 puentes colgantes en el Ca\u00f1\u00f3n del  T\u00faria, con el objetivo de poner en valor los principales atractivos  tur\u00edsticos de la localidad.<\/p>\n<p>Enrique Silvestre ha agradecido la apuesta de la Diputaci\u00f3n de  Valencia por esta iniciativa \u201cque ser\u00e1 un emblema para Chulilla. Un  sendero de Peque\u00f1o Recorrido unir\u00e1 el pantano de Loriguilla con el  pueblo por una zona, que afortunadamente no se ha quemado\u201d.<\/p>\n<p>\u201cChulilla vive de su agricultura y de su entorno natural y ahora, que  se ha quemado el 75% de nuestra masa forestal, necesitamos, m\u00e1s que  nunca, reactivar nuestra econom\u00eda\u201d, ha a\u00f1adido el alcalde de Chulilla.<\/p>\n<\/div>\n","protected":false},"excerpt":{"rendered":"<div class=\"mh-excerpt\">El diputado de Turismo, Ernesto Sanju\u00e1n, y el alcalde de Chulilla, Enrique Silvestre, han firmado un convenio de colaboraci\u00f3n con el objetivo de adecuar el Paraje Natural Los Calderones. La colaboraci\u00f3n econ\u00f3mica de la Diputaci\u00f3n <a class=\"mh-excerpt-more\" href=\"https:\/\/www.tucomarca.com\/wordpress\/segunda\/el-patronato-provincial-de-turismo-mejora-las-infraestructuras-turisticas-de-chulilla\/\" title=\"El Patronato Provincial de Turismo mejora las infraestructuras tur\u00edsticas de Chulilla\">[+] <\/a><\/div>\n","protected":false},"author":1,"featured_media":7609,"comment_status":"open","ping_status":"open","sticky":false,"template":"","format":"standard","meta":{"footnotes":""},"categories":[169,192,8,59,117,3,45],"tags":[],"class_list":{"0":"post-7608","1":"post","2":"type-post","3":"status-publish","4":"format-standard","5":"has-post-thumbnail","7":"category-agricultura-la-comarca","8":"category-chulilla","9":"category-la-comarca","10":"category-los-serranos","11":"category-medio-ambiente-la-comarca","12":"category-seccion","13":"category-ventana"},"_links":{"self":[{"href":"https:\/\/www.tucomarca.com\/wordpress\/segunda\/wp-json\/wp\/v2\/posts\/7608","targetHints":{"allow":["GET"]}}],"collection":[{"href":"https:\/\/www.tucomarca.com\/wordpress\/segunda\/wp-json\/wp\/v2\/posts"}],"about":[{"href":"https:\/\/www.tucomarca.com\/wordpress\/segunda\/wp-json\/wp\/v2\/types\/post"}],"author":[{"embeddable":true,"href":"https:\/\/www.tucomarca.com\/wordpress\/segunda\/wp-json\/wp\/v2\/users\/1"}],"replies":[{"embeddable":true,"href":"https:\/\/www.tucomarca.com\/wordpress\/segunda\/wp-json\/wp\/v2\/comments?post=7608"}],"version-history":[{"count":0,"href":"https:\/\/www.tucomarca.com\/wordpress\/segunda\/wp-json\/wp\/v2\/posts\/7608\/revisions"}],"wp:featuredmedia":[{"embeddable":true,"href":"https:\/\/www.tucomarca.com\/wordpress\/segunda\/wp-json\/wp\/v2\/media\/7609"}],"wp:attachment":[{"href":"https:\/\/www.tucomarca.com\/wordpress\/segunda\/wp-json\/wp\/v2\/media?parent=7608"}],"wp:term":[{"taxonomy":"category","embeddable":true,"href":"https:\/\/www.tucomarca.com\/wordpress\/segunda\/wp-json\/wp\/v2\/categories?post=7608"},{"taxonomy":"post_tag","embeddable":true,"href":"https:\/\/www.tucomarca.com\/wordpress\/segunda\/wp-json\/wp\/v2\/tags?post=7608"}],"curies":[{"name":"wp","href":"https:\/\/api.w.org\/{rel}","templated":true}]}}