{"id":76272,"date":"2018-10-18T20:07:02","date_gmt":"2018-10-18T18:07:02","guid":{"rendered":"http:\/\/www.tucomarca.com\/wordpress\/segunda\/?p=76272"},"modified":"2018-10-18T20:07:02","modified_gmt":"2018-10-18T18:07:02","slug":"berenguer-insta-a-los-familiares-a-exigir-a-las-instituciones-publicas-que-sigan-avanzando-en-salud-mental","status":"publish","type":"post","link":"https:\/\/www.tucomarca.com\/wordpress\/segunda\/berenguer-insta-a-los-familiares-a-exigir-a-las-instituciones-publicas-que-sigan-avanzando-en-salud-mental\/","title":{"rendered":"Berenguer insta a los familiares a exigir a las instituciones p\u00fablicas que sigan avanzando en salud mental"},"content":{"rendered":"<figure id=\"attachment_76274\" aria-describedby=\"caption-attachment-76274\" style=\"width: 475px\" class=\"wp-caption alignleft\"><img loading=\"lazy\" decoding=\"async\" class=\" wp-image-76274\" src=\"https:\/\/www.tucomarca.com\/wordpress\/segunda\/wp-content\/uploads\/2018\/10\/Betera1.jpg\" alt=\"La diputada de Bienestar Social ha inaugurado en Ll\u00edria la jornada \u2018La salud mental desde un enfoque interdisciplinar\u2019 junto a la presidenta de la Mancomunidad Camp de T\u00faria.\" width=\"475\" height=\"318\" srcset=\"https:\/\/www.tucomarca.com\/wordpress\/segunda\/wp-content\/uploads\/2018\/10\/Betera1.jpg 3872w, https:\/\/www.tucomarca.com\/wordpress\/segunda\/wp-content\/uploads\/2018\/10\/Betera1-300x201.jpg 300w, https:\/\/www.tucomarca.com\/wordpress\/segunda\/wp-content\/uploads\/2018\/10\/Betera1-768x514.jpg 768w, https:\/\/www.tucomarca.com\/wordpress\/segunda\/wp-content\/uploads\/2018\/10\/Betera1-1024x685.jpg 1024w\" sizes=\"auto, (max-width: 475px) 100vw, 475px\" \/><figcaption id=\"caption-attachment-76274\" class=\"wp-caption-text\">La diputada de Bienestar Social ha inaugurado en Ll\u00edria la jornada \u2018La salud mental desde un enfoque interdisciplinar\u2019 junto a la presidenta de la Mancomunidad Camp de T\u00faria.<\/figcaption><\/figure>\n<p>La diputada Mercedes Berenguer ha instado a los familiares que exijan a las administraciones p\u00fablicas para que contin\u00faen avanzando en materia de salud mental. \u201cEspero que acud\u00e1is luego a la puerta de cada una de las administraciones y nos pid\u00e1is lo que entre todos consider\u00e1is que es lo mejor para avanzar en salud mental\u201d, ha pedido a los asistentes a la jornada \u2018La salud mental desde un enfoque interdisciplinar\u2019, celebrada en el Centro Multiusos de Ll\u00edria.<\/p>\n<p>As\u00ed se ha expresado Berenguer este mi\u00e9rcoles en el acto de presentaci\u00f3n de la jornada, acompa\u00f1ada por Mar\u00eda Dolores Celda, presidenta de la Mancomunidad Camp de T\u00faria, administraci\u00f3n organizadora del evento, el cual nace con el objetivo de promover una reflexi\u00f3n compartida en materia de salud mental para seguir avanzando hacia una mejora de los recursos y servicios de apoyo que favorezcan el bienestar y desarrollo personal.<\/p>\n<p>Tras la intervenci\u00f3n inaugural de la diputada y la presidenta de la mancomunidad, se han realizado dos ponencias y una mesa redonda. En la primera, la profesora de la Universitat de Val\u00e9ncia, Piedad Sahuquillo, ha presentado un estudio de necesidades respecto a recursos y servicios en salud mental y discapacidad intelectual en la comarca del Camp de T\u00faria.<\/p>\n<p>En la segunda, la directora del departamento de Bienestar Social y Sanidad de la Mancomunidad Camp de T\u00faria, Esther Ciscar, ha hablado sobre el programa de Rehabilitaci\u00f3n Psicosocial para personas con enfermedad mental. En la mesa redonda moderada por la trabajadora social del \u00e1rea de Salud Mental de Ll\u00edria, Rosana Fuset, han participado familiares de enfermos mentales de Paterna, l\u00b4Eliana y San Antonio de Benag\u00e9ber integrados en la Asociaci\u00f3n AFEMPES, la Unidad de Salud Mental de Burjassot, la asociaci\u00f3n Albero Artesanos de Aldaia y la vivienda tutelada VIURE de la Pobla de Vallbona.<\/p>\n<p><strong>Integraci\u00f3n de los pacientes<\/strong><\/p>\n<p>La pol\u00edtica de salud mental de la Diputaci\u00f3 se centra en la calidad asistencial y la integraci\u00f3n de los pacientes en la sociedad. Desde el inicio de la legislatura, el \u00e1rea que dirige Mercedes Berenguer traz\u00f3 una hoja de ruta para coordinar esta asistencia sanitaria junto a la Generalitat, con el objetivo de acabar integrando los servicios que se prestan en B\u00e9tera en la red auton\u00f3mica, tras las reuniones de trabajo que se han ido produciendo con las consellerias de Sanidad y Pol\u00edticas Inclusivas.<\/p>\n<p>En el \u00faltimo pleno de la corporaci\u00f3n se aprob\u00f3 la renovaci\u00f3n de la cesi\u00f3n de dos pabellones del complejo de B\u00e9tera a la Generalitat, as\u00ed como la cesi\u00f3n de un tercer pabell\u00f3n para seguir reforzando esa atenci\u00f3n sociosanitaria en el complejo ubicado en el Camp de Turia. Ambas instituciones pretenden reordenar competencias y evitar duplicidades, situando a las personas como eje de la gesti\u00f3n y utilizando los recursos p\u00fablicos de forma m\u00e1s eficaz.<\/p>\n","protected":false},"excerpt":{"rendered":"<div class=\"mh-excerpt\">La diputada Mercedes Berenguer ha instado a los familiares que exijan a las administraciones p\u00fablicas para que contin\u00faen avanzando en materia de salud mental. \u201cEspero que acud\u00e1is luego a la puerta de cada una de <a class=\"mh-excerpt-more\" href=\"https:\/\/www.tucomarca.com\/wordpress\/segunda\/berenguer-insta-a-los-familiares-a-exigir-a-las-instituciones-publicas-que-sigan-avanzando-en-salud-mental\/\" title=\"Berenguer insta a los familiares a exigir a las instituciones p\u00fablicas que sigan avanzando en salud mental\">[+] <\/a><\/div>\n","protected":false},"author":1,"featured_media":76274,"comment_status":"open","ping_status":"open","sticky":false,"template":"","format":"standard","meta":{"footnotes":""},"categories":[51,46,119,128,8,47,142,183,3],"tags":[10395],"class_list":{"0":"post-76272","1":"post","2":"type-post","3":"status-publish","4":"format-standard","5":"has-post-thumbnail","7":"category-betera","8":"category-camp-de-turia","9":"category-sanidad-la-comarca","10":"category-infraestructuras","11":"category-la-comarca","12":"category-lliria","13":"category-politica-la-comarca","14":"category-san-antonio-de-benageber","15":"category-seccion","16":"tag-camp-de-turia"},"_links":{"self":[{"href":"https:\/\/www.tucomarca.com\/wordpress\/segunda\/wp-json\/wp\/v2\/posts\/76272","targetHints":{"allow":["GET"]}}],"collection":[{"href":"https:\/\/www.tucomarca.com\/wordpress\/segunda\/wp-json\/wp\/v2\/posts"}],"about":[{"href":"https:\/\/www.tucomarca.com\/wordpress\/segunda\/wp-json\/wp\/v2\/types\/post"}],"author":[{"embeddable":true,"href":"https:\/\/www.tucomarca.com\/wordpress\/segunda\/wp-json\/wp\/v2\/users\/1"}],"replies":[{"embeddable":true,"href":"https:\/\/www.tucomarca.com\/wordpress\/segunda\/wp-json\/wp\/v2\/comments?post=76272"}],"version-history":[{"count":0,"href":"https:\/\/www.tucomarca.com\/wordpress\/segunda\/wp-json\/wp\/v2\/posts\/76272\/revisions"}],"wp:featuredmedia":[{"embeddable":true,"href":"https:\/\/www.tucomarca.com\/wordpress\/segunda\/wp-json\/wp\/v2\/media\/76274"}],"wp:attachment":[{"href":"https:\/\/www.tucomarca.com\/wordpress\/segunda\/wp-json\/wp\/v2\/media?parent=76272"}],"wp:term":[{"taxonomy":"category","embeddable":true,"href":"https:\/\/www.tucomarca.com\/wordpress\/segunda\/wp-json\/wp\/v2\/categories?post=76272"},{"taxonomy":"post_tag","embeddable":true,"href":"https:\/\/www.tucomarca.com\/wordpress\/segunda\/wp-json\/wp\/v2\/tags?post=76272"}],"curies":[{"name":"wp","href":"https:\/\/api.w.org\/{rel}","templated":true}]}}