{"id":76299,"date":"2018-10-18T21:04:27","date_gmt":"2018-10-18T19:04:27","guid":{"rendered":"http:\/\/www.tucomarca.com\/wordpress\/segunda\/?p=76299"},"modified":"2018-10-18T21:04:27","modified_gmt":"2018-10-18T19:04:27","slug":"el-pp-exige-a-gaspar-que-depure-responsabilidades-por-el-uso-privado-del-taller-del-parque-movil-por-parte-de-bort","status":"publish","type":"post","link":"https:\/\/www.tucomarca.com\/wordpress\/segunda\/el-pp-exige-a-gaspar-que-depure-responsabilidades-por-el-uso-privado-del-taller-del-parque-movil-por-parte-de-bort\/","title":{"rendered":"El PP exige a Gaspar que depure \u00abresponsabilidades por el uso privado del taller del parque m\u00f3vil por parte de Bort\u00bb"},"content":{"rendered":"<figure id=\"attachment_70677\" aria-describedby=\"caption-attachment-70677\" style=\"width: 490px\" class=\"wp-caption alignleft\"><img loading=\"lazy\" decoding=\"async\" class=\" wp-image-70677\" src=\"https:\/\/www.tucomarca.com\/wordpress\/segunda\/wp-content\/uploads\/2018\/07\/Contelles.jpg\" alt=\"Contelles defiende el mantenimiento de la actual estructura de bases para brigadas forestales e incluso ampliarla en enclaves estrat\u00e9gicos.\" width=\"490\" height=\"276\" srcset=\"https:\/\/www.tucomarca.com\/wordpress\/segunda\/wp-content\/uploads\/2018\/07\/Contelles.jpg 1679w, https:\/\/www.tucomarca.com\/wordpress\/segunda\/wp-content\/uploads\/2018\/07\/Contelles-300x169.jpg 300w, https:\/\/www.tucomarca.com\/wordpress\/segunda\/wp-content\/uploads\/2018\/07\/Contelles-768x432.jpg 768w, https:\/\/www.tucomarca.com\/wordpress\/segunda\/wp-content\/uploads\/2018\/07\/Contelles-1024x576.jpg 1024w\" sizes=\"auto, (max-width: 490px) 100vw, 490px\" \/><figcaption id=\"caption-attachment-70677\" class=\"wp-caption-text\">La diputada Mari Carmen Contelles.<\/figcaption><\/figure>\n<p>Mari Carmen Contelles, portavoz del Grupo Popular de la Diputaci\u00f3n de Valencia, ha reclamado al presidente de la corporaci\u00f3n provincial, Toni Gaspar, que \u201ctome cartas en el asunto y exija las explicaciones oportunas al diputado de Comprom\u00eds, Josep Bort, tras la publicaci\u00f3n de la utilizaci\u00f3n del taller del parque m\u00f3vil de la Diputaci\u00f3n para reparar su veh\u00edculo particular\u201d.<\/p>\n<p>Para la portavoz popular, \u201cComprom\u00eds nos vuelve a demostrar que confunden los medios p\u00fablicos de la Diputaci\u00f3n con sus intereses privados. Esperamos que el diputado de medio ambiente, rinda cuentas p\u00fablicamente de cu\u00e1ntas veces ha utilizado el taller del parque m\u00f3vil y explique el uso privado que presuntamente realiza de las instalaciones provinciales\u201d<\/p>\n<p>\u201c\u00c9sta es la coherencia de Comprom\u00eds, mientras llevan tres a\u00f1os pregonando el cierre de la Diputaci\u00f3n, utilizan los medios p\u00fablicos para sus intereses particulares\u201d ha destacado Contelles.<\/p>\n<p>Seg\u00fan la portavoz, \u201cComprom\u00eds tiene tambi\u00e9n la oportunidad de aplicarse a s\u00ed mismos la ejemplaridad y contundencia que siempre reclaman a los dem\u00e1s y pedir responsabilidades pol\u00edticas a su compa\u00f1ero por el uso de las instalaciones p\u00fablicas para reparar su veh\u00edculo particular\u201d.<\/p>\n<p>\u201cLamentablemente, despu\u00e9s de comprobar su completa inacci\u00f3n ante la imputaci\u00f3n de su portavoz en la diputaci\u00f3n, Xavier Rius, por los presuntos delitos de prevaricaci\u00f3n, falsedad documental, malversaci\u00f3n y tr\u00e1fico de influencias en la contrataci\u00f3n de actores-mimos en la exposici\u00f3n permanente del MUVIM, los valencianos no pueden esperar nada de la formaci\u00f3n nacionalista\u201d, ha subrayado Contelles<\/p>\n<p>\u201cLos poco m\u00e1s de tres a\u00f1os de gobierno de la coalici\u00f3n de izquierdas en la Diputaci\u00f3n de Valencia se han visto salpicados ya por m\u00faltiples esc\u00e1ndalos, la detenci\u00f3n del expresidente socialista Jorge Rodr\u00edguez y cinco cargos m\u00e1s en la Operaci\u00f3n Alquer\u00eda y la imputaci\u00f3n del portavoz de Comprom\u00eds, Xavier Rius. No se trata de casos aislados, es la demostraci\u00f3n de que el Bot\u00e0nic tiene m\u00e1s sombras que luces\u201d, ha concluido Contelles.<\/p>\n","protected":false},"excerpt":{"rendered":"<div class=\"mh-excerpt\">Mari Carmen Contelles, portavoz del Grupo Popular de la Diputaci\u00f3n de Valencia, ha reclamado al presidente de la corporaci\u00f3n provincial, Toni Gaspar, que \u201ctome cartas en el asunto y exija las explicaciones oportunas al diputado <a class=\"mh-excerpt-more\" href=\"https:\/\/www.tucomarca.com\/wordpress\/segunda\/el-pp-exige-a-gaspar-que-depure-responsabilidades-por-el-uso-privado-del-taller-del-parque-movil-por-parte-de-bort\/\" title=\"El PP exige a Gaspar que depure \u00abresponsabilidades por el uso privado del taller del parque m\u00f3vil por parte de Bort\u00bb\">[+] <\/a><\/div>\n","protected":false},"author":1,"featured_media":70677,"comment_status":"open","ping_status":"open","sticky":false,"template":"","format":"standard","meta":{"footnotes":""},"categories":[46,128,8,174,142,3],"tags":[204],"class_list":{"0":"post-76299","1":"post","2":"type-post","3":"status-publish","4":"format-standard","5":"has-post-thumbnail","7":"category-camp-de-turia","8":"category-infraestructuras","9":"category-la-comarca","10":"category-la-pobla","11":"category-politica-la-comarca","12":"category-seccion","13":"tag-diputacion"},"_links":{"self":[{"href":"https:\/\/www.tucomarca.com\/wordpress\/segunda\/wp-json\/wp\/v2\/posts\/76299","targetHints":{"allow":["GET"]}}],"collection":[{"href":"https:\/\/www.tucomarca.com\/wordpress\/segunda\/wp-json\/wp\/v2\/posts"}],"about":[{"href":"https:\/\/www.tucomarca.com\/wordpress\/segunda\/wp-json\/wp\/v2\/types\/post"}],"author":[{"embeddable":true,"href":"https:\/\/www.tucomarca.com\/wordpress\/segunda\/wp-json\/wp\/v2\/users\/1"}],"replies":[{"embeddable":true,"href":"https:\/\/www.tucomarca.com\/wordpress\/segunda\/wp-json\/wp\/v2\/comments?post=76299"}],"version-history":[{"count":0,"href":"https:\/\/www.tucomarca.com\/wordpress\/segunda\/wp-json\/wp\/v2\/posts\/76299\/revisions"}],"wp:featuredmedia":[{"embeddable":true,"href":"https:\/\/www.tucomarca.com\/wordpress\/segunda\/wp-json\/wp\/v2\/media\/70677"}],"wp:attachment":[{"href":"https:\/\/www.tucomarca.com\/wordpress\/segunda\/wp-json\/wp\/v2\/media?parent=76299"}],"wp:term":[{"taxonomy":"category","embeddable":true,"href":"https:\/\/www.tucomarca.com\/wordpress\/segunda\/wp-json\/wp\/v2\/categories?post=76299"},{"taxonomy":"post_tag","embeddable":true,"href":"https:\/\/www.tucomarca.com\/wordpress\/segunda\/wp-json\/wp\/v2\/tags?post=76299"}],"curies":[{"name":"wp","href":"https:\/\/api.w.org\/{rel}","templated":true}]}}