{"id":7632,"date":"2012-10-01T19:05:53","date_gmt":"2012-10-01T17:05:53","guid":{"rendered":"http:\/\/www.tucomarca.com\/wordpress\/segunda\/?p=7632"},"modified":"2012-10-01T19:05:55","modified_gmt":"2012-10-01T17:05:55","slug":"josep-valero-se-convierte-en-el-primer-conseller-nacional-del-bloc-en-representacion-de-siete-aguas-y-de-la-hoya-de-bunol-chiva","status":"publish","type":"post","link":"https:\/\/www.tucomarca.com\/wordpress\/segunda\/josep-valero-se-convierte-en-el-primer-conseller-nacional-del-bloc-en-representacion-de-siete-aguas-y-de-la-hoya-de-bunol-chiva\/","title":{"rendered":"Josep Valero se convierte en el primer conseller nacional del BLOC en representaci\u00f3n de Siete Aguas y de la Hoya de Bu\u00f1ol-Chiva"},"content":{"rendered":"<p><figure id=\"attachment_7639\" aria-describedby=\"caption-attachment-7639\" style=\"width: 300px\" class=\"wp-caption alignleft\"><a href=\"https:\/\/www.tucomarca.com\/wordpress\/segunda\/?attachment_id=7639\" rel=\"attachment wp-att-7639\"><img loading=\"lazy\" decoding=\"async\" src=\"https:\/\/www.tucomarca.com\/wordpress\/segunda\/wp-content\/uploads\/2012\/10\/la-foto-5-300x300.jpg\" alt=\"\" title=\"la foto (5)\" width=\"300\" height=\"300\" class=\"size-medium wp-image-7639\" srcset=\"https:\/\/www.tucomarca.com\/wordpress\/segunda\/wp-content\/uploads\/2012\/10\/la-foto-5-300x300.jpg 300w, https:\/\/www.tucomarca.com\/wordpress\/segunda\/wp-content\/uploads\/2012\/10\/la-foto-5-290x290.jpg 290w, https:\/\/www.tucomarca.com\/wordpress\/segunda\/wp-content\/uploads\/2012\/10\/la-foto-5-1024x1024.jpg 1024w, https:\/\/www.tucomarca.com\/wordpress\/segunda\/wp-content\/uploads\/2012\/10\/la-foto-5-50x50.jpg 50w, https:\/\/www.tucomarca.com\/wordpress\/segunda\/wp-content\/uploads\/2012\/10\/la-foto-5.jpg 1498w\" sizes=\"auto, (max-width: 300px) 100vw, 300px\" \/><\/a><figcaption id=\"caption-attachment-7639\" class=\"wp-caption-text\">Joan Baldov\u00ed (izda) junto a Josep Valero (dcha). tc.c<\/figcaption><\/figure>El Secretario Local del BLOC-Comprom\u00eds por Siete Aguas, Josep Valero se convirti\u00f3 este pasado domingo en el primer conseller nacional de la historia del partido en representaci\u00f3n de la Hoya de Bu\u00f1ol-Chiva y de las comarcas castellanohablantes del interior valenciano.<br \/>\nPara Valero, este es \u201cun paso importante y necesario para el valencianismo pol\u00edtico y para los habitantes de la Hoya de Bu\u00f1ol-Chiva, Utiel-Requena o los Serranos, ya que lo importante es el trabajo que estamos desarrollando para saber escuchar los problemas diarios de nuestra gente y poderlos transformar en propuestas claras y atrevidas para conseguir un horizonte de vida digna en nuestros pueblos\u201d. Tambi\u00e9n asegur\u00f3 que \u201ctrabajar\u00e1 junto a todos los compa\u00f1eros y compa\u00f1eras del BLOC y de los dem\u00e1s partidos que integran Comprom\u00eds para seguir expandiendo el proyecto de valencianismo progresista y de construcci\u00f3n en todos los pueblos del interior valenciano, sin que la lengua sea una barrera para este proyecto nacional de defensa de nuestros intereses y de nuestra identidad\u201d.<br \/>\nLa ponencia de innovaci\u00f3n organizativa del BLOC aprobada en este congreso presenta como uno de los retos claves de los pr\u00f3ximos a\u00f1os \u201cmejorar y ampliar nuestra implantaci\u00f3n y presencia en las comarcas castellanohablantes y\/o predominantemente castellanohablantes\u201d.<br \/>\n El BLOC-Comprom\u00eds por Siete Aguas inform\u00f3 ayer que era necesario hacer visible una voz contundente que hiciera ver a nuestros conciudadanos y conciudadanas que nos preocupan problemas como el abandono de nuestros montes, la falta de inversi\u00f3n para la mejora en nuestras v\u00edas de comunicaci\u00f3n como el tren o la autov\u00eda, la poca inversi\u00f3n en turismo rural sostenible y de calidad por parte de la Generalitat, la falta de competitividad de nuestros productos agr\u00edcolas y ganaderos, la recuperaci\u00f3n y promoci\u00f3n de nuestro vasto patrimonio hist\u00f3rico, art\u00edstico, natural e inmaterial, la falta de futuro para nuestros j\u00f3venes o la falta de promoci\u00f3n de nuestros vinos y productos de elaboraci\u00f3n artesana.<br \/>\nJosep Vicent Valero tambi\u00e9n anunci\u00f3 que una de las primeras acciones ser\u00e1 la redacci\u00f3n de enmiendas a los Presupuestos Generales del Estado para este 2013 en los que Comprom\u00eds, a trav\u00e9s de su diputado en Cortes, Joan Baldov\u00ed, defender\u00e1 un paquete de inversiones para nuestros pueblos y comarcas.<\/p>\n","protected":false},"excerpt":{"rendered":"<div class=\"mh-excerpt\">El Secretario Local del BLOC-Comprom\u00eds por Siete Aguas, Josep Valero se convirti\u00f3 este pasado domingo en el primer conseller nacional de la historia del partido en representaci\u00f3n de la Hoya de Bu\u00f1ol-Chiva y de las <a class=\"mh-excerpt-more\" href=\"https:\/\/www.tucomarca.com\/wordpress\/segunda\/josep-valero-se-convierte-en-el-primer-conseller-nacional-del-bloc-en-representacion-de-siete-aguas-y-de-la-hoya-de-bunol-chiva\/\" title=\"Josep Valero se convierte en el primer conseller nacional del BLOC en representaci\u00f3n de Siete Aguas y de la Hoya de Bu\u00f1ol-Chiva\">[+] <\/a><\/div>\n","protected":false},"author":2,"featured_media":7639,"comment_status":"open","ping_status":"open","sticky":false,"template":"","format":"standard","meta":{"footnotes":""},"categories":[8,10,142,3,12],"tags":[32],"class_list":{"0":"post-7632","1":"post","2":"type-post","3":"status-publish","4":"format-standard","5":"has-post-thumbnail","7":"category-la-comarca","8":"category-la-hoya","9":"category-politica-la-comarca","10":"category-seccion","11":"category-siete-aguas","12":"tag-politica"},"_links":{"self":[{"href":"https:\/\/www.tucomarca.com\/wordpress\/segunda\/wp-json\/wp\/v2\/posts\/7632","targetHints":{"allow":["GET"]}}],"collection":[{"href":"https:\/\/www.tucomarca.com\/wordpress\/segunda\/wp-json\/wp\/v2\/posts"}],"about":[{"href":"https:\/\/www.tucomarca.com\/wordpress\/segunda\/wp-json\/wp\/v2\/types\/post"}],"author":[{"embeddable":true,"href":"https:\/\/www.tucomarca.com\/wordpress\/segunda\/wp-json\/wp\/v2\/users\/2"}],"replies":[{"embeddable":true,"href":"https:\/\/www.tucomarca.com\/wordpress\/segunda\/wp-json\/wp\/v2\/comments?post=7632"}],"version-history":[{"count":0,"href":"https:\/\/www.tucomarca.com\/wordpress\/segunda\/wp-json\/wp\/v2\/posts\/7632\/revisions"}],"wp:featuredmedia":[{"embeddable":true,"href":"https:\/\/www.tucomarca.com\/wordpress\/segunda\/wp-json\/wp\/v2\/media\/7639"}],"wp:attachment":[{"href":"https:\/\/www.tucomarca.com\/wordpress\/segunda\/wp-json\/wp\/v2\/media?parent=7632"}],"wp:term":[{"taxonomy":"category","embeddable":true,"href":"https:\/\/www.tucomarca.com\/wordpress\/segunda\/wp-json\/wp\/v2\/categories?post=7632"},{"taxonomy":"post_tag","embeddable":true,"href":"https:\/\/www.tucomarca.com\/wordpress\/segunda\/wp-json\/wp\/v2\/tags?post=7632"}],"curies":[{"name":"wp","href":"https:\/\/api.w.org\/{rel}","templated":true}]}}