{"id":7635,"date":"2012-10-01T18:05:17","date_gmt":"2012-10-01T16:05:17","guid":{"rendered":"http:\/\/www.tucomarca.com\/wordpress\/segunda\/?p=7635"},"modified":"2012-10-01T18:05:17","modified_gmt":"2012-10-01T16:05:17","slug":"un-licenciado-en-paro-empieza-a-trabajar-en-el-ayuntamiento-de-ayora","status":"publish","type":"post","link":"https:\/\/www.tucomarca.com\/wordpress\/segunda\/un-licenciado-en-paro-empieza-a-trabajar-en-el-ayuntamiento-de-ayora\/","title":{"rendered":"Un licenciado en paro empieza a trabajar en el Ayuntamiento de Ayora"},"content":{"rendered":"<p>Ayora se ha acogido al programa de la Diputaci\u00f3n de Valencia que  ofrece a 168 j\u00f3venes licenciados en paro la posibilidad de poder  trabajar en los ayuntamientos durante tres meses.<\/p>\n<p>Este proyecto cuenta con un presupuesto de 252.000 euros y se  desarrolla en colaboraci\u00f3n con el Institut Valenci\u00e0 de la Joventut  (IVAJ), lo que ha permitido convocar un total de 168 becas para 81  municipios de la provincia.<\/p>\n<p>Concretamente, un diplomado desempleado del Valle de Ayora participa en este programa de ayudas a la formaci\u00f3n.<\/p>\n<p><strong>Caracter\u00edsticas<\/strong><\/p>\n<p>La duraci\u00f3n m\u00e1xima de las ayudas es de tres meses y deben abarcar  necesariamente los meses de septiembre, octubre y noviembre. No  obstante, los municipios pueden adjudicar las becas por plazo inferior  y, en su caso renovarlas, siempre que no superen el plazo de tres meses y  siempre que la duraci\u00f3n m\u00ednima sea de un mes. Cada estudiante recibe  una renumeraci\u00f3n de 500 euros al mes.<\/p>\n<p>Han podido optar a las becas los j\u00f3venes de aquellas localidades que  cuentan con un Centro de Informaci\u00f3n Juvenil (CIJ) homologado o una  Oficina Comarcal del IVAJ.GVA Jove, a los que la Diputaci\u00f3n concede la  subvenci\u00f3n destinada a financiar las becas correspondientes.<\/p>\n<p>Se ha concedido una beca por cada municipio menor de 15.000  habitantes; dos becas en cada poblaci\u00f3n de entre 15.001 y 30.000  habitantes; y tres becas en las localidades de m\u00e1s de 30.000 habitantes.<\/p>\n<p>No obstante, la entidad local solicitante ha tenido la oportunidad de  presentar hasta dos proyectos dinamizadores para un eventual aumento  del n\u00famero de becas. Por su parte, la Diputaci\u00f3n se ha reservado el  derecho de ampliar el n\u00famero de becas asignado inicialmente en aquellos  casos en los que se ha producido un n\u00famero elevado de solicitudes y se  haya presentado un segundo proyecto declarado id\u00f3neo.<\/p>\n","protected":false},"excerpt":{"rendered":"<div class=\"mh-excerpt\">Ayora se ha acogido al programa de la Diputaci\u00f3n de Valencia que ofrece a 168 j\u00f3venes licenciados en paro la posibilidad de poder trabajar en los ayuntamientos durante tres meses. Este proyecto cuenta con un <a class=\"mh-excerpt-more\" href=\"https:\/\/www.tucomarca.com\/wordpress\/segunda\/un-licenciado-en-paro-empieza-a-trabajar-en-el-ayuntamiento-de-ayora\/\" title=\"Un licenciado en paro empieza a trabajar en el Ayuntamiento de Ayora\">[+] <\/a><\/div>\n","protected":false},"author":1,"featured_media":0,"comment_status":"open","ping_status":"open","sticky":false,"template":"","format":"standard","meta":{"footnotes":""},"categories":[39,38,8,3],"tags":[],"class_list":{"0":"post-7635","1":"post","2":"type-post","3":"status-publish","4":"format-standard","6":"category-ayora","7":"category-ayora-cofrentes","8":"category-la-comarca","9":"category-seccion"},"_links":{"self":[{"href":"https:\/\/www.tucomarca.com\/wordpress\/segunda\/wp-json\/wp\/v2\/posts\/7635","targetHints":{"allow":["GET"]}}],"collection":[{"href":"https:\/\/www.tucomarca.com\/wordpress\/segunda\/wp-json\/wp\/v2\/posts"}],"about":[{"href":"https:\/\/www.tucomarca.com\/wordpress\/segunda\/wp-json\/wp\/v2\/types\/post"}],"author":[{"embeddable":true,"href":"https:\/\/www.tucomarca.com\/wordpress\/segunda\/wp-json\/wp\/v2\/users\/1"}],"replies":[{"embeddable":true,"href":"https:\/\/www.tucomarca.com\/wordpress\/segunda\/wp-json\/wp\/v2\/comments?post=7635"}],"version-history":[{"count":0,"href":"https:\/\/www.tucomarca.com\/wordpress\/segunda\/wp-json\/wp\/v2\/posts\/7635\/revisions"}],"wp:attachment":[{"href":"https:\/\/www.tucomarca.com\/wordpress\/segunda\/wp-json\/wp\/v2\/media?parent=7635"}],"wp:term":[{"taxonomy":"category","embeddable":true,"href":"https:\/\/www.tucomarca.com\/wordpress\/segunda\/wp-json\/wp\/v2\/categories?post=7635"},{"taxonomy":"post_tag","embeddable":true,"href":"https:\/\/www.tucomarca.com\/wordpress\/segunda\/wp-json\/wp\/v2\/tags?post=7635"}],"curies":[{"name":"wp","href":"https:\/\/api.w.org\/{rel}","templated":true}]}}