{"id":7638,"date":"2012-10-01T19:06:23","date_gmt":"2012-10-01T17:06:23","guid":{"rendered":"http:\/\/www.tucomarca.com\/wordpress\/segunda\/?p=7638"},"modified":"2012-10-01T19:06:23","modified_gmt":"2012-10-01T17:06:23","slug":"el-alcalde-de-sot-de-chera-se-reune-con-el-secretario-autonomico-de-autonomia-personal-y-dependencia-joaquin-martinez","status":"publish","type":"post","link":"https:\/\/www.tucomarca.com\/wordpress\/segunda\/el-alcalde-de-sot-de-chera-se-reune-con-el-secretario-autonomico-de-autonomia-personal-y-dependencia-joaquin-martinez\/","title":{"rendered":"El alcalde de Sot de Chera se re\u00fane con el secretario auton\u00f3mico de Autonom\u00eda Personal y Dependencia, Joaqu\u00edn Mart\u00ednez"},"content":{"rendered":"<figure id=\"attachment_7642\" aria-describedby=\"caption-attachment-7642\" style=\"width: 300px\" class=\"wp-caption alignleft\"><a href=\"https:\/\/www.tucomarca.com\/wordpress\/segunda\/wp-content\/uploads\/2012\/10\/SotChera.jpg\"><img loading=\"lazy\" decoding=\"async\" class=\"size-medium wp-image-7642\" title=\"SotChera\" src=\"https:\/\/www.tucomarca.com\/wordpress\/segunda\/wp-content\/uploads\/2012\/10\/SotChera-300x225.jpg\" alt=\"Se han tratado aspectos relacionados con las pol\u00edticas y los servicios sociosantarios de la localidad.\" width=\"300\" height=\"225\" srcset=\"https:\/\/www.tucomarca.com\/wordpress\/segunda\/wp-content\/uploads\/2012\/10\/SotChera-300x225.jpg 300w, https:\/\/www.tucomarca.com\/wordpress\/segunda\/wp-content\/uploads\/2012\/10\/SotChera-1024x768.jpg 1024w, https:\/\/www.tucomarca.com\/wordpress\/segunda\/wp-content\/uploads\/2012\/10\/SotChera.jpg 1600w\" sizes=\"auto, (max-width: 300px) 100vw, 300px\" \/><\/a><figcaption id=\"caption-attachment-7642\" class=\"wp-caption-text\">Se han tratado aspectos relacionados con las pol\u00edticas y los servicios sociosantarios de la localidad.<\/figcaption><\/figure>\n<p>El secretario auton\u00f3mico de Autonom\u00eda Personal y Dependencia, Joaqu\u00edn  Mart\u00ednez, se ha reunido con el alcalde de Sot de Chera, J. Rafael  Rodrigo, para planificar el trabajo conjunto y la colaboraci\u00f3n de la  Conselleria de Justicia y Bienestar Social con el ayuntamiento de la  localidad.<\/p>\n<p>Asimismo, durante el encuentro se han tratado aspectos   relacionados con las pol\u00edticas y los servicios sociosantarios de Sot de  Chera.<\/p>\n","protected":false},"excerpt":{"rendered":"<div class=\"mh-excerpt\">El secretario auton\u00f3mico de Autonom\u00eda Personal y Dependencia, Joaqu\u00edn Mart\u00ednez, se ha reunido con el alcalde de Sot de Chera, J. Rafael Rodrigo, para planificar el trabajo conjunto y la colaboraci\u00f3n de la Conselleria de <a class=\"mh-excerpt-more\" href=\"https:\/\/www.tucomarca.com\/wordpress\/segunda\/el-alcalde-de-sot-de-chera-se-reune-con-el-secretario-autonomico-de-autonomia-personal-y-dependencia-joaquin-martinez\/\" title=\"El alcalde de Sot de Chera se re\u00fane con el secretario auton\u00f3mico de Autonom\u00eda Personal y Dependencia, Joaqu\u00edn Mart\u00ednez\">[+] <\/a><\/div>\n","protected":false},"author":1,"featured_media":7642,"comment_status":"open","ping_status":"open","sticky":false,"template":"","format":"standard","meta":{"footnotes":""},"categories":[128,8,59,3,197],"tags":[],"class_list":{"0":"post-7638","1":"post","2":"type-post","3":"status-publish","4":"format-standard","5":"has-post-thumbnail","7":"category-infraestructuras","8":"category-la-comarca","9":"category-los-serranos","10":"category-seccion","11":"category-sot-de-chera"},"_links":{"self":[{"href":"https:\/\/www.tucomarca.com\/wordpress\/segunda\/wp-json\/wp\/v2\/posts\/7638","targetHints":{"allow":["GET"]}}],"collection":[{"href":"https:\/\/www.tucomarca.com\/wordpress\/segunda\/wp-json\/wp\/v2\/posts"}],"about":[{"href":"https:\/\/www.tucomarca.com\/wordpress\/segunda\/wp-json\/wp\/v2\/types\/post"}],"author":[{"embeddable":true,"href":"https:\/\/www.tucomarca.com\/wordpress\/segunda\/wp-json\/wp\/v2\/users\/1"}],"replies":[{"embeddable":true,"href":"https:\/\/www.tucomarca.com\/wordpress\/segunda\/wp-json\/wp\/v2\/comments?post=7638"}],"version-history":[{"count":0,"href":"https:\/\/www.tucomarca.com\/wordpress\/segunda\/wp-json\/wp\/v2\/posts\/7638\/revisions"}],"wp:featuredmedia":[{"embeddable":true,"href":"https:\/\/www.tucomarca.com\/wordpress\/segunda\/wp-json\/wp\/v2\/media\/7642"}],"wp:attachment":[{"href":"https:\/\/www.tucomarca.com\/wordpress\/segunda\/wp-json\/wp\/v2\/media?parent=7638"}],"wp:term":[{"taxonomy":"category","embeddable":true,"href":"https:\/\/www.tucomarca.com\/wordpress\/segunda\/wp-json\/wp\/v2\/categories?post=7638"},{"taxonomy":"post_tag","embeddable":true,"href":"https:\/\/www.tucomarca.com\/wordpress\/segunda\/wp-json\/wp\/v2\/tags?post=7638"}],"curies":[{"name":"wp","href":"https:\/\/api.w.org\/{rel}","templated":true}]}}