{"id":7643,"date":"2012-10-01T19:36:33","date_gmt":"2012-10-01T17:36:33","guid":{"rendered":"http:\/\/www.tucomarca.com\/wordpress\/segunda\/?p=7643"},"modified":"2012-10-03T13:36:49","modified_gmt":"2012-10-03T11:36:49","slug":"el-comite-comarcal-del-partido-comunista-en-la-hoya-invita-a-participar-en-el-homenaje-a-la-guerrilla-en-santa-cruz-de-moya","status":"publish","type":"post","link":"https:\/\/www.tucomarca.com\/wordpress\/segunda\/el-comite-comarcal-del-partido-comunista-en-la-hoya-invita-a-participar-en-el-homenaje-a-la-guerrilla-en-santa-cruz-de-moya\/","title":{"rendered":"El comit\u00e9 comarcal del Partido Comunista en La Hoya invita a participar en el homenaje a la guerrilla en Santa Cruz de Moya"},"content":{"rendered":"<p>Al igual que en a\u00f1os anteriores, el primer domingo de cada mes de octubre acontece en Santa Cruz de Moya el acto de homenaje a la Guerrilla Antifranquista, unas jornadas que duran varios d\u00edas pero el homenaje central de las jornadas se realiza el Domingo primero de cada mes de Octubre.<\/p>\n<p>Desde el comit\u00e9 comarcal del Partido Comunista del Pa\u00eds Valenci\u00e0 (PCPV) se ha enviado una misiva a sus afines con el objetivo de poder organizar un viaje a Santa Cruz de Moya para asistir al acto de homenaje a la guerrilla.<\/p>\n<p>\u00abDeciros que tenemos la intenci\u00f3n de hacer de esta fecha una fecha a se\u00f1alar en el calendario y organizar todos los a\u00f1os una salida a Santa Cruz de Moya, porque pensamos que adem\u00e1s de los problemas que nos acechan a la clase trabajadora consecuencia de la pol\u00edtica antisocial de los diferentes gobiernos y estar muy pendientes de solucionarlos, consideramos tambi\u00e9n de vital importancia mantener viva la memoria de aquellas personas que un d\u00eda lucharon e incluso dieron su vida por la justicia social, la igualdad y la libertad, a ellos nos debemos pues como comunistas. En principio la idea es poder montar un peque\u00f1o autob\u00fas en funci\u00f3n de la gente que se apunte y si no fuera posible saldr\u00edamos en coches particulares. La salida ser\u00eda el domingo 7 de octubre de 2012 por la ma\u00f1ana y la vuelta por la tarde ambas horas por determinar\u00bb, han explicado fuentes del PCPV.<\/p>\n<p>Los tel\u00e9fonos facilitados por la organizaci\u00f3n para apuntarse son el 665285834 y el 629104563.<\/p>\n","protected":false},"excerpt":{"rendered":"<div class=\"mh-excerpt\">Al igual que en a\u00f1os anteriores, el primer domingo de cada mes de octubre acontece en Santa Cruz de Moya el acto de homenaje a la Guerrilla Antifranquista, unas jornadas que duran varios d\u00edas pero <a class=\"mh-excerpt-more\" href=\"https:\/\/www.tucomarca.com\/wordpress\/segunda\/el-comite-comarcal-del-partido-comunista-en-la-hoya-invita-a-participar-en-el-homenaje-a-la-guerrilla-en-santa-cruz-de-moya\/\" title=\"El comit\u00e9 comarcal del Partido Comunista en La Hoya invita a participar en el homenaje a la guerrilla en Santa Cruz de Moya\">[+] <\/a><\/div>\n","protected":false},"author":2,"featured_media":0,"comment_status":"open","ping_status":"open","sticky":false,"template":"","format":"standard","meta":{"footnotes":""},"categories":[18,8,10,142,3],"tags":[32],"class_list":{"0":"post-7643","1":"post","2":"type-post","3":"status-publish","4":"format-standard","6":"category-bunol","7":"category-la-comarca","8":"category-la-hoya","9":"category-politica-la-comarca","10":"category-seccion","11":"tag-politica"},"_links":{"self":[{"href":"https:\/\/www.tucomarca.com\/wordpress\/segunda\/wp-json\/wp\/v2\/posts\/7643","targetHints":{"allow":["GET"]}}],"collection":[{"href":"https:\/\/www.tucomarca.com\/wordpress\/segunda\/wp-json\/wp\/v2\/posts"}],"about":[{"href":"https:\/\/www.tucomarca.com\/wordpress\/segunda\/wp-json\/wp\/v2\/types\/post"}],"author":[{"embeddable":true,"href":"https:\/\/www.tucomarca.com\/wordpress\/segunda\/wp-json\/wp\/v2\/users\/2"}],"replies":[{"embeddable":true,"href":"https:\/\/www.tucomarca.com\/wordpress\/segunda\/wp-json\/wp\/v2\/comments?post=7643"}],"version-history":[{"count":0,"href":"https:\/\/www.tucomarca.com\/wordpress\/segunda\/wp-json\/wp\/v2\/posts\/7643\/revisions"}],"wp:attachment":[{"href":"https:\/\/www.tucomarca.com\/wordpress\/segunda\/wp-json\/wp\/v2\/media?parent=7643"}],"wp:term":[{"taxonomy":"category","embeddable":true,"href":"https:\/\/www.tucomarca.com\/wordpress\/segunda\/wp-json\/wp\/v2\/categories?post=7643"},{"taxonomy":"post_tag","embeddable":true,"href":"https:\/\/www.tucomarca.com\/wordpress\/segunda\/wp-json\/wp\/v2\/tags?post=7643"}],"curies":[{"name":"wp","href":"https:\/\/api.w.org\/{rel}","templated":true}]}}