{"id":7646,"date":"2012-10-01T18:55:43","date_gmt":"2012-10-01T16:55:43","guid":{"rendered":"http:\/\/www.tucomarca.com\/wordpress\/segunda\/?p=7646"},"modified":"2012-10-01T19:28:08","modified_gmt":"2012-10-01T17:28:08","slug":"mas-de-600-atletas-participan-en-la-media-maraton-en-la-que-la-organizacion-limito-el-numero-de-participantes-para-su-perfecto-desarrollo","status":"publish","type":"post","link":"https:\/\/www.tucomarca.com\/wordpress\/segunda\/mas-de-600-atletas-participan-en-la-media-maraton-en-la-que-la-organizacion-limito-el-numero-de-participantes-para-su-perfecto-desarrollo\/","title":{"rendered":"M\u00e1s de 600 atletas participan en la media marat\u00f3n en la que la organizaci\u00f3n limit\u00f3 el n\u00famero de participantes para su perfecto desarrollo"},"content":{"rendered":"<p>M\u00e1s de 600 atletas profesionales y amateurs se concentraron este fin de semana en Cheste para participar de la XVI Media Marat\u00f3n de Cheste, V Gran Premio Reymos que organiza el Ayuntamiento a trav\u00e9s de su Concejal\u00eda de Deportes.<\/p>\n<p>Lu\u00eds F\u00e9lix Mart\u00ednez se ha hecho nuevamente con el primer puesto de esta carrera con un crono de 1.15\u00b434\u00b4\u00b4 seguido por Pascual Menero con 1.15\u00b436\u00b4\u00b4 y en tercer lugar por Alfonso Franco Mart\u00ednez apenas un segundo m\u00e1s tarde.<\/p>\n<p>Los 21 KM chestanos se desarrollaron sin incidentes siendo la nota dominante la cuesta del Pol\u00edgono Pino Blay, la que m\u00e1s acusaron al principio de la prueba los corredores. El resto del recorrido, tanto por casco urbano como por t\u00e9rmino municipal pudo realizarse con una temperatura que acompa\u00f1\u00f3 a los atletas sin precipitaciones hasta su final y que les ayud\u00f3 junto a puestos de avituallamiento a superar esta media.<\/p>\n<p>La organizaci\u00f3n hab\u00eda limitado en esta edici\u00f3n del 2012 las inscripciones a 600, cifra a la que se lleg\u00f3 una semana antes al comienzo de la prueba. Como ha apuntado el Concejal de Deportes, Francisco Fortea \u201cpara el a\u00f1o que viene intentaremos aumentar en unos centenares el n\u00famero de participantes, lo haremos de forma progresiva para que no afecte en lo m\u00e1s m\u00ednimo a la buena organizaci\u00f3n y para que el atleta siga siendo en Cheste la prioridad\u201d.<\/p>\n<p>En categor\u00eda femenina se impuso Lorena Ortiz con un tiempo de 1h 30\u00b417\u00b4\u00b4, seguida por Laura Alabau y por Mari Carmen Jim\u00e9nez.<br \/>\nDe menci\u00f3n por todos los atletas fue la bolsa del corredor que constaba entre otros muchos detalles de camiseta t\u00e9cnica, sobre de jam\u00f3n loncheado, botella de Reymos y productos de belleza.<\/p>\n","protected":false},"excerpt":{"rendered":"<div class=\"mh-excerpt\">M\u00e1s de 600 atletas profesionales y amateurs se concentraron este fin de semana en Cheste para participar de la XVI Media Marat\u00f3n de Cheste, V Gran Premio Reymos que organiza el Ayuntamiento a trav\u00e9s de <a class=\"mh-excerpt-more\" href=\"https:\/\/www.tucomarca.com\/wordpress\/segunda\/mas-de-600-atletas-participan-en-la-media-maraton-en-la-que-la-organizacion-limito-el-numero-de-participantes-para-su-perfecto-desarrollo\/\" title=\"M\u00e1s de 600 atletas participan en la media marat\u00f3n en la que la organizaci\u00f3n limit\u00f3 el n\u00famero de participantes para su perfecto desarrollo\">[+] <\/a><\/div>\n","protected":false},"author":1,"featured_media":7648,"comment_status":"open","ping_status":"open","sticky":false,"template":"","format":"standard","meta":{"footnotes":""},"categories":[98,17,6,10,3,45],"tags":[],"class_list":{"0":"post-7646","1":"post","2":"type-post","3":"status-publish","4":"format-standard","5":"has-post-thumbnail","7":"category-atletismo","8":"category-cheste","9":"category-deportes","10":"category-la-hoya","11":"category-seccion","12":"category-ventana"},"_links":{"self":[{"href":"https:\/\/www.tucomarca.com\/wordpress\/segunda\/wp-json\/wp\/v2\/posts\/7646","targetHints":{"allow":["GET"]}}],"collection":[{"href":"https:\/\/www.tucomarca.com\/wordpress\/segunda\/wp-json\/wp\/v2\/posts"}],"about":[{"href":"https:\/\/www.tucomarca.com\/wordpress\/segunda\/wp-json\/wp\/v2\/types\/post"}],"author":[{"embeddable":true,"href":"https:\/\/www.tucomarca.com\/wordpress\/segunda\/wp-json\/wp\/v2\/users\/1"}],"replies":[{"embeddable":true,"href":"https:\/\/www.tucomarca.com\/wordpress\/segunda\/wp-json\/wp\/v2\/comments?post=7646"}],"version-history":[{"count":0,"href":"https:\/\/www.tucomarca.com\/wordpress\/segunda\/wp-json\/wp\/v2\/posts\/7646\/revisions"}],"wp:featuredmedia":[{"embeddable":true,"href":"https:\/\/www.tucomarca.com\/wordpress\/segunda\/wp-json\/wp\/v2\/media\/7648"}],"wp:attachment":[{"href":"https:\/\/www.tucomarca.com\/wordpress\/segunda\/wp-json\/wp\/v2\/media?parent=7646"}],"wp:term":[{"taxonomy":"category","embeddable":true,"href":"https:\/\/www.tucomarca.com\/wordpress\/segunda\/wp-json\/wp\/v2\/categories?post=7646"},{"taxonomy":"post_tag","embeddable":true,"href":"https:\/\/www.tucomarca.com\/wordpress\/segunda\/wp-json\/wp\/v2\/tags?post=7646"}],"curies":[{"name":"wp","href":"https:\/\/api.w.org\/{rel}","templated":true}]}}