{"id":76516,"date":"2018-10-24T10:56:32","date_gmt":"2018-10-24T08:56:32","guid":{"rendered":"http:\/\/www.tucomarca.com\/wordpress\/segunda\/?p=76516"},"modified":"2018-10-24T10:56:32","modified_gmt":"2018-10-24T08:56:32","slug":"cheste-pone-a-punto-el-dispositivo-de-seguridad-para-el-gran-premio-de-motociclismo-2018","status":"publish","type":"post","link":"https:\/\/www.tucomarca.com\/wordpress\/segunda\/cheste-pone-a-punto-el-dispositivo-de-seguridad-para-el-gran-premio-de-motociclismo-2018\/","title":{"rendered":"Cheste pone a punto el dispositivo de seguridad para el Gran Premio de Motociclismo 2018"},"content":{"rendered":"<figure id=\"attachment_76517\" aria-describedby=\"caption-attachment-76517\" style=\"width: 325px\" class=\"wp-caption alignleft\"><img loading=\"lazy\" decoding=\"async\" class=\" wp-image-76517\" src=\"https:\/\/www.tucomarca.com\/wordpress\/segunda\/wp-content\/uploads\/2018\/10\/2JuntaSeguridad.jpg\" alt=\"Representantes de todos los dispositivos implicados en garantizar la seguridad durante los d\u00edas en los que se celebrar\u00e1 el Gran Premio de Motociclismo.\" width=\"325\" height=\"217\" srcset=\"https:\/\/www.tucomarca.com\/wordpress\/segunda\/wp-content\/uploads\/2018\/10\/2JuntaSeguridad.jpg 5472w, https:\/\/www.tucomarca.com\/wordpress\/segunda\/wp-content\/uploads\/2018\/10\/2JuntaSeguridad-300x200.jpg 300w, https:\/\/www.tucomarca.com\/wordpress\/segunda\/wp-content\/uploads\/2018\/10\/2JuntaSeguridad-768x512.jpg 768w, https:\/\/www.tucomarca.com\/wordpress\/segunda\/wp-content\/uploads\/2018\/10\/2JuntaSeguridad-1024x683.jpg 1024w\" sizes=\"auto, (max-width: 325px) 100vw, 325px\" \/><figcaption id=\"caption-attachment-76517\" class=\"wp-caption-text\">Junta de seguridad durante para el Gran Premio de Motociclismo 2018.<\/figcaption><\/figure>\n<p><b>Como novedad, el Ayuntamiento de Cheste contar\u00e1 con un dron para realizar labores de vigilancia con la finalidad de mejorar la seguridad ciudadana<\/b><\/p>\n<p>El alcalde de Cheste, Jos\u00e9 Morell, y la concejala de Fiestas, Carmen Delgado, han recibido a los\u00a0representantes de todos los dispositivos implicados en garantizar la seguridad durante los d\u00edas en los que se celebrar\u00e1 el Gran Premio de Motociclismo, los pr\u00f3ximos 16, 17 y 18 de noviembre.<\/p>\n<p>A la reuni\u00f3n asistieron el subdelegado del Gobierno en la Comunidad Valenciana, Jos\u00e9 Roberto Gonz\u00e1lez Cachorro; la jefa provincial de tr\u00e1fico, Pilar Funez Asensio; el director general del Circuito de la Comunidad Valenciana Ricardo Tormo, Gonzalo Gobert; el jefe provincial de la Agencia de Seguridad y Respuesta a las Emergencias de la Presidencia de la Generalitat, C\u00e9sar Ochoa Carrillo; la jefa de planificaci\u00f3n, Merc\u00e9 Trull\u00e9n Gas y el inspector de la unidad de CNP, Luis Mart\u00ednez Curto. Adem\u00e1s, han participado en esta junta el inspector jefe de la Polic\u00eda Local de Cheste, Daniel Gallardo, y representantes de la Jefatura Provincial de Tr\u00e1fico, la Guardia Civil, la Polic\u00eda Nacional, Protecci\u00f3n Civil, del Centro de Salud de Cheste y de <i>Renfe<\/i>.<\/p>\n<p>\u201cUn a\u00f1o m\u00e1s efectuamos esta reuni\u00f3n para planificar y estructurar la seguridad de cara a los d\u00edas en los que se celebre el Gran Premio de Motociclismo, partiendo de la valoraci\u00f3n de a\u00f1os anteriores y contando con esa experiencia pasada\u201d, explicaba Morell al inicio de la reuni\u00f3n. \u201cEste a\u00f1o, tendremos que tener en cuenta que habr\u00e1n tres calles en obras: Doctor Zamenhoff, Manuel de Falla y La Virgen y estar\u00e1n en marcha las obras del Parque Empresarial Circuito de Cheste. Por lo dem\u00e1s, en principio tendremos un dispositivo similar al del a\u00f1o pasado, con la novedad de que este a\u00f1o el Ayuntamiento de Cheste contar\u00e1 con un dron para realizar labores de vigilancia, con la finalidad de mejorar la seguridad ciudadana en estos d\u00edas de tanta afluencia de gente\u201d.<\/p>\n<p>El dron que ha adquirido el Ayuntamiento es de peque\u00f1o tama\u00f1o, de menos de 1 kg de masa m\u00e1xima al despegue, dotado de una tecnolog\u00eda puntera que aporta una gran seguridad operacional, con un riesgo muy bajo, y provisto de una c\u00e1mara con zoom \u00f3ptico. \u201cSe utilizar\u00e1 en la zona perimetral exterior de la poblaci\u00f3n, especialmente para intensificar la vigilancia en los aparcamientos de los pol\u00edgonos Castilla y Pino Blay y en la zona de acampada, y estar\u00e1 dirigido por la Polic\u00eda Local de Cheste, que ha sido debidamente formada\u201d, explicaba el inspector jefe de la Polic\u00eda Local de Cheste.<\/p>\n<p>Con respecto a este tema, Guardia Civil de Tr\u00e1fico hizo hincapi\u00e9 en que \u201cdebe haber buena coordinaci\u00f3n, porque bajo ning\u00fan concepto puede haber un dron si hay un helic\u00f3ptero trabajando en la zona\u201d.<\/p>\n<p>\u201cCon la experiencia de varios a\u00f1os est\u00e1 todo bien controlado, pero tambi\u00e9n el Puesto de Mando Avanzado debe permitir cierta flexibilidad para tomar decisiones en el momento oportuno y que tanto la Polic\u00eda Local como la Guardia Civil de Tr\u00e1fico trabajen de forma coordinada\u201d, a\u00f1ad\u00eda el subdelegado del Gobierno.<\/p>\n<p>Por su parte, Guardia Civil ha hecho la petici\u00f3n de cortar por completo el tr\u00e1fico en la Avenida Castilla, una de las calles de m\u00e1s afluencia de gente y que hace vulnerable la seguridad con la presencia de veh\u00edculos. \u201cEl Ayuntamiento intenta que la gente no se concentre en esa zona ofreciendo espect\u00e1culos en otras calles; pero es en esa zona donde est\u00e1n la mayor\u00eda de los locales y es donde los moteros quieren estar y quieren tener su moto con ellos\u201d, explicaba la concejala de Fiestas, Carmen Delgado.<\/p>\n<p>\u201cEs necesario reducir esa circulaci\u00f3n de motos que va pasando por medio de la gente; cuando la calle ya est\u00e1 llena de motos no tiene sentido cortarla\u201d, argumentaba el subdelegado. \u201cEl dispositivo de cierre de la avenida Castilla podr\u00eda comenzar este a\u00f1o al menos un par de horas antes de lo habitual para intentar reducir este peligro\u201d.<\/p>\n<p>Finalmente la junta de seguridad ha acordado restringir el paso de veh\u00edculos a partir de las 17 horas, una hora antes que el a\u00f1o pasado.<\/p>\n<p><b>Medidas antiterroristas<\/b><\/p>\n<p>Al igual que en la pasada edici\u00f3n, se mantendr\u00e1n las medidas antiterroristas. Se colocar\u00e1n barreras de hormig\u00f3n de tipo <i>New Jersey<\/i> en ambos extremos de la avenida Castilla, desde las 17 hasta las 6 horas, los d\u00edas 16 y 17 de noviembre. \u201cDel mismo modo se montar\u00e1 un dispositivo de seguridad para evitar la circulaci\u00f3n de turismos y motocicletas en la calle Chiva\u201d, apuntaba Gallardo. As\u00ed, tal y como ha explicado el inspector jefe de la Polic\u00eda Local, se proceder\u00e1 a la colocaci\u00f3n de bloques de hormig\u00f3n en la calle Chiva y se colocar\u00e1 vallado alto con base de hormig\u00f3n en las calles secundarias que dan acceso a la zona de puestos de venta ambulante.<\/p>\n<p><b>Colaboraci\u00f3n de Protecci\u00f3n Civil<\/b><\/p>\n<p>Como viene siendo habitual, el Ayuntamiento de Cheste ha solicitado la colaboraci\u00f3n de la Asociaci\u00f3n de Agrupaciones de Voluntarios de Protecci\u00f3n Civil de la Comunidad Valenciana, que aportar\u00e1 un total de 130 efectivos de distintos puntos de toda la geograf\u00eda espa\u00f1ola, 8 ambulancias de Soporte Vital B\u00e1sico, 2 de Soporte Vital Avanzado, 18 Veh\u00edculos de Intervenci\u00f3n R\u00e1pida, 2 veh\u00edculos log\u00edsticos y una auto bomba ligera.<\/p>\n<p>Adem\u00e1s del servicio de patrullas a pie y con veh\u00edculos en el extrarradio, a petici\u00f3n de la Jefatura de Polic\u00eda Local de Cheste, voluntarios y voluntarias de Protecci\u00f3n Civil prestar\u00e1n apoyo en los cortes realizados con barreras de hormig\u00f3n cerrando el paso con sus veh\u00edculos para que puedan ser retirado para el acceso de cualquier veh\u00edculo de emergencia, en caso necesario.<\/p>\n<p><b>V\u00edas de acceso<\/b><\/p>\n<p>Durante las jornadas del 16 y 17 de noviembre, a partir de las 17 horas aproximadamente se proceder\u00e1 a restringir el acceso a los turismos y motocicletas en el itinerario principal, dejando as\u00ed la CV-378 solo de acceso a servicios sanitarios, de urgencia y emergencia, fuerzas y cuerpos de seguridad y personal que acredite que accede por motivos de trabajo o residencia. El s\u00e1bado este horario de corte al tr\u00e1fico puede variar en funci\u00f3n de las necesidades del momento.<\/p>\n<p>Adem\u00e1s, se ha recomendado a la poblaci\u00f3n que tenga que entrar o salir del municipio que lo haga utilizando la CV- 50. Como en otras ediciones, la Guardia Civil comprobar\u00e1 el DNI de las personas que intenten entrar a la localidad cuando el acceso est\u00e9 saturado para determinar si se les permite el paso.<\/p>\n<p>El Ayuntamiento de Cheste, al igual que en la pasada edici\u00f3n, dispondr\u00e1 de un servicio de 4 gr\u00faas los d\u00edas 16, 17 y 18 de noviembre, aumentando su actividad durante las horas nocturnas. Todos los veh\u00edculos inmovilizados, retirados, as\u00ed como el material requisado, ser\u00e1n depositados en las dependencias de la Jefatura de Polic\u00eda Local.<\/p>\n<p>Con respecto a los itinerarios de emergencias, se ha recordado la importancia de que esos viales se encuentren libres de circulaci\u00f3n para que los veh\u00edculos de emergencias puedan desplazarse con mayor rapidez a atender las posibles urgencias que se produzcan, as\u00ed como realizar los traslados necesarios.<\/p>\n<p><b>Zonas de acampada y venta<\/b><\/p>\n<p>Como novedad, este a\u00f1o la apertura de la zona de acampada en la arboleda del polideportivo municipal Mat\u00edas Morell se adelanta al jueves 15 de noviembre. Esta zona, con una extensi\u00f3n de 20.000 metros cuadrados y unas 2.500 plazas de acampada, dispone de servicios de duchas, ba\u00f1o y parking. La gesti\u00f3n de la zona de acampada se lleva a cabo por la UTE, compuesta por asociaciones del municipio.<\/p>\n<p>El Ayuntamiento ha establecido tambi\u00e9n una zona de camping con caravanas frente al polideportivo municipal, con una capacidad para cerca de 100 autocaravanas.<\/p>\n<p>En cuanto a los puntos de venta de alimentaci\u00f3n y bebidas, el Ayuntamiento solo autorizar\u00e1 la venta a los locales establecidos en la poblaci\u00f3n, prohibiendo la venta ambulante de comida y bebida. Los puestos de venta ambulante de productos moteros, abalorios y artesan\u00eda tendr\u00e1n una zona habilitada en las calles Federico Garc\u00eda Lorca, Blasco Ib\u00e1\u00f1ez, Chiva y Avenida Vicente Navarro.<\/p>\n<p><b>Comunicaci\u00f3n y transporte<\/b><\/p>\n<p>Como en a\u00f1os anteriores, estar\u00e1 habilitado un servicio de autob\u00fas lanzadera con capacidad para 150 personas los d\u00edas 16 y 17 de noviembre, con la finalidad de evitar atascos y descongestionar de veh\u00edculos el municipio. La frecuencia de las paradas ser\u00e1 de 20 a 30 minutos aproximadamente en ambos sentidos y habr\u00e1 servicio nocturno el viernes hasta las 4 horas y el s\u00e1bado hasta las 5 horas, con paradas en la rotonda del circuito, en el pol\u00edgono industrial Castilla (frente al Complejo Educativo Cheste) y en la plaza II Rep\u00fablica de Cheste.<\/p>\n<p>Respecto a la comunicaci\u00f3n en tren, desde <i>Renfe<\/i> han informado que se ampl\u00edan los servicios de viernes a domingo y tanto las estaciones como los trenes contar\u00e1n con dispositivos de seguridad, aunque han solicitado apoyo a Protecci\u00f3n Civil, sobre todo en la jornada del domingo, cuando la afluencia de gente es mayor.<\/p>\n","protected":false},"excerpt":{"rendered":"<div class=\"mh-excerpt\">Como novedad, el Ayuntamiento de Cheste contar\u00e1 con un dron para realizar labores de vigilancia con la finalidad de mejorar la seguridad ciudadana El alcalde de Cheste, Jos\u00e9 Morell, y la concejala de Fiestas, Carmen <a class=\"mh-excerpt-more\" href=\"https:\/\/www.tucomarca.com\/wordpress\/segunda\/cheste-pone-a-punto-el-dispositivo-de-seguridad-para-el-gran-premio-de-motociclismo-2018\/\" title=\"Cheste pone a punto el dispositivo de seguridad para el Gran Premio de Motociclismo 2018\">[+] <\/a><\/div>\n","protected":false},"author":2,"featured_media":76517,"comment_status":"open","ping_status":"open","sticky":false,"template":"","format":"standard","meta":{"footnotes":""},"categories":[17,6,72,10,91,10698,3,45],"tags":[10470,11277,5952],"class_list":{"0":"post-76516","1":"post","2":"type-post","3":"status-publish","4":"format-standard","5":"has-post-thumbnail","7":"category-cheste","8":"category-deportes","9":"category-sin-categorizar","10":"category-la-hoya","11":"category-motociclismo","12":"category-premsavalenciana","13":"category-seccion","14":"category-ventana","15":"tag-ayuntamiento-de-cheste","16":"tag-gran-premio-de-motociclismo-de-cheste-2018","17":"tag-la-hoya-de-bunol-chiva"},"_links":{"self":[{"href":"https:\/\/www.tucomarca.com\/wordpress\/segunda\/wp-json\/wp\/v2\/posts\/76516","targetHints":{"allow":["GET"]}}],"collection":[{"href":"https:\/\/www.tucomarca.com\/wordpress\/segunda\/wp-json\/wp\/v2\/posts"}],"about":[{"href":"https:\/\/www.tucomarca.com\/wordpress\/segunda\/wp-json\/wp\/v2\/types\/post"}],"author":[{"embeddable":true,"href":"https:\/\/www.tucomarca.com\/wordpress\/segunda\/wp-json\/wp\/v2\/users\/2"}],"replies":[{"embeddable":true,"href":"https:\/\/www.tucomarca.com\/wordpress\/segunda\/wp-json\/wp\/v2\/comments?post=76516"}],"version-history":[{"count":0,"href":"https:\/\/www.tucomarca.com\/wordpress\/segunda\/wp-json\/wp\/v2\/posts\/76516\/revisions"}],"wp:featuredmedia":[{"embeddable":true,"href":"https:\/\/www.tucomarca.com\/wordpress\/segunda\/wp-json\/wp\/v2\/media\/76517"}],"wp:attachment":[{"href":"https:\/\/www.tucomarca.com\/wordpress\/segunda\/wp-json\/wp\/v2\/media?parent=76516"}],"wp:term":[{"taxonomy":"category","embeddable":true,"href":"https:\/\/www.tucomarca.com\/wordpress\/segunda\/wp-json\/wp\/v2\/categories?post=76516"},{"taxonomy":"post_tag","embeddable":true,"href":"https:\/\/www.tucomarca.com\/wordpress\/segunda\/wp-json\/wp\/v2\/tags?post=76516"}],"curies":[{"name":"wp","href":"https:\/\/api.w.org\/{rel}","templated":true}]}}