{"id":76546,"date":"2018-10-24T21:17:26","date_gmt":"2018-10-24T19:17:26","guid":{"rendered":"http:\/\/www.tucomarca.com\/wordpress\/segunda\/?p=76546"},"modified":"2018-10-24T21:17:26","modified_gmt":"2018-10-24T19:17:26","slug":"el-pp-de-san-antonio-de-benageber-mantiene-que-la-eleccion-de-andrea-peiro-como-candidata-a-la-alcaldia-no-es-valida","status":"publish","type":"post","link":"https:\/\/www.tucomarca.com\/wordpress\/segunda\/el-pp-de-san-antonio-de-benageber-mantiene-que-la-eleccion-de-andrea-peiro-como-candidata-a-la-alcaldia-no-es-valida\/","title":{"rendered":"El PP de San Antonio de Benag\u00e9ber mantiene que la elecci\u00f3n de Andrea Peir\u00f3 como candidata a la alcald\u00eda \u00abno es v\u00e1lida\u00bb"},"content":{"rendered":"<div class=\"\">\n<figure id=\"attachment_76547\" aria-describedby=\"caption-attachment-76547\" style=\"width: 247px\" class=\"wp-caption alignleft\"><img loading=\"lazy\" decoding=\"async\" class=\" wp-image-76547\" src=\"https:\/\/www.tucomarca.com\/wordpress\/segunda\/wp-content\/uploads\/2018\/10\/andrea_peiro_PP.jpg\" alt=\"Andrea Peir\u00f3.\" width=\"247\" height=\"209\" srcset=\"https:\/\/www.tucomarca.com\/wordpress\/segunda\/wp-content\/uploads\/2018\/10\/andrea_peiro_PP.jpg 674w, https:\/\/www.tucomarca.com\/wordpress\/segunda\/wp-content\/uploads\/2018\/10\/andrea_peiro_PP-300x253.jpg 300w\" sizes=\"auto, (max-width: 247px) 100vw, 247px\" \/><figcaption id=\"caption-attachment-76547\" class=\"wp-caption-text\">Andrea Peir\u00f3.<\/figcaption><\/figure>\n<p>\u00abEl nombramiento de Andrea Peir\u00f3 como candidata a la alcald\u00eda en los comicios municipales de 2019 por parte del PP de San Antonio de Benag\u00e9ber\u00a0no es oficial y el comit\u00e9 electoral local que la eligi\u00f3 no es v\u00e1lido. As\u00ed lo ha confirmado hoy el nuevo presidente de la gestora del PP de la provincia de Val\u00e8ncia, Juan Ram\u00f3n Adsuara, que ha enmendado as\u00ed el anuncio realizado por parte de la agrupaci\u00f3n local y que\u00a0reafirmaba ayer mismo su secretario general, \u00c1ngel Osuna, pese a las cr\u00edticas recibidas\u00a0por algunos afiliados acerca de su legalidad\u00bb, tal como han asegurado fuentes de la formaci\u00f3n en la localidad.<\/p>\n<p>Adsuara ha explicado que la gestora que preside, \u00abque acaba de aterrizar en la direcci\u00f3n provincial del partido,\u00a0todav\u00eda no ha aprobado un calendario para la creaci\u00f3n de los comit\u00e9s electorales locales, por lo tanto el que se reuni\u00f3 el pasado viernes para la elecci\u00f3n de Peir\u00f3 en San Antonio de Benag\u00e9ber no es v\u00e1lido\u00bb, seg\u00fan los populares.<\/p>\n<p>\u00abAs\u00ed, el nuevo presidente de la gestora provincial del partido ha anunciado que espera que en la pr\u00f3xima semana se apruebe un calendario para estos comit\u00e9s, que son los encargados de escoger al candidato a la alcald\u00eda para sus municipios y que luego refrendar\u00e1 la direcci\u00f3n provincial. Esperamos tener antes del puente de la Constituci\u00f3n ya un buen n\u00famero de candidatos, como ha avanzado\u00a0Adsuara\u00bb, han finalizado desde el PP.<\/p>\n<div class=\"\" dir=\"ltr\"><\/div>\n<\/div>\n<div class=\"\"><\/div>\n","protected":false},"excerpt":{"rendered":"<div class=\"mh-excerpt\">\u00abEl nombramiento de Andrea Peir\u00f3 como candidata a la alcald\u00eda en los comicios municipales de 2019 por parte del PP de San Antonio de Benag\u00e9ber\u00a0no es oficial y el comit\u00e9 electoral local que la eligi\u00f3 <a class=\"mh-excerpt-more\" href=\"https:\/\/www.tucomarca.com\/wordpress\/segunda\/el-pp-de-san-antonio-de-benageber-mantiene-que-la-eleccion-de-andrea-peiro-como-candidata-a-la-alcaldia-no-es-valida\/\" title=\"El PP de San Antonio de Benag\u00e9ber mantiene que la elecci\u00f3n de Andrea Peir\u00f3 como candidata a la alcald\u00eda \u00abno es v\u00e1lida\u00bb\">[+] <\/a><\/div>\n","protected":false},"author":2,"featured_media":76547,"comment_status":"open","ping_status":"open","sticky":false,"template":"","format":"standard","meta":{"footnotes":""},"categories":[46,142,183,3],"tags":[63],"class_list":{"0":"post-76546","1":"post","2":"type-post","3":"status-publish","4":"format-standard","5":"has-post-thumbnail","7":"category-camp-de-turia","8":"category-politica-la-comarca","9":"category-san-antonio-de-benageber","10":"category-seccion","11":"tag-pp"},"_links":{"self":[{"href":"https:\/\/www.tucomarca.com\/wordpress\/segunda\/wp-json\/wp\/v2\/posts\/76546","targetHints":{"allow":["GET"]}}],"collection":[{"href":"https:\/\/www.tucomarca.com\/wordpress\/segunda\/wp-json\/wp\/v2\/posts"}],"about":[{"href":"https:\/\/www.tucomarca.com\/wordpress\/segunda\/wp-json\/wp\/v2\/types\/post"}],"author":[{"embeddable":true,"href":"https:\/\/www.tucomarca.com\/wordpress\/segunda\/wp-json\/wp\/v2\/users\/2"}],"replies":[{"embeddable":true,"href":"https:\/\/www.tucomarca.com\/wordpress\/segunda\/wp-json\/wp\/v2\/comments?post=76546"}],"version-history":[{"count":0,"href":"https:\/\/www.tucomarca.com\/wordpress\/segunda\/wp-json\/wp\/v2\/posts\/76546\/revisions"}],"wp:featuredmedia":[{"embeddable":true,"href":"https:\/\/www.tucomarca.com\/wordpress\/segunda\/wp-json\/wp\/v2\/media\/76547"}],"wp:attachment":[{"href":"https:\/\/www.tucomarca.com\/wordpress\/segunda\/wp-json\/wp\/v2\/media?parent=76546"}],"wp:term":[{"taxonomy":"category","embeddable":true,"href":"https:\/\/www.tucomarca.com\/wordpress\/segunda\/wp-json\/wp\/v2\/categories?post=76546"},{"taxonomy":"post_tag","embeddable":true,"href":"https:\/\/www.tucomarca.com\/wordpress\/segunda\/wp-json\/wp\/v2\/tags?post=76546"}],"curies":[{"name":"wp","href":"https:\/\/api.w.org\/{rel}","templated":true}]}}